{"id":308806,"date":"2024-09-21T13:30:31","date_gmt":"2024-09-21T10:30:31","guid":{"rendered":"https:\/\/sana.sy\/tr\/?p=308806"},"modified":"2024-09-22T09:21:19","modified_gmt":"2024-09-22T06:21:19","slug":"aksa-tufani-operasyonu-bugunun-en-one-cikan-gelismeleri-258","status":"publish","type":"post","link":"https:\/\/archive.sana.sy\/tr\/?p=308806","title":{"rendered":"Aksa Tufan\u0131 Operasyonu\u2026 Bug\u00fcn\u00fcn En \u00d6ne \u00c7\u0131kan Geli\u015fmeleri"},"content":{"rendered":"<p style=\"text-align: justify;\"><strong>\u0130\u015eGAL ED\u0130LEN KUD\u00dcS (SANA) \u2013<\/strong>\u00a0Filistin direni\u015finin i\u015fgalci \u0130srail\u2019in sald\u0131rganl\u0131\u011f\u0131na yan\u0131t olarak ge\u00e7en 7 Ekim\u2019de ba\u015flatt\u0131\u011f\u0131 Aksa Tufan\u0131 Operasyonu\u2019nda \u00f6ne \u00e7\u0131kan geli\u015fmeler:<\/p>\n<ul>\n<li>Filistin medyas\u0131: \u0130srail&#8217;in Gazze \u015fehrinin g\u00fcneyindeki Al-Sabra mahallesini bombalamas\u0131 sonucu 1 \u015fehit ve 15 yaral\u0131.<\/li>\n<li>Filistin direni\u015fi, Gazze \u015eeridi&#8217;nin g\u00fcneyindeki Refah \u015fehrinin El Tanur mahallesinin do\u011fusundaki \u0130srail d\u00fc\u015fman askeri buldozerini &#8220;Yasin 105&#8221; mermisiyle hedef ald\u0131.<\/li>\n<li><a href=\"https:\/\/www.sana.sy\/tr\/?p=308817\">\u0130\u015fgalin Gazze&#8217;deki yeni katliam\u0131nda 22 \u015fehit.<\/a><\/li>\n<li>Filistin medyas\u0131: \u0130\u015fgalci \u0130srail&#8217;in Gazze \u015fehrinin g\u00fcneyindeki El Zaytun mahallesinde yerinden edilmi\u015f ki\u015filerin ya\u015fad\u0131\u011f\u0131 bir okulun bombalanmas\u0131 sonucu ger\u00e7ekle\u015ftirdi\u011fi katliamda \u00f6lenlerin say\u0131s\u0131 22&#8217;ye y\u00fckseldi.<\/li>\n<li style=\"text-align: justify;\">Filistin medyas\u0131: \u0130\u015fgalci \u0130srail\u2019in, Gazze \u015fehrinin g\u00fcneyinde yer alan El Zaytun mahallesinde yerlerinden edilmi\u015f ki\u015filerin ya\u015fad\u0131\u011f\u0131 bir okulun bombalanmas\u0131 sonucu ger\u00e7ekle\u015ftirdi\u011fi yeni katliamda 17 \u015fehit ve \u00e7ok say\u0131da yaral\u0131 var.<\/li>\n<li style=\"text-align: justify;\">Filistin Sa\u011fl\u0131k Bakanl\u0131\u011f\u0131: \u0130srail&#8217;in Gazze \u015eeridi&#8217;nde devam eden sald\u0131r\u0131s\u0131n\u0131n kurbanlar\u0131n\u0131n say\u0131s\u0131 351&#8217;inci g\u00fcnde 41 bin 391 \u015fehit ve 95 bin 760 yaral\u0131ya y\u00fckseldi.<\/li>\n<li style=\"text-align: justify;\">Filistin Sa\u011fl\u0131k Bakanl\u0131\u011f\u0131: Gazze \u015eeridi&#8217;nin g\u00fcneyinde, Refah \u015fehrinin kuzeyindeki Musabah b\u00f6lgesinde \u0130srail i\u015fgal kuvvetlerinin bir t\u0131bbi depoyu bombalamas\u0131 sonucu 5 \u015fehit ve \u00e7ok say\u0131da yaral\u0131 var.<\/li>\n<li style=\"text-align: justify;\">Gazze \u015eeridi&#8217;nin merkezindeki i\u015fgal sald\u0131r\u0131s\u0131nda 4 \u015fehit.<\/li>\n<li style=\"text-align: justify;\">Filistin medyas\u0131: \u0130\u015fgalci \u0130srail\u2019in Gazze \u015fehrinin g\u00fcneyindeki El Zaytun mahallesinde bir evi bombalamas\u0131 sonucu 3 \u015fehit.<\/li>\n<li style=\"text-align: justify;\">Filistin medyas\u0131: \u0130\u015fgalci \u0130srail\u2019in Gazze \u015eeridi&#8217;nin g\u00fcneyindeki Han Yunus kentinde yerinden edilmi\u015f insanlar\u0131n bar\u0131nd\u0131\u011f\u0131 bir \u00e7ad\u0131r\u0131 bombalamas\u0131 sonucu iki \u015fehit ve \u00e7ok say\u0131da yaral\u0131.<\/li>\n<\/ul>\n<p style=\"text-align: center;\"><strong><a href=\"https:\/\/t.me\/SuriyeArapHaberAjansI\">Telegram Kanal\u0131m\u0131z\u00a0<\/a>||<a href=\"https:\/\/twitter.com\/arap_ajans\">X Platformumuz\u00a0<\/a>||<a href=\"https:\/\/www.facebook.com\/SANAHaberAjansi\/\">Facebook Sayfam\u0131z<\/a><\/strong><\/p>\n","protected":false},"excerpt":{"rendered":"<p>\u0130\u015eGAL ED\u0130LEN KUD\u00dcS (SANA) \u2013\u00a0Filistin direni\u015finin i\u015fgalci \u0130srail\u2019in sald\u0131rganl\u0131\u011f\u0131na yan\u0131t olarak ge\u00e7en 7 Ekim\u2019de ba\u015flatt\u0131\u011f\u0131 Aksa Tufan\u0131 Operasyonu\u2019nda \u00f6ne \u00e7\u0131kan geli\u015fmeler: Filistin medyas\u0131: \u0130srail&#8217;in Gazze \u015fehrinin g\u00fcneyindeki Al-Sabra mahallesini bombalamas\u0131 sonucu 1 \u015fehit ve 15 yaral\u0131. Filistin direni\u015fi, Gazze \u015eeridi&#8217;nin g\u00fcneyindeki Refah \u015fehrinin El Tanur mahallesinin do\u011fusundaki \u0130srail d\u00fc\u015fman askeri buldozerini &#8220;Yasin 105&#8221; mermisiyle hedef &hellip;<\/p>\n","protected":false},"author":41,"featured_media":308807,"comment_status":"closed","ping_status":"closed","sticky":false,"template":"","format":"standard","meta":{"footnotes":""},"categories":[458,459,17988],"tags":[40813,40319],"class_list":["post-308806","post","type-post","status-publish","format-standard","has-post-thumbnail","","category-dunya1","category-haberler-arap-uluslararasi-politika","category-son-haberler","tag-aksa-tufani-operasyonu-bugunun-en-one-cikan-gelismeleri","tag-gazzede-son-gelimeler"],"_links":{"self":[{"href":"https:\/\/archive.sana.sy\/tr\/index.php?rest_route=\/wp\/v2\/posts\/308806","targetHints":{"allow":["GET"]}}],"collection":[{"href":"https:\/\/archive.sana.sy\/tr\/index.php?rest_route=\/wp\/v2\/posts"}],"about":[{"href":"https:\/\/archive.sana.sy\/tr\/index.php?rest_route=\/wp\/v2\/types\/post"}],"author":[{"embeddable":true,"href":"https:\/\/archive.sana.sy\/tr\/index.php?rest_route=\/wp\/v2\/users\/41"}],"replies":[{"embeddable":true,"href":"https:\/\/archive.sana.sy\/tr\/index.php?rest_route=%2Fwp%2Fv2%2Fcomments&post=308806"}],"version-history":[{"count":3,"href":"https:\/\/archive.sana.sy\/tr\/index.php?rest_route=\/wp\/v2\/posts\/308806\/revisions"}],"predecessor-version":[{"id":308827,"href":"https:\/\/archive.sana.sy\/tr\/index.php?rest_route=\/wp\/v2\/posts\/308806\/revisions\/308827"}],"wp:featuredmedia":[{"embeddable":true,"href":"https:\/\/archive.sana.sy\/tr\/index.php?rest_route=\/wp\/v2\/media\/308807"}],"wp:attachment":[{"href":"https:\/\/archive.sana.sy\/tr\/index.php?rest_route=%2Fwp%2Fv2%2Fmedia&parent=308806"}],"wp:term":[{"taxonomy":"category","embeddable":true,"href":"https:\/\/archive.sana.sy\/tr\/index.php?rest_route=%2Fwp%2Fv2%2Fcategories&post=308806"},{"taxonomy":"post_tag","embeddable":true,"href":"https:\/\/archive.sana.sy\/tr\/index.php?rest_route=%2Fwp%2Fv2%2Ftags&post=308806"}],"curies":[{"name":"wp","href":"https:\/\/api.w.org\/{rel}","templated":true}]}}