{"id":308814,"date":"2024-09-21T05:01:38","date_gmt":"2024-09-21T02:01:38","guid":{"rendered":"https:\/\/sana.sy\/tr\/?p=308814"},"modified":"2024-09-21T14:18:45","modified_gmt":"2024-09-21T11:18:45","slug":"cezayir-israilin-lubnana-yonelik-saldirganliklari-savas-sucudur","status":"publish","type":"post","link":"https:\/\/archive.sana.sy\/tr\/?p=308814","title":{"rendered":"Cezayir: \u0130srail&#8217;in L\u00fcbnan&#8217;a Y\u00f6nelik Sald\u0131rganl\u0131klar\u0131 Sava\u015f Su\u00e7udur"},"content":{"rendered":"<p style=\"text-align: justify;\"><strong>CEZAY\u0130R (SANA) &#8211;<\/strong>\u00a0 Cezayir, \u0130srail&#8217;in L\u00fcbnan&#8217;a y\u00f6nelik sald\u0131r\u0131lar\u0131n\u0131 en g\u00fc\u00e7l\u00fc ifadelerle k\u0131nad\u0131 ve bunlar\u0131n &#8220;sava\u015f su\u00e7u&#8221; oldu\u011funu ve L\u00fcbnan&#8217;\u0131n egemenli\u011finin ve uluslararas\u0131 hukukun a\u00e7\u0131k bir ihlali oldu\u011funu vurgulad\u0131.<\/p>\n<p style=\"text-align: justify;\">Bug\u00fcn Cezayir Haber Ajans\u0131, Cezayir&#8217;in Birle\u015fmi\u015f Milletler Daimi Temsilcisi B\u00fcy\u00fckel\u00e7i Ammar Bin Cami&#8217;nin d\u00fcn gece G\u00fcvenlik Konseyi&#8217;nin acil oturumunda yapt\u0131\u011f\u0131 konu\u015fmada bunu k\u0131nad\u0131\u011f\u0131n\u0131 aktard\u0131.<\/p>\n<p style=\"text-align: justify;\">Bin Cami yapt\u0131\u011f\u0131 a\u00e7\u0131klamada,\u00a0 Cezayir&#8217;in bu zor zamanlarda L\u00fcbnan&#8217;la tam dayan\u0131\u015fmas\u0131n\u0131 yineleyerek, &#8220;L\u00fcbnan&#8217;\u0131n egemenli\u011finin, Birle\u015fmi\u015f Milletler \u015eart\u0131&#8217;n\u0131n, uluslararas\u0131 hukukun ve 1701 ve 2749 say\u0131l\u0131 Kararlar\u0131n a\u00e7\u0131k bir ihlali anlam\u0131na gelen bu \u0130srail sald\u0131r\u0131lar\u0131n\u0131 en g\u00fc\u00e7l\u00fc ifadelerle k\u0131n\u0131yoruz&#8221; ifadelerini kulland\u0131.<\/p>\n<p style=\"text-align: justify;\">Cezayir&#8217;in Birle\u015fmi\u015f Milletler Daimi Temsilcisi, &#8220;\u0130srail&#8217;in bu sald\u0131r\u0131lar\u0131n\u0131n kas\u0131tl\u0131 ve ayr\u0131m g\u00f6zetmeyen do\u011fas\u0131, yo\u011fun n\u00fcfuslu b\u00f6lgeleri hedef al\u0131rken siviller aras\u0131nda pani\u011fe neden oldu\u011funu&#8221; vurgularken, sivil cihazlar\u0131 herkesin g\u00fcvenli\u011fini ve g\u00fcvenli\u011fini tehdit eden f\u00fczelere d\u00f6n\u00fc\u015ft\u00fcren ve tehlikeli bir kutuyu a\u00e7an bu \u201ctehlikeli emsal\u201de kar\u015f\u0131 uyar\u0131da bulundu.<\/p>\n<p style=\"text-align: justify;\">Bin Cami ayr\u0131ca, &#8220;Uluslararas\u0131 toplumun gerilimi azaltma \u00e7a\u011fr\u0131s\u0131 yapt\u0131\u011f\u0131 bir d\u00f6nemde \u0130srail&#8217;in b\u00f6lgeyi sava\u015fa do\u011fru itti\u011fini ve sald\u0131rgan eylemlerini geni\u015fletti\u011fini&#8221; belirterek, b\u00f6lgede kal\u0131c\u0131 bar\u0131\u015f ve istikrar\u0131n yolunu a\u00e7acak tek yolun \u0130srail i\u015fgaline son vermek oldu\u011funu vurgulad\u0131.<\/p>\n<p style=\"text-align: center;\"><strong><a href=\"https:\/\/t.me\/SuriyeArapHaberAjansI\">Telegram Kanal\u0131m\u0131z\u00a0<\/a>||<a href=\"https:\/\/twitter.com\/arap_ajans\">X Platformumuz\u00a0<\/a>||<a href=\"https:\/\/www.facebook.com\/SANAHaberAjansi\/\">Facebook Sayfam\u0131z<\/a><\/strong><\/p>\n","protected":false},"excerpt":{"rendered":"<p>CEZAY\u0130R (SANA) &#8211;\u00a0 Cezayir, \u0130srail&#8217;in L\u00fcbnan&#8217;a y\u00f6nelik sald\u0131r\u0131lar\u0131n\u0131 en g\u00fc\u00e7l\u00fc ifadelerle k\u0131nad\u0131 ve bunlar\u0131n &#8220;sava\u015f su\u00e7u&#8221; oldu\u011funu ve L\u00fcbnan&#8217;\u0131n egemenli\u011finin ve uluslararas\u0131 hukukun a\u00e7\u0131k bir ihlali oldu\u011funu vurgulad\u0131. Bug\u00fcn Cezayir Haber Ajans\u0131, Cezayir&#8217;in Birle\u015fmi\u015f Milletler Daimi Temsilcisi B\u00fcy\u00fckel\u00e7i Ammar Bin Cami&#8217;nin d\u00fcn gece G\u00fcvenlik Konseyi&#8217;nin acil oturumunda yapt\u0131\u011f\u0131 konu\u015fmada bunu k\u0131nad\u0131\u011f\u0131n\u0131 aktard\u0131. Bin Cami yapt\u0131\u011f\u0131 &hellip;<\/p>\n","protected":false},"author":41,"featured_media":308815,"comment_status":"closed","ping_status":"closed","sticky":false,"template":"","format":"standard","meta":{"footnotes":""},"categories":[458,589,459,17988],"tags":[42432],"class_list":["post-308814","post","type-post","status-publish","format-standard","has-post-thumbnail","","category-dunya1","category-haber-seridi","category-haberler-arap-uluslararasi-politika","category-son-haberler","tag-cezayir-israilin-lubnana-yonelik-saldirganliklari-savas-sucudur"],"_links":{"self":[{"href":"https:\/\/archive.sana.sy\/tr\/index.php?rest_route=\/wp\/v2\/posts\/308814","targetHints":{"allow":["GET"]}}],"collection":[{"href":"https:\/\/archive.sana.sy\/tr\/index.php?rest_route=\/wp\/v2\/posts"}],"about":[{"href":"https:\/\/archive.sana.sy\/tr\/index.php?rest_route=\/wp\/v2\/types\/post"}],"author":[{"embeddable":true,"href":"https:\/\/archive.sana.sy\/tr\/index.php?rest_route=\/wp\/v2\/users\/41"}],"replies":[{"embeddable":true,"href":"https:\/\/archive.sana.sy\/tr\/index.php?rest_route=%2Fwp%2Fv2%2Fcomments&post=308814"}],"version-history":[{"count":1,"href":"https:\/\/archive.sana.sy\/tr\/index.php?rest_route=\/wp\/v2\/posts\/308814\/revisions"}],"predecessor-version":[{"id":308816,"href":"https:\/\/archive.sana.sy\/tr\/index.php?rest_route=\/wp\/v2\/posts\/308814\/revisions\/308816"}],"wp:featuredmedia":[{"embeddable":true,"href":"https:\/\/archive.sana.sy\/tr\/index.php?rest_route=\/wp\/v2\/media\/308815"}],"wp:attachment":[{"href":"https:\/\/archive.sana.sy\/tr\/index.php?rest_route=%2Fwp%2Fv2%2Fmedia&parent=308814"}],"wp:term":[{"taxonomy":"category","embeddable":true,"href":"https:\/\/archive.sana.sy\/tr\/index.php?rest_route=%2Fwp%2Fv2%2Fcategories&post=308814"},{"taxonomy":"post_tag","embeddable":true,"href":"https:\/\/archive.sana.sy\/tr\/index.php?rest_route=%2Fwp%2Fv2%2Ftags&post=308814"}],"curies":[{"name":"wp","href":"https:\/\/api.w.org\/{rel}","templated":true}]}}