{"id":308823,"date":"2024-09-21T11:41:41","date_gmt":"2024-09-21T08:41:41","guid":{"rendered":"https:\/\/sana.sy\/tr\/?p=308823"},"modified":"2024-09-21T16:48:19","modified_gmt":"2024-09-21T13:48:19","slug":"rus-yetkililer-ukraynanin-ihalarla-saldirisi-sonucunda-1-200den-fazla-kisiyi-tahliye-etti","status":"publish","type":"post","link":"https:\/\/archive.sana.sy\/tr\/?p=308823","title":{"rendered":"Rus Yetkililer, Ukrayna&#8217;n\u0131n \u00a0\u0130HA\u2019larla Sald\u0131r\u0131s\u0131 Sonucunda 1.200&#8217;den Fazla Ki\u015fiyi Tahliye Etti"},"content":{"rendered":"<p style=\"text-align: justify;\"><strong>MOSKOVA (SANA) &#8211;<\/strong>\u00a0 Rusya&#8217;n\u0131n g\u00fcneyindeki Krasnodar Eyaleti yetkilileri, bug\u00fcn Ukrayna&#8217;n\u0131n insans\u0131z hava arac\u0131 sald\u0131r\u0131s\u0131na maruz kalan Tikhoretsk b\u00f6lgesinden y\u00fczlerce insan\u0131 tahliye etti.<\/p>\n<p style=\"text-align: justify;\">TASS, eyalet valisi Veniamin Kondratiev&#8217;in Telegram hesab\u0131nda \u015funlar\u0131 s\u00f6yledi\u011fini aktard\u0131: \u2018\u2018\u0130HA\u2019larla d\u00fczenlenen \u00a0ve b\u00f6lgede yang\u0131n \u00e7\u0131kmas\u0131na neden olan sald\u0131r\u0131n\u0131n ard\u0131ndan yakla\u015f\u0131k 1.200 ki\u015fi b\u00f6lgeden tahliye edilerek bar\u0131nma merkezlerine nakledildi.\u2019\u2019<\/p>\n<p style=\"text-align: justify;\">Yetkililerin verilerine g\u00f6re, bug\u00fcn erken saatlerde Tikhoretsk b\u00f6lgesi d\u0131\u015f\u0131nda iki insans\u0131z hava arac\u0131n\u0131n d\u00fc\u015f\u00fcr\u00fclmesi, b\u00f6lgede yang\u0131n \u00e7\u0131kmas\u0131na ve patlay\u0131c\u0131 maddelerin patlamas\u0131na neden oldu.<\/p>\n<p style=\"text-align: center;\"><strong><a href=\"https:\/\/t.me\/SuriyeArapHaberAjansI\">Telegram Kanal\u0131m\u0131z\u00a0<\/a>||<a href=\"https:\/\/twitter.com\/arap_ajans\">X Platformumuz\u00a0<\/a>||<a href=\"https:\/\/www.facebook.com\/SANAHaberAjansi\/\">Facebook Sayfam\u0131z<\/a><\/strong><\/p>\n","protected":false},"excerpt":{"rendered":"<p>MOSKOVA (SANA) &#8211;\u00a0 Rusya&#8217;n\u0131n g\u00fcneyindeki Krasnodar Eyaleti yetkilileri, bug\u00fcn Ukrayna&#8217;n\u0131n insans\u0131z hava arac\u0131 sald\u0131r\u0131s\u0131na maruz kalan Tikhoretsk b\u00f6lgesinden y\u00fczlerce insan\u0131 tahliye etti. TASS, eyalet valisi Veniamin Kondratiev&#8217;in Telegram hesab\u0131nda \u015funlar\u0131 s\u00f6yledi\u011fini aktard\u0131: \u2018\u2018\u0130HA\u2019larla d\u00fczenlenen \u00a0ve b\u00f6lgede yang\u0131n \u00e7\u0131kmas\u0131na neden olan sald\u0131r\u0131n\u0131n ard\u0131ndan yakla\u015f\u0131k 1.200 ki\u015fi b\u00f6lgeden tahliye edilerek bar\u0131nma merkezlerine nakledildi.\u2019\u2019 Yetkililerin verilerine g\u00f6re, bug\u00fcn &hellip;<\/p>\n","protected":false},"author":41,"featured_media":308824,"comment_status":"closed","ping_status":"closed","sticky":false,"template":"","format":"standard","meta":{"footnotes":""},"categories":[458,589,459,17988],"tags":[36985,42440],"class_list":["post-308823","post","type-post","status-publish","format-standard","has-post-thumbnail","","category-dunya1","category-haber-seridi","category-haberler-arap-uluslararasi-politika","category-son-haberler","tag-rus-yetkililer","tag-ukraynanin-ihalarla-saldirisi-sonucunda-1-200den-fazla-kisiyi-tahliye-etti"],"_links":{"self":[{"href":"https:\/\/archive.sana.sy\/tr\/index.php?rest_route=\/wp\/v2\/posts\/308823","targetHints":{"allow":["GET"]}}],"collection":[{"href":"https:\/\/archive.sana.sy\/tr\/index.php?rest_route=\/wp\/v2\/posts"}],"about":[{"href":"https:\/\/archive.sana.sy\/tr\/index.php?rest_route=\/wp\/v2\/types\/post"}],"author":[{"embeddable":true,"href":"https:\/\/archive.sana.sy\/tr\/index.php?rest_route=\/wp\/v2\/users\/41"}],"replies":[{"embeddable":true,"href":"https:\/\/archive.sana.sy\/tr\/index.php?rest_route=%2Fwp%2Fv2%2Fcomments&post=308823"}],"version-history":[{"count":1,"href":"https:\/\/archive.sana.sy\/tr\/index.php?rest_route=\/wp\/v2\/posts\/308823\/revisions"}],"predecessor-version":[{"id":308825,"href":"https:\/\/archive.sana.sy\/tr\/index.php?rest_route=\/wp\/v2\/posts\/308823\/revisions\/308825"}],"wp:featuredmedia":[{"embeddable":true,"href":"https:\/\/archive.sana.sy\/tr\/index.php?rest_route=\/wp\/v2\/media\/308824"}],"wp:attachment":[{"href":"https:\/\/archive.sana.sy\/tr\/index.php?rest_route=%2Fwp%2Fv2%2Fmedia&parent=308823"}],"wp:term":[{"taxonomy":"category","embeddable":true,"href":"https:\/\/archive.sana.sy\/tr\/index.php?rest_route=%2Fwp%2Fv2%2Fcategories&post=308823"},{"taxonomy":"post_tag","embeddable":true,"href":"https:\/\/archive.sana.sy\/tr\/index.php?rest_route=%2Fwp%2Fv2%2Ftags&post=308823"}],"curies":[{"name":"wp","href":"https:\/\/api.w.org\/{rel}","templated":true}]}}