{"id":308834,"date":"2024-09-21T08:56:15","date_gmt":"2024-09-21T05:56:15","guid":{"rendered":"https:\/\/sana.sy\/tr\/?p=308834"},"modified":"2024-09-21T18:59:59","modified_gmt":"2024-09-21T15:59:59","slug":"suriye-genc-futbol-takimi-asya-elemelerinde-banglades-takimini-maglup-etti","status":"publish","type":"post","link":"https:\/\/archive.sana.sy\/tr\/?p=308834","title":{"rendered":"Suriye Gen\u00e7 Futbol Tak\u0131m\u0131 Asya Elemelerinde Banglade\u015f Tak\u0131m\u0131n\u0131 Ma\u011flup Etti"},"content":{"rendered":"<p style=\"text-align: justify;\"><strong>HANO\u0130 (SANA)<\/strong> &#8211; \u00a0Suriye milli futbol tak\u0131m\u0131, Vietnam&#8217;\u0131n Haiphong kentindeki Lash Tray Stadyumu&#8217;nda d\u00fczenlenen Asya elemelerinde, Banglade\u015f milli tak\u0131m\u0131n\u0131 d\u00f6rt golle ma\u011flup ederek m\u00fccadelesine ba\u015flad\u0131.<\/p>\n<p style=\"text-align: justify;\">Tak\u0131m\u0131m\u0131z\u0131n gollerini s\u0131ras\u0131yla 5., 12., 73. ve 79. dakikalarda Kava \u0130sa, Yu\u015fa Kenc, Visam Duhan ve Enes Dahan kaydetti.<\/p>\n<p style=\"text-align: justify;\">Tak\u0131m\u0131m\u0131z \u00f6n\u00fcm\u00fczdeki \u00c7ar\u015famba g\u00fcn\u00fc elemelerde Butan, Cuma g\u00fcn\u00fc Guam tak\u0131m\u0131 ve bu ay\u0131n 29&#8217;unda Pazar g\u00fcn\u00fc Vietnam tak\u0131m\u0131yla kar\u015f\u0131la\u015facak.<\/p>\n<p style=\"text-align: center;\"><strong><a href=\"https:\/\/t.me\/SuriyeArapHaberAjansI\">Telegram Kanal\u0131m\u0131z\u00a0<\/a>||<a href=\"https:\/\/twitter.com\/arap_ajans\">X Platformumuz\u00a0<\/a>||<a href=\"https:\/\/www.facebook.com\/SANAHaberAjansi\/\">Facebook Sayfam\u0131z<\/a><\/strong><\/p>\n","protected":false},"excerpt":{"rendered":"<p>HANO\u0130 (SANA) &#8211; \u00a0Suriye milli futbol tak\u0131m\u0131, Vietnam&#8217;\u0131n Haiphong kentindeki Lash Tray Stadyumu&#8217;nda d\u00fczenlenen Asya elemelerinde, Banglade\u015f milli tak\u0131m\u0131n\u0131 d\u00f6rt golle ma\u011flup ederek m\u00fccadelesine ba\u015flad\u0131. Tak\u0131m\u0131m\u0131z\u0131n gollerini s\u0131ras\u0131yla 5., 12., 73. ve 79. dakikalarda Kava \u0130sa, Yu\u015fa Kenc, Visam Duhan ve Enes Dahan kaydetti. Tak\u0131m\u0131m\u0131z \u00f6n\u00fcm\u00fczdeki \u00c7ar\u015famba g\u00fcn\u00fc elemelerde Butan, Cuma g\u00fcn\u00fc Guam tak\u0131m\u0131 ve &hellip;<\/p>\n","protected":false},"author":41,"featured_media":308835,"comment_status":"closed","ping_status":"closed","sticky":false,"template":"","format":"standard","meta":{"footnotes":""},"categories":[458,498,589,459,496],"tags":[],"class_list":["post-308834","post","type-post","status-publish","format-standard","has-post-thumbnail","","category-dunya1","category-dunya-turnuvalari","category-haber-seridi","category-haberler-arap-uluslararasi-politika","category-spor"],"_links":{"self":[{"href":"https:\/\/archive.sana.sy\/tr\/index.php?rest_route=\/wp\/v2\/posts\/308834","targetHints":{"allow":["GET"]}}],"collection":[{"href":"https:\/\/archive.sana.sy\/tr\/index.php?rest_route=\/wp\/v2\/posts"}],"about":[{"href":"https:\/\/archive.sana.sy\/tr\/index.php?rest_route=\/wp\/v2\/types\/post"}],"author":[{"embeddable":true,"href":"https:\/\/archive.sana.sy\/tr\/index.php?rest_route=\/wp\/v2\/users\/41"}],"replies":[{"embeddable":true,"href":"https:\/\/archive.sana.sy\/tr\/index.php?rest_route=%2Fwp%2Fv2%2Fcomments&post=308834"}],"version-history":[{"count":1,"href":"https:\/\/archive.sana.sy\/tr\/index.php?rest_route=\/wp\/v2\/posts\/308834\/revisions"}],"predecessor-version":[{"id":308836,"href":"https:\/\/archive.sana.sy\/tr\/index.php?rest_route=\/wp\/v2\/posts\/308834\/revisions\/308836"}],"wp:featuredmedia":[{"embeddable":true,"href":"https:\/\/archive.sana.sy\/tr\/index.php?rest_route=\/wp\/v2\/media\/308835"}],"wp:attachment":[{"href":"https:\/\/archive.sana.sy\/tr\/index.php?rest_route=%2Fwp%2Fv2%2Fmedia&parent=308834"}],"wp:term":[{"taxonomy":"category","embeddable":true,"href":"https:\/\/archive.sana.sy\/tr\/index.php?rest_route=%2Fwp%2Fv2%2Fcategories&post=308834"},{"taxonomy":"post_tag","embeddable":true,"href":"https:\/\/archive.sana.sy\/tr\/index.php?rest_route=%2Fwp%2Fv2%2Ftags&post=308834"}],"curies":[{"name":"wp","href":"https:\/\/api.w.org\/{rel}","templated":true}]}}