{"id":308868,"date":"2024-09-22T13:45:57","date_gmt":"2024-09-22T10:45:57","guid":{"rendered":"https:\/\/sana.sy\/tr\/?p=308868"},"modified":"2024-09-25T17:06:17","modified_gmt":"2024-09-25T14:06:17","slug":"cumhurbaskani-esad-22-eylul-2024ten-once-islenen-suclar-icin-genel-af-saglayan-bir-kararname-yayinladi","status":"publish","type":"post","link":"https:\/\/archive.sana.sy\/tr\/?p=308868","title":{"rendered":"Cumhurba\u015fkan\u0131 Esad, 22 Eyl\u00fcl 2024&#8217;ten \u00d6nce \u0130\u015flenen Su\u00e7lar \u0130\u00e7in Genel Af Sa\u011flayan Bir Kararname Yay\u0131nlad\u0131"},"content":{"rendered":"<p style=\"text-align: justify;\"><strong>\u015eAM (SANA) \u2013<\/strong>\u00a0Cumhurba\u015fkan\u0131 Be\u015f\u015far Esad, 22 Eyl\u00fcl 2024 tarihinden \u00f6nce i\u015flenen firar su\u00e7lar\u0131, c\u00fcnhalar ve ihlaller i\u00e7in genel af sa\u011flayan bir Kanun h\u00fckm\u00fcnde kararname yay\u0131nlad\u0131.<\/p>\n<p style=\"text-align: justify;\">Kararnamede, Askeri Ceza Kanunu&#8217;nda a\u00e7\u0131klanan i\u00e7 ve d\u0131\u015f ka\u00e7\u0131\u015f su\u00e7lar\u0131n\u0131n faillerine verilecek cezan\u0131n tamam\u0131 i\u00e7in genel af \u00f6ng\u00f6r\u00fclmektedir.<\/p>\n<p style=\"text-align: justify;\">Bu kararnamenin h\u00fck\u00fcmleri, saklanan ve adaletten ka\u00e7anlar\u0131, yurt i\u00e7inde \u00fc\u00e7 ay, yurt d\u0131\u015f\u0131nda ise d\u00f6rt ay i\u00e7inde teslim olmad\u0131k\u00e7a kapsamamaktad\u0131r.<\/p>\n<p style=\"text-align: justify;\">Kararnamede ayr\u0131ca, topluma ve devlete ciddi sald\u0131r\u0131 te\u015fkil eden baz\u0131 c\u00fcnhalar, r\u00fc\u015fvet, sahtecilik ve genel ahlaka ayk\u0131r\u0131 baz\u0131 kabahatler d\u0131\u015f\u0131ndaki t\u00fcm c\u00fcnhalar ve ihlallere ili\u015fkin cezalar i\u00e7in genel af \u00f6ng\u00f6r\u00fclmektedir.<\/p>\n<p style=\"text-align: justify;\">K.H. Kararname do\u011frultusunda gelen bu af, in\u015faat kontrol yasalar\u0131nda \u00f6ng\u00f6r\u00fclen baz\u0131 kabahatleri, ekonomik su\u00e7lar\u0131, elektrik h\u0131rs\u0131zl\u0131\u011f\u0131n\u0131, ileti\u015fim hizmetlerini almak i\u00e7in hileli yollara ba\u015fvurmay\u0131 ve T\u00fcketiciyi Koruma Kanunundaki c\u00fcnhalar\u0131 da kapsamamaktad\u0131r.<\/p>\n<p style=\"text-align: justify;\">Bu af, ki\u015finin mal\u0131na sald\u0131r\u0131 i\u00e7eren c\u00fcnhalarda ma\u011fdur i\u00e7in\u00a0 ki\u015filik hakk\u0131 sakl\u0131 kamlak kayd\u0131yla tazminat talep etmektedir.<\/p>\n<p style=\"text-align: center;\"><strong><a href=\"https:\/\/t.me\/SuriyeArapHaberAjansI\">Telegram Kanal\u0131m\u0131z\u00a0<\/a><span style=\"color: #ff0000;\">||<\/span><a href=\"https:\/\/twitter.com\/arap_ajans\">X Platformumuz\u00a0<\/a><span style=\"color: #ff0000;\">||<\/span><a href=\"https:\/\/www.facebook.com\/SANAHaberAjansi\/\">Facebook Sayfam\u0131z<\/a><\/strong><\/p>\n","protected":false},"excerpt":{"rendered":"<p>\u015eAM (SANA) \u2013\u00a0Cumhurba\u015fkan\u0131 Be\u015f\u015far Esad, 22 Eyl\u00fcl 2024 tarihinden \u00f6nce i\u015flenen firar su\u00e7lar\u0131, c\u00fcnhalar ve ihlaller i\u00e7in genel af sa\u011flayan bir Kanun h\u00fckm\u00fcnde kararname yay\u0131nlad\u0131. Kararnamede, Askeri Ceza Kanunu&#8217;nda a\u00e7\u0131klanan i\u00e7 ve d\u0131\u015f ka\u00e7\u0131\u015f su\u00e7lar\u0131n\u0131n faillerine verilecek cezan\u0131n tamam\u0131 i\u00e7in genel af \u00f6ng\u00f6r\u00fclmektedir. Bu kararnamenin h\u00fck\u00fcmleri, saklanan ve adaletten ka\u00e7anlar\u0131, yurt i\u00e7inde \u00fc\u00e7 ay, yurt &hellip;<\/p>\n","protected":false},"author":39,"featured_media":308869,"comment_status":"closed","ping_status":"closed","sticky":false,"template":"","format":"standard","meta":{"footnotes":""},"categories":[606,605,17988,612],"tags":[],"class_list":["post-308868","post","type-post","status-publish","format-standard","has-post-thumbnail","","category-cumhurbaskani","category-sayin-cumhurbaskani","category-son-haberler","category-yasama-kararnameler"],"_links":{"self":[{"href":"https:\/\/archive.sana.sy\/tr\/index.php?rest_route=\/wp\/v2\/posts\/308868","targetHints":{"allow":["GET"]}}],"collection":[{"href":"https:\/\/archive.sana.sy\/tr\/index.php?rest_route=\/wp\/v2\/posts"}],"about":[{"href":"https:\/\/archive.sana.sy\/tr\/index.php?rest_route=\/wp\/v2\/types\/post"}],"author":[{"embeddable":true,"href":"https:\/\/archive.sana.sy\/tr\/index.php?rest_route=\/wp\/v2\/users\/39"}],"replies":[{"embeddable":true,"href":"https:\/\/archive.sana.sy\/tr\/index.php?rest_route=%2Fwp%2Fv2%2Fcomments&post=308868"}],"version-history":[{"count":7,"href":"https:\/\/archive.sana.sy\/tr\/index.php?rest_route=\/wp\/v2\/posts\/308868\/revisions"}],"predecessor-version":[{"id":308876,"href":"https:\/\/archive.sana.sy\/tr\/index.php?rest_route=\/wp\/v2\/posts\/308868\/revisions\/308876"}],"wp:featuredmedia":[{"embeddable":true,"href":"https:\/\/archive.sana.sy\/tr\/index.php?rest_route=\/wp\/v2\/media\/308869"}],"wp:attachment":[{"href":"https:\/\/archive.sana.sy\/tr\/index.php?rest_route=%2Fwp%2Fv2%2Fmedia&parent=308868"}],"wp:term":[{"taxonomy":"category","embeddable":true,"href":"https:\/\/archive.sana.sy\/tr\/index.php?rest_route=%2Fwp%2Fv2%2Fcategories&post=308868"},{"taxonomy":"post_tag","embeddable":true,"href":"https:\/\/archive.sana.sy\/tr\/index.php?rest_route=%2Fwp%2Fv2%2Ftags&post=308868"}],"curies":[{"name":"wp","href":"https:\/\/api.w.org\/{rel}","templated":true}]}}