{"id":308901,"date":"2024-09-23T08:29:39","date_gmt":"2024-09-23T05:29:39","guid":{"rendered":"https:\/\/sana.sy\/tr\/?p=308901"},"modified":"2024-09-24T14:37:00","modified_gmt":"2024-09-24T11:37:00","slug":"lubnan-direnisi-dusman-israiline-ait-bir-tanki-ve-4-mevzisini-hedef-aldi","status":"publish","type":"post","link":"https:\/\/archive.sana.sy\/tr\/?p=308901","title":{"rendered":"L\u00fcbnan Direni\u015fi, D\u00fc\u015fman \u0130srail\u2019e Ait Bir Tank\u0131 Ve 4 Mevziyi Hedef Ald\u0131"},"content":{"rendered":"<p style=\"text-align: justify;\"><strong>BEYRUT (SANA) \u2013<\/strong> L\u00fcbnan Direni\u015fi, d\u00fc\u015fman \u0130srail\u2019e ait 4 mevziyi ve bir tank\u0131 hedef alarak, tak\u0131m\u0131n\u0131 \u00f6l\u00fc ve yaral\u0131 b\u0131rakt\u0131.<\/p>\n<p style=\"text-align: justify;\">L\u00fcbnan Direni\u015fi, yap\u0131lan a\u00e7\u0131klamada, \u201cGazze\u2019deki kararl\u0131 Filistinli halklar\u0131m\u0131za ve onlar\u0131n yi\u011fit ve onurlu direni\u015fine destek olarak, direni\u015f\u00e7iler, d\u00fc\u015fman \u0130srail\u2019e ait Miyan Baroh\u2019u, Ba\u011fdadi ve Radar alanlar\u0131 f\u00fcze silahlar\u0131yla ve top\u00e7u mermileriyle hedef alarak, do\u011frudan isabetler elde etti\u201d dedi.<\/p>\n<p style=\"text-align: justify;\">Direni\u015f sava\u015f\u00e7\u0131lar\u0131 ayr\u0131ca, El Marc mevzisindeki bir Merkava Tank\u0131 g\u00fcd\u00fcml\u00fc f\u00fczeyle hedef alarak, tak\u0131m\u0131n\u0131 \u00f6ld\u00fcrd\u00fc ve yaraland\u0131.<\/p>\n<p style=\"text-align: justify;\">L\u00fcbnan direni\u015f , Cel El alam alan\u0131nda bir grup d\u00fc\u015fman askerini top\u00e7u mermileriyle hedef ald\u0131 ve do\u011frudan da isabetli bir \u015fekilde vurdu.<\/p>\n<p style=\"text-align: center;\"><strong><a href=\"https:\/\/t.me\/SuriyeArapHaberAjansI\">Telegram Kanal\u0131m\u0131z\u00a0<\/a>||<a href=\"https:\/\/twitter.com\/arap_ajans\">X Platformumuz\u00a0<\/a>||<a href=\"https:\/\/www.facebook.com\/SANAHaberAjansi\/\">Facebook Sayfam\u0131z<\/a><\/strong><\/p>\n","protected":false},"excerpt":{"rendered":"<p>BEYRUT (SANA) \u2013 L\u00fcbnan Direni\u015fi, d\u00fc\u015fman \u0130srail\u2019e ait 4 mevziyi ve bir tank\u0131 hedef alarak, tak\u0131m\u0131n\u0131 \u00f6l\u00fc ve yaral\u0131 b\u0131rakt\u0131. L\u00fcbnan Direni\u015fi, yap\u0131lan a\u00e7\u0131klamada, \u201cGazze\u2019deki kararl\u0131 Filistinli halklar\u0131m\u0131za ve onlar\u0131n yi\u011fit ve onurlu direni\u015fine destek olarak, direni\u015f\u00e7iler, d\u00fc\u015fman \u0130srail\u2019e ait Miyan Baroh\u2019u, Ba\u011fdadi ve Radar alanlar\u0131 f\u00fcze silahlar\u0131yla ve top\u00e7u mermileriyle hedef alarak, do\u011frudan isabetler &hellip;<\/p>\n","protected":false},"author":39,"featured_media":308902,"comment_status":"closed","ping_status":"closed","sticky":false,"template":"","format":"standard","meta":{"footnotes":""},"categories":[458,459,17988],"tags":[],"class_list":["post-308901","post","type-post","status-publish","format-standard","has-post-thumbnail","","category-dunya1","category-haberler-arap-uluslararasi-politika","category-son-haberler"],"_links":{"self":[{"href":"https:\/\/archive.sana.sy\/tr\/index.php?rest_route=\/wp\/v2\/posts\/308901","targetHints":{"allow":["GET"]}}],"collection":[{"href":"https:\/\/archive.sana.sy\/tr\/index.php?rest_route=\/wp\/v2\/posts"}],"about":[{"href":"https:\/\/archive.sana.sy\/tr\/index.php?rest_route=\/wp\/v2\/types\/post"}],"author":[{"embeddable":true,"href":"https:\/\/archive.sana.sy\/tr\/index.php?rest_route=\/wp\/v2\/users\/39"}],"replies":[{"embeddable":true,"href":"https:\/\/archive.sana.sy\/tr\/index.php?rest_route=%2Fwp%2Fv2%2Fcomments&post=308901"}],"version-history":[{"count":4,"href":"https:\/\/archive.sana.sy\/tr\/index.php?rest_route=\/wp\/v2\/posts\/308901\/revisions"}],"predecessor-version":[{"id":308907,"href":"https:\/\/archive.sana.sy\/tr\/index.php?rest_route=\/wp\/v2\/posts\/308901\/revisions\/308907"}],"wp:featuredmedia":[{"embeddable":true,"href":"https:\/\/archive.sana.sy\/tr\/index.php?rest_route=\/wp\/v2\/media\/308902"}],"wp:attachment":[{"href":"https:\/\/archive.sana.sy\/tr\/index.php?rest_route=%2Fwp%2Fv2%2Fmedia&parent=308901"}],"wp:term":[{"taxonomy":"category","embeddable":true,"href":"https:\/\/archive.sana.sy\/tr\/index.php?rest_route=%2Fwp%2Fv2%2Fcategories&post=308901"},{"taxonomy":"post_tag","embeddable":true,"href":"https:\/\/archive.sana.sy\/tr\/index.php?rest_route=%2Fwp%2Fv2%2Ftags&post=308901"}],"curies":[{"name":"wp","href":"https:\/\/api.w.org\/{rel}","templated":true}]}}