{"id":308908,"date":"2024-09-23T11:25:37","date_gmt":"2024-09-23T08:25:37","guid":{"rendered":"https:\/\/sana.sy\/tr\/?p=308908"},"modified":"2024-09-24T14:37:11","modified_gmt":"2024-09-24T11:37:11","slug":"suriye-irandaki-bir-madende-meydana-gelen-patlamanin-ardindan-iran-liderligine-ve-halkina-bassagligi-diledi","status":"publish","type":"post","link":"https:\/\/archive.sana.sy\/tr\/?p=308908","title":{"rendered":"Suriye, \u0130ran&#8217;daki Bir Madende Meydana Gelen Patlama \u0130\u00e7in \u0130ran Liderli\u011fine Ve Halk\u0131na Ba\u015fsa\u011fl\u0131\u011f\u0131 Diledi"},"content":{"rendered":"<p style=\"text-align: justify;\"><strong>\u015eAM (SANA) \u2013<\/strong> Suriye Arap Cumhuriyeti, Tabas kentindeki madenlerden birinde meydana gelen ve \u00e7ok say\u0131da i\u015f\u00e7inin \u00f6l\u00fcm\u00fc ve yaralanmas\u0131yla sonu\u00e7lanan patlaman\u0131n ard\u0131ndan \u0130ran \u0130slam Cumhuriyeti liderli\u011fine ve halk\u0131na duydu\u011fu \u00fcz\u00fcnt\u00fcy\u00fc dile getirdi.<\/p>\n<p style=\"text-align: justify;\">D\u0131\u015fi\u015fleri ve Gurbet\u00e7iler Bakanl\u0131\u011f\u0131 yapt\u0131\u011f\u0131 a\u00e7\u0131klamada \u015funlar\u0131 s\u00f6yledi: &#8220;Suriye&#8217;nin liderli\u011fi ve halk\u0131, \u0130ran&#8217;daki Tabas \u015fehrinde bir madende meydana gelen patlaman\u0131n ard\u0131ndan ve madende \u00e7ok say\u0131da i\u015f\u00e7inin \u00f6l\u00fcm ve yaralanmalarla sonu\u00e7lanan \u0130ran \u0130slam Cumhuriyeti&#8217;nin liderlerine ve halk\u0131na samimi taziyelerini ifade ediyor&#8221;.<\/p>\n<p style=\"text-align: justify;\">D\u0131\u015fi\u015fleri Bakanl\u0131\u011f\u0131 a\u00e7\u0131klamas\u0131na \u015funlar\u0131 ekledi: \u201cSuriye, ba\u015fta kurbanlar\u0131n aileleri olmak \u00fczere \u0130ran halk\u0131na ve onlar\u0131n liderlerine en derin ba\u015fsa\u011fl\u0131\u011f\u0131 dileklerini iletiyor ve yaralanan herkese acil \u015fifalar diliyor.\u201d<\/p>\n<p style=\"text-align: justify;\">D\u0131\u015fi\u015fleri Bakanl\u0131\u011f\u0131 a\u00e7\u0131klamas\u0131n\u0131 \u015fu ifadelerle tamamlad\u0131: &#8220;Suriye, dost \u0130ran halk\u0131n\u0131n bu \u00e7ileyi a\u015faca\u011f\u0131ndan, \u00fcretim ve in\u015faat s\u00fcrecini ve t\u00fcm ekonomik ve kalk\u0131nma alanlar\u0131nda elde etti\u011fi ba\u015far\u0131lar\u0131 s\u00fcrd\u00fcrece\u011finden emindir.&#8221;<\/p>\n<p style=\"text-align: center;\"><strong><a href=\"https:\/\/t.me\/SuriyeArapHaberAjansI\">Telegram Kanal\u0131m\u0131z\u00a0<\/a>||<a href=\"https:\/\/twitter.com\/arap_ajans\">X Platformumuz\u00a0<\/a>||<a href=\"https:\/\/www.facebook.com\/SANAHaberAjansi\/\">Facebook Sayfam\u0131z<\/a><\/strong><\/p>\n","protected":false},"excerpt":{"rendered":"<p>\u015eAM (SANA) \u2013 Suriye Arap Cumhuriyeti, Tabas kentindeki madenlerden birinde meydana gelen ve \u00e7ok say\u0131da i\u015f\u00e7inin \u00f6l\u00fcm\u00fc ve yaralanmas\u0131yla sonu\u00e7lanan patlaman\u0131n ard\u0131ndan \u0130ran \u0130slam Cumhuriyeti liderli\u011fine ve halk\u0131na duydu\u011fu \u00fcz\u00fcnt\u00fcy\u00fc dile getirdi. D\u0131\u015fi\u015fleri ve Gurbet\u00e7iler Bakanl\u0131\u011f\u0131 yapt\u0131\u011f\u0131 a\u00e7\u0131klamada \u015funlar\u0131 s\u00f6yledi: &#8220;Suriye&#8217;nin liderli\u011fi ve halk\u0131, \u0130ran&#8217;daki Tabas \u015fehrinde bir madende meydana gelen patlaman\u0131n ard\u0131ndan ve madende &hellip;<\/p>\n","protected":false},"author":39,"featured_media":308909,"comment_status":"closed","ping_status":"closed","sticky":false,"template":"","format":"standard","meta":{"footnotes":""},"categories":[458,459,17988],"tags":[],"class_list":["post-308908","post","type-post","status-publish","format-standard","has-post-thumbnail","","category-dunya1","category-haberler-arap-uluslararasi-politika","category-son-haberler"],"_links":{"self":[{"href":"https:\/\/archive.sana.sy\/tr\/index.php?rest_route=\/wp\/v2\/posts\/308908","targetHints":{"allow":["GET"]}}],"collection":[{"href":"https:\/\/archive.sana.sy\/tr\/index.php?rest_route=\/wp\/v2\/posts"}],"about":[{"href":"https:\/\/archive.sana.sy\/tr\/index.php?rest_route=\/wp\/v2\/types\/post"}],"author":[{"embeddable":true,"href":"https:\/\/archive.sana.sy\/tr\/index.php?rest_route=\/wp\/v2\/users\/39"}],"replies":[{"embeddable":true,"href":"https:\/\/archive.sana.sy\/tr\/index.php?rest_route=%2Fwp%2Fv2%2Fcomments&post=308908"}],"version-history":[{"count":2,"href":"https:\/\/archive.sana.sy\/tr\/index.php?rest_route=\/wp\/v2\/posts\/308908\/revisions"}],"predecessor-version":[{"id":308948,"href":"https:\/\/archive.sana.sy\/tr\/index.php?rest_route=\/wp\/v2\/posts\/308908\/revisions\/308948"}],"wp:featuredmedia":[{"embeddable":true,"href":"https:\/\/archive.sana.sy\/tr\/index.php?rest_route=\/wp\/v2\/media\/308909"}],"wp:attachment":[{"href":"https:\/\/archive.sana.sy\/tr\/index.php?rest_route=%2Fwp%2Fv2%2Fmedia&parent=308908"}],"wp:term":[{"taxonomy":"category","embeddable":true,"href":"https:\/\/archive.sana.sy\/tr\/index.php?rest_route=%2Fwp%2Fv2%2Fcategories&post=308908"},{"taxonomy":"post_tag","embeddable":true,"href":"https:\/\/archive.sana.sy\/tr\/index.php?rest_route=%2Fwp%2Fv2%2Ftags&post=308908"}],"curies":[{"name":"wp","href":"https:\/\/api.w.org\/{rel}","templated":true}]}}