{"id":308914,"date":"2024-09-23T15:30:03","date_gmt":"2024-09-23T12:30:03","guid":{"rendered":"https:\/\/sana.sy\/tr\/?p=308914"},"modified":"2024-09-25T15:31:00","modified_gmt":"2024-09-25T12:31:00","slug":"cumhurbaskani-esad-muhammed-gazi-el-celali-baskanligindaki-yeni-bakanligin-kurulmasina-iliskin-bir-kararname-yayinladi","status":"publish","type":"post","link":"https:\/\/archive.sana.sy\/tr\/?p=308914","title":{"rendered":"Cumhurba\u015fkan\u0131 Esad,\u00a0 Muhammed Gazi El Celali Ba\u015fkanl\u0131\u011f\u0131ndaki Yeni H\u00fck\u00fcmetin Kurulmas\u0131na \u0130li\u015fkin Bir Kararname Yay\u0131nlad\u0131"},"content":{"rendered":"<p style=\"text-align: justify;\"><strong>\u015eAM (SANA) &#8211;<\/strong> Cumhurba\u015fkan\u0131 Be\u015f\u015far Esad, Muhammed Gazi El Celali ba\u015fkanl\u0131\u011f\u0131ndaki yeni h\u00fck\u00fcmetin kurulmas\u0131na ili\u015fkin bir kararname yay\u0131nlad\u0131.<\/p>\n<p style=\"text-align: justify;\"><span style=\"color: #0000ff;\">\u00a0Suriye Arap Cumhuriyeti&#8217;ndeki Bakanl\u0131k Kurulu \u015fu \u015fekilde olu\u015fmaktad\u0131r:<\/span><\/p>\n<ul>\n<li>Ba\u015fbakan: Muhammed Gazi El Celali.<\/li>\n<li>D\u0131\u015fi\u015fleri ve Gubet\u00e7iler Bakan\u0131:\u00a0 Bessam El Sabba\u011f.<\/li>\n<li>Savunma Bakan\u0131: Korgeneral Ali Mahmud Abbas.<\/li>\n<li>\u0130\u00e7i\u015fleri Bakan\u0131: T\u00fcmgeneral Muhammed Halid El Rahmun.<\/li>\n<li>Enformasyon Bakan\u0131: Ziad Gisin.<\/li>\n<li>Vak\u0131flar Bakan\u0131: Muhammed Abdulsettar El Seyyid.<\/li>\n<li>\u0130dari Kalk\u0131nma Bakan\u0131: Salam Safaf.<\/li>\n<li>Sanayi Bakan\u0131:\u00a0 Muhammed Samir El Halil.<\/li>\n<li>Turizm Bakan\u0131: Muhammed Rami Martini.<\/li>\n<li>\u0130leti\u015fim ve Bilgi Teknolojileri Bakan\u0131: \u0130yad El Hatib.<\/li>\n<li>Adalet Bakan\u0131: Ahmed El Seyyid.<\/li>\n<li>Ula\u015ft\u0131rma Bakan\u0131: Z\u00fcheyir Huzeyim.<\/li>\n<li>K\u00fclt\u00fcr Bakan\u0131: Diyala Barakat.<\/li>\n<li>Petrol ve Maden Kaynaklar\u0131 Bakan\u0131: Firas Hasan Kaddur.<\/li>\n<li>\u0130\u00e7 Ticaret ve T\u00fcketicinin Korunmas\u0131 Bakan\u0131: Luey El M\u00fcncid.<\/li>\n<li>Devlet Bakan\u0131: Ahmed Bostac\u0131.<\/li>\n<li>E\u011fitim Bakan\u0131: Muhammed Amir El Mardini.<\/li>\n<li>Yerel Y\u00f6netim ve \u00c7evre Bakan\u0131: Luey Harita.<\/li>\n<li>Su Kaynaklar\u0131 Bakan\u0131: Mutaz Kattan.<\/li>\n<li>Y\u00fcksek \u00d6\u011fretim ve Ara\u015f\u0131tmalar Bakan\u0131: Bessam Hasan.<\/li>\n<li>Maliye Bakan\u0131: Riyad Abdulrauf.<\/li>\n<li>Sa\u011fl\u0131k Bakan\u0131: Ahmed Damiriye.<\/li>\n<li>Elektik Bakan\u0131: Sincar Toma.<\/li>\n<li>Tar\u0131m ve Tar\u0131m Reformu Bakan\u0131: Fayiz Mikdad.<\/li>\n<li>Ekonomi ve D\u0131\u015f Ticaret Bakan\u0131:\u00a0 Muhammed Rabi Kalaci.<\/li>\n<li>Devlet Bakan\u0131: Ahmed Hadle.<\/li>\n<li>Sosyal \u0130\u015fler ve \u00c7al\u0131\u015fma Bakan\u0131: Samir El Sibai.<\/li>\n<li>Bay\u0131nd\u0131rl\u0131k ve \u0130skan Bakan\u0131: Hamza Ali.<\/li>\n<\/ul>\n<p style=\"text-align: center;\"><strong><a href=\"https:\/\/t.me\/SuriyeArapHaberAjansI\">Telegram Kanal\u0131m\u0131z\u00a0<\/a><span style=\"color: #ff0000;\">||<\/span><a href=\"https:\/\/twitter.com\/arap_ajans\">X Platformumuz<span style=\"color: #ff0000;\">\u00a0<\/span><\/a><span style=\"color: #ff0000;\">||<\/span><a href=\"https:\/\/www.facebook.com\/SANAHaberAjansi\/\">Facebook Sayfam\u0131z<\/a><\/strong><\/p>\n","protected":false},"excerpt":{"rendered":"<p>\u015eAM (SANA) &#8211; Cumhurba\u015fkan\u0131 Be\u015f\u015far Esad, Muhammed Gazi El Celali ba\u015fkanl\u0131\u011f\u0131ndaki yeni h\u00fck\u00fcmetin kurulmas\u0131na ili\u015fkin bir kararname yay\u0131nlad\u0131. \u00a0Suriye Arap Cumhuriyeti&#8217;ndeki Bakanl\u0131k Kurulu \u015fu \u015fekilde olu\u015fmaktad\u0131r: Ba\u015fbakan: Muhammed Gazi El Celali. D\u0131\u015fi\u015fleri ve Gubet\u00e7iler Bakan\u0131:\u00a0 Bessam El Sabba\u011f. Savunma Bakan\u0131: Korgeneral Ali Mahmud Abbas. \u0130\u00e7i\u015fleri Bakan\u0131: T\u00fcmgeneral Muhammed Halid El Rahmun. Enformasyon Bakan\u0131: Ziad Gisin. &hellip;<\/p>\n","protected":false},"author":41,"featured_media":308915,"comment_status":"closed","ping_status":"closed","sticky":false,"template":"","format":"standard","meta":{"footnotes":""},"categories":[589,605,17988,612],"tags":[42455,42355],"class_list":["post-308914","post","type-post","status-publish","format-standard","has-post-thumbnail","","category-haber-seridi","category-sayin-cumhurbaskani","category-son-haberler","category-yasama-kararnameler","tag-suriyede-yeni-gelismeler","tag-suriyede-yeni-hukumet"],"_links":{"self":[{"href":"https:\/\/archive.sana.sy\/tr\/index.php?rest_route=\/wp\/v2\/posts\/308914","targetHints":{"allow":["GET"]}}],"collection":[{"href":"https:\/\/archive.sana.sy\/tr\/index.php?rest_route=\/wp\/v2\/posts"}],"about":[{"href":"https:\/\/archive.sana.sy\/tr\/index.php?rest_route=\/wp\/v2\/types\/post"}],"author":[{"embeddable":true,"href":"https:\/\/archive.sana.sy\/tr\/index.php?rest_route=\/wp\/v2\/users\/41"}],"replies":[{"embeddable":true,"href":"https:\/\/archive.sana.sy\/tr\/index.php?rest_route=%2Fwp%2Fv2%2Fcomments&post=308914"}],"version-history":[{"count":8,"href":"https:\/\/archive.sana.sy\/tr\/index.php?rest_route=\/wp\/v2\/posts\/308914\/revisions"}],"predecessor-version":[{"id":308938,"href":"https:\/\/archive.sana.sy\/tr\/index.php?rest_route=\/wp\/v2\/posts\/308914\/revisions\/308938"}],"wp:featuredmedia":[{"embeddable":true,"href":"https:\/\/archive.sana.sy\/tr\/index.php?rest_route=\/wp\/v2\/media\/308915"}],"wp:attachment":[{"href":"https:\/\/archive.sana.sy\/tr\/index.php?rest_route=%2Fwp%2Fv2%2Fmedia&parent=308914"}],"wp:term":[{"taxonomy":"category","embeddable":true,"href":"https:\/\/archive.sana.sy\/tr\/index.php?rest_route=%2Fwp%2Fv2%2Fcategories&post=308914"},{"taxonomy":"post_tag","embeddable":true,"href":"https:\/\/archive.sana.sy\/tr\/index.php?rest_route=%2Fwp%2Fv2%2Ftags&post=308914"}],"curies":[{"name":"wp","href":"https:\/\/api.w.org\/{rel}","templated":true}]}}