{"id":308930,"date":"2024-09-23T11:28:28","date_gmt":"2024-09-23T08:28:28","guid":{"rendered":"https:\/\/sana.sy\/tr\/?p=308930"},"modified":"2024-09-24T14:37:12","modified_gmt":"2024-09-24T11:37:12","slug":"bulgaristanin-sam-buyukelciligi-bulgaristanda-kayitli-bir-sirketin-lubnan-direnisine-cagri-cihazi-sagladigi-yonundeki-iddialari-yalanladi","status":"publish","type":"post","link":"https:\/\/archive.sana.sy\/tr\/?p=308930","title":{"rendered":"Bulgaristan&#8217;\u0131n \u015eam B\u00fcy\u00fckel\u00e7ili\u011fi, Bulgaristan&#8217;da Kay\u0131tl\u0131 Bir \u015eirketin L\u00fcbnan Direni\u015fine \u00c7a\u011fr\u0131 Cihaz\u0131 Sa\u011flad\u0131\u011f\u0131 Y\u00f6n\u00fcndeki \u0130ddialar\u0131 Yalanlad\u0131"},"content":{"rendered":"<p style=\"text-align: justify;\"><strong>\u015eAM (SANA) &#8211;<\/strong>\u00a0 Bulgaristan Cumhuriyeti&#8217;nin \u015eam B\u00fcy\u00fckel\u00e7ili\u011fi, Bulgaristan&#8217;da kay\u0131tl\u0131 bir \u015firketin L\u00fcbnan direni\u015fine &#8220;\u00e7a\u011fr\u0131 cihaz\u0131 &#8211; Pager&#8221; ileti\u015fim ekipman\u0131 sevkiyat\u0131 sa\u011flad\u0131\u011f\u0131 y\u00f6n\u00fcndeki bilgiyi yalanlad\u0131.<\/p>\n<p style=\"text-align: justify;\">B\u00fcy\u00fckel\u00e7ilik bug\u00fcn bir n\u00fcshas\u0131 SANA&#8217;ya ula\u015fan bir a\u00e7\u0131klamada \u015funlar\u0131 s\u00f6yledi: \u2018\u2019Medyan\u0131n artan ilgisi ba\u011flam\u0131nda ve Bulgaristan&#8217;da kay\u0131tl\u0131 bir \u015firketin L\u00fcbnan Hizbullah \u00f6rg\u00fct\u00fcne L\u00fcbnan ve Suriye topraklar\u0131nda patlat\u0131lan ileti\u015fim ekipman\u0131 (\u00e7a\u011fr\u0131 cihazlar\u0131 &#8211; Pager) sevkiyat\u0131 sa\u011flad\u0131\u011f\u0131na dair bilgilere at\u0131fla , Ulusal G\u00fcvenlik Kurumu&#8217;ndan al\u0131nan verilere g\u00f6re, hedeflenen mallar \u00fczerinde Bulgaristan topraklar\u0131 \u00fczerinden herhangi bir g\u00fcmr\u00fck i\u015fleminin yap\u0131lmad\u0131\u011f\u0131n\u0131 teyit ederiz. \u00a0Medyada ad\u0131 ge\u00e7en yabanc\u0131 firmalarla herhangi bir g\u00fcmr\u00fck i\u015flemi yap\u0131lmam\u0131\u015ft\u0131r.\u2019\u2019<\/p>\n<p style=\"text-align: justify;\">B\u00fcy\u00fckel\u00e7ilik \u015funlar\u0131 ekledi: \u2018\u2019Devlet Ulusal G\u00fcvenlik Kurumu taraf\u0131ndan yap\u0131lan incelemeler sonucunda, Bulgaristan&#8217;da hi\u00e7bir ileti\u015fim cihaz\u0131n\u0131n ithal edilmedi\u011fi, ihra\u00e7 edilmedi\u011fi veya \u00fcretilmedi\u011fi makul \u015f\u00fcpheye yer b\u0131rakmayacak \u015fekilde kan\u0131tland\u0131.\u2019\u2019<\/p>\n<p style=\"text-align: justify;\">B\u00fcy\u00fckel\u00e7ilik, denetimlerden elde edilen verilerin Norta&#8217;n\u0131n Ter\u00f6rizmin Finansman\u0131na Kar\u015f\u0131 Tedbirler Kanunu kapsam\u0131na giren mali operasyonlar y\u00fcr\u00fctmedi\u011fini g\u00f6sterdi\u011fini a\u00e7\u0131klad\u0131.<\/p>\n<p style=\"text-align: justify;\">B\u00fcy\u00fckel\u00e7ilik ayr\u0131ca, yay\u0131nlarda ad\u0131 ge\u00e7en Norta \u015firketinin savunmayla ilgili \u00fcr\u00fcnler veya \u00e7ift kullan\u0131ml\u0131 malzeme ve teknolojilerin ticaretini yapmak \u00fczere kay\u0131tl\u0131 olmad\u0131\u011f\u0131n\u0131 kaydetti.<\/p>\n<p style=\"text-align: center;\"><strong><a href=\"https:\/\/t.me\/SuriyeArapHaberAjansI\">Telegram Kanal\u0131m\u0131z\u00a0<\/a>||<a href=\"https:\/\/twitter.com\/arap_ajans\">X Platformumuz\u00a0<\/a>||<a href=\"https:\/\/www.facebook.com\/SANAHaberAjansi\/\">Facebook Sayfam\u0131z<\/a><\/strong><\/p>\n","protected":false},"excerpt":{"rendered":"<p>\u015eAM (SANA) &#8211;\u00a0 Bulgaristan Cumhuriyeti&#8217;nin \u015eam B\u00fcy\u00fckel\u00e7ili\u011fi, Bulgaristan&#8217;da kay\u0131tl\u0131 bir \u015firketin L\u00fcbnan direni\u015fine &#8220;\u00e7a\u011fr\u0131 cihaz\u0131 &#8211; Pager&#8221; ileti\u015fim ekipman\u0131 sevkiyat\u0131 sa\u011flad\u0131\u011f\u0131 y\u00f6n\u00fcndeki bilgiyi yalanlad\u0131. B\u00fcy\u00fckel\u00e7ilik bug\u00fcn bir n\u00fcshas\u0131 SANA&#8217;ya ula\u015fan bir a\u00e7\u0131klamada \u015funlar\u0131 s\u00f6yledi: \u2018\u2019Medyan\u0131n artan ilgisi ba\u011flam\u0131nda ve Bulgaristan&#8217;da kay\u0131tl\u0131 bir \u015firketin L\u00fcbnan Hizbullah \u00f6rg\u00fct\u00fcne L\u00fcbnan ve Suriye topraklar\u0131nda patlat\u0131lan ileti\u015fim ekipman\u0131 (\u00e7a\u011fr\u0131 cihazlar\u0131 &hellip;<\/p>\n","protected":false},"author":41,"featured_media":308933,"comment_status":"closed","ping_status":"closed","sticky":false,"template":"","format":"standard","meta":{"footnotes":""},"categories":[479,17988,478],"tags":[],"class_list":["post-308930","post","type-post","status-publish","format-standard","has-post-thumbnail","","category-haberler-yerel","category-son-haberler","category-yerel"],"_links":{"self":[{"href":"https:\/\/archive.sana.sy\/tr\/index.php?rest_route=\/wp\/v2\/posts\/308930","targetHints":{"allow":["GET"]}}],"collection":[{"href":"https:\/\/archive.sana.sy\/tr\/index.php?rest_route=\/wp\/v2\/posts"}],"about":[{"href":"https:\/\/archive.sana.sy\/tr\/index.php?rest_route=\/wp\/v2\/types\/post"}],"author":[{"embeddable":true,"href":"https:\/\/archive.sana.sy\/tr\/index.php?rest_route=\/wp\/v2\/users\/41"}],"replies":[{"embeddable":true,"href":"https:\/\/archive.sana.sy\/tr\/index.php?rest_route=%2Fwp%2Fv2%2Fcomments&post=308930"}],"version-history":[{"count":1,"href":"https:\/\/archive.sana.sy\/tr\/index.php?rest_route=\/wp\/v2\/posts\/308930\/revisions"}],"predecessor-version":[{"id":308932,"href":"https:\/\/archive.sana.sy\/tr\/index.php?rest_route=\/wp\/v2\/posts\/308930\/revisions\/308932"}],"wp:featuredmedia":[{"embeddable":true,"href":"https:\/\/archive.sana.sy\/tr\/index.php?rest_route=\/wp\/v2\/media\/308933"}],"wp:attachment":[{"href":"https:\/\/archive.sana.sy\/tr\/index.php?rest_route=%2Fwp%2Fv2%2Fmedia&parent=308930"}],"wp:term":[{"taxonomy":"category","embeddable":true,"href":"https:\/\/archive.sana.sy\/tr\/index.php?rest_route=%2Fwp%2Fv2%2Fcategories&post=308930"},{"taxonomy":"post_tag","embeddable":true,"href":"https:\/\/archive.sana.sy\/tr\/index.php?rest_route=%2Fwp%2Fv2%2Ftags&post=308930"}],"curies":[{"name":"wp","href":"https:\/\/api.w.org\/{rel}","templated":true}]}}