{"id":308934,"date":"2024-09-23T10:44:43","date_gmt":"2024-09-23T07:44:43","guid":{"rendered":"https:\/\/sana.sy\/tr\/?p=308934"},"modified":"2024-09-24T14:37:10","modified_gmt":"2024-09-24T11:37:10","slug":"lubnan-egitim-bakani-israil-saldirganliklari-nedeniyle-bircok-bolgede-okullar-kapatildi","status":"publish","type":"post","link":"https:\/\/archive.sana.sy\/tr\/?p=308934","title":{"rendered":"L\u00fcbnan E\u011fitim Bakan\u0131: \u0130srail Sald\u0131rganl\u0131klar\u0131 Nedeniyle Bir\u00e7ok B\u00f6lgede Okullar Kapat\u0131ld\u0131"},"content":{"rendered":"<p style=\"text-align: justify;\"><strong>BEYRUT (SANA) &#8211;<\/strong>\u00a0 L\u00fcbnan ge\u00e7ici h\u00fck\u00fcmetinin E\u011fitim ve Y\u00fcksek \u00d6\u011fretim Bakan\u0131 Abbas El Halabi, G\u00fcney, Nabatiye, Bekaa, Baalbak-Hirmil ve g\u00fcney banliy\u00f6lerindeki resmi ve \u00f6zel okullar\u0131n, liselerin, enstit\u00fclerin, mesleki ve teknik okullar\u0131n bug\u00fcn ve yar\u0131n kapat\u0131laca\u011f\u0131n\u0131 duyurdu.<\/p>\n<p style=\"text-align: justify;\">L\u00fcbnan Ulusal Haber Ajans\u0131, El Halabi&#8217;nin bir a\u00e7\u0131klamas\u0131nda \u015funlar\u0131 s\u00f6yledi\u011fini aktard\u0131: \u2018\u2019Bu tedbir, &#8220;yukar\u0131da ad\u0131 ge\u00e7en valiliklerdeki g\u00fcvenlik ve askeri durumun geli\u015fmesi ve \u00f6\u011frencilerin s\u00f6z konusu okul ve e\u011fitim kurumlar\u0131na transferine tehdit olu\u015fturmas\u0131 nedeniyle&#8221; geldi.\u2019\u2019<\/p>\n<p style=\"text-align: justify;\">Bakan El Halabi, e\u011fitim kurumlar\u0131n\u0131n y\u00f6neticilerini Bakanl\u0131\u011f\u0131n bu konuda yapt\u0131\u011f\u0131 resmi a\u00e7\u0131klamalar\u0131 takip etmeye \u00e7a\u011f\u0131rd\u0131.<\/p>\n<p style=\"text-align: center;\"><strong><a href=\"https:\/\/t.me\/SuriyeArapHaberAjansI\">Telegram Kanal\u0131m\u0131z\u00a0<\/a>||<a href=\"https:\/\/twitter.com\/arap_ajans\">X Platformumuz\u00a0<\/a>||<a href=\"https:\/\/www.facebook.com\/SANAHaberAjansi\/\">Facebook Sayfam\u0131z<\/a><\/strong><\/p>\n","protected":false},"excerpt":{"rendered":"<p>BEYRUT (SANA) &#8211;\u00a0 L\u00fcbnan ge\u00e7ici h\u00fck\u00fcmetinin E\u011fitim ve Y\u00fcksek \u00d6\u011fretim Bakan\u0131 Abbas El Halabi, G\u00fcney, Nabatiye, Bekaa, Baalbak-Hirmil ve g\u00fcney banliy\u00f6lerindeki resmi ve \u00f6zel okullar\u0131n, liselerin, enstit\u00fclerin, mesleki ve teknik okullar\u0131n bug\u00fcn ve yar\u0131n kapat\u0131laca\u011f\u0131n\u0131 duyurdu. L\u00fcbnan Ulusal Haber Ajans\u0131, El Halabi&#8217;nin bir a\u00e7\u0131klamas\u0131nda \u015funlar\u0131 s\u00f6yledi\u011fini aktard\u0131: \u2018\u2019Bu tedbir, &#8220;yukar\u0131da ad\u0131 ge\u00e7en valiliklerdeki g\u00fcvenlik ve &hellip;<\/p>\n","protected":false},"author":41,"featured_media":308935,"comment_status":"closed","ping_status":"closed","sticky":false,"template":"","format":"standard","meta":{"footnotes":""},"categories":[458,459,17988],"tags":[42454],"class_list":["post-308934","post","type-post","status-publish","format-standard","has-post-thumbnail","","category-dunya1","category-haberler-arap-uluslararasi-politika","category-son-haberler","tag-lubnan-egitim-bakani-israil-saldirganliklari-nedeniyle-bircok-bolgede-okullar-kapatildi"],"_links":{"self":[{"href":"https:\/\/archive.sana.sy\/tr\/index.php?rest_route=\/wp\/v2\/posts\/308934","targetHints":{"allow":["GET"]}}],"collection":[{"href":"https:\/\/archive.sana.sy\/tr\/index.php?rest_route=\/wp\/v2\/posts"}],"about":[{"href":"https:\/\/archive.sana.sy\/tr\/index.php?rest_route=\/wp\/v2\/types\/post"}],"author":[{"embeddable":true,"href":"https:\/\/archive.sana.sy\/tr\/index.php?rest_route=\/wp\/v2\/users\/41"}],"replies":[{"embeddable":true,"href":"https:\/\/archive.sana.sy\/tr\/index.php?rest_route=%2Fwp%2Fv2%2Fcomments&post=308934"}],"version-history":[{"count":2,"href":"https:\/\/archive.sana.sy\/tr\/index.php?rest_route=\/wp\/v2\/posts\/308934\/revisions"}],"predecessor-version":[{"id":308944,"href":"https:\/\/archive.sana.sy\/tr\/index.php?rest_route=\/wp\/v2\/posts\/308934\/revisions\/308944"}],"wp:featuredmedia":[{"embeddable":true,"href":"https:\/\/archive.sana.sy\/tr\/index.php?rest_route=\/wp\/v2\/media\/308935"}],"wp:attachment":[{"href":"https:\/\/archive.sana.sy\/tr\/index.php?rest_route=%2Fwp%2Fv2%2Fmedia&parent=308934"}],"wp:term":[{"taxonomy":"category","embeddable":true,"href":"https:\/\/archive.sana.sy\/tr\/index.php?rest_route=%2Fwp%2Fv2%2Fcategories&post=308934"},{"taxonomy":"post_tag","embeddable":true,"href":"https:\/\/archive.sana.sy\/tr\/index.php?rest_route=%2Fwp%2Fv2%2Ftags&post=308934"}],"curies":[{"name":"wp","href":"https:\/\/api.w.org\/{rel}","templated":true}]}}