{"id":308945,"date":"2024-09-23T18:53:27","date_gmt":"2024-09-23T15:53:27","guid":{"rendered":"https:\/\/sana.sy\/tr\/?p=308945"},"modified":"2024-09-23T18:55:27","modified_gmt":"2024-09-23T15:55:27","slug":"iran-israilin-saldirganligini-ve-masum-lubnanlilara-karsi-isledigi-suclari-siddetle-kinadi","status":"publish","type":"post","link":"https:\/\/archive.sana.sy\/tr\/?p=308945","title":{"rendered":"\u0130ran, \u0130srail&#8217;in Sald\u0131rganl\u0131\u011f\u0131n\u0131 Ve Masum L\u00fcbnanl\u0131lara Kar\u015f\u0131 \u0130\u015fledi\u011fi Su\u00e7lar\u0131 \u015eiddetle K\u0131nad\u0131"},"content":{"rendered":"<p style=\"text-align: justify;\"><strong>TAHRAN (SANA) &#8211;<\/strong> \u0130ran D\u0131\u015fi\u015fleri Bakanl\u0131\u011f\u0131, sald\u0131rgan Siyonist varl\u0131\u011f\u0131n g\u00fcney L\u00fcbnan&#8217;daki \u00e7e\u015fitli yerle\u015fim b\u00f6lgelerine y\u00f6nelik \u0130srail hava sald\u0131rganl\u0131klar\u0131n\u0131 ve bu \u00fclkedeki y\u00fczlerce masum insan\u0131n \u00f6ld\u00fcr\u00fclmesini ve yaralanmas\u0131n\u0131 \u015fiddetle k\u0131nad\u0131.<\/p>\n<p style=\"text-align: justify;\">\u0130ran Haber Ajans\u0131 \u201cIRNA\u201d bug\u00fcn \u0130ran D\u0131\u015fi\u015fleri Bakanl\u0131\u011f\u0131 s\u00f6zc\u00fcs\u00fc Nas\u0131r Kenani&#8217;nin \u015fu s\u00f6zlerini aktard\u0131: \u2018\u2019Filistin ve L\u00fcbnan&#8217;da soyk\u0131r\u0131m politikas\u0131n\u0131 s\u00fcrd\u00fcren Siyonist rejimin ge\u00e7en y\u0131ldan beri devam eden su\u00e7lar\u0131na kar\u015f\u0131 uluslararas\u0131 sessizlik olmasayd\u0131, bu \u00e7\u0131lg\u0131n sald\u0131r\u0131lar ger\u00e7ekle\u015femez ve devam edemezdi.\u2019\u2019<\/p>\n<p style=\"text-align: justify;\">Kenani ayr\u0131ca, Siyonist varl\u0131\u011f\u0131n Filistin&#8217;deki su\u00e7lar\u0131n\u0131n devam etmesini ve bu su\u00e7lar\u0131n kapsam\u0131n\u0131n L\u00fcbnan&#8217;a kadar geni\u015flemesini, b\u00f6lgesel ve uluslararas\u0131 bar\u0131\u015f ve g\u00fcvenli\u011fe y\u00f6nelik ciddi tehdidin a\u00e7\u0131k bir \u00f6rne\u011fi olarak de\u011ferlendirerek, bu su\u00e7lar\u0131n durdurulmas\u0131 i\u00e7in Birle\u015fmi\u015f Milletler G\u00fcvenlik Konseyi&#8217;ne acil eylem \u00e7a\u011fr\u0131s\u0131nda bulundu.<\/p>\n<p style=\"text-align: justify;\">Kenani, ABD ve baz\u0131 Bat\u0131l\u0131lar\u0131n Siyonist yap\u0131ya verdi\u011fi deste\u011fi ele\u015ftirirken de, bu su\u00e7 varl\u0131\u011f\u0131n Filistin halk\u0131na kar\u015f\u0131 i\u015fledi\u011fi su\u00e7lar\u0131n devam edece\u011fi ve sava\u015f\u0131n kapsam\u0131n\u0131 t\u00fcm b\u00f6lgeye geni\u015fletme giri\u015fimi konusunda uyar\u0131da bulundu.<\/p>\n<p style=\"text-align: center;\"><strong><a href=\"https:\/\/t.me\/SuriyeArapHaberAjansI\">Telegram Kanal\u0131m\u0131z\u00a0<\/a>||<a href=\"https:\/\/twitter.com\/arap_ajans\">X Platformumuz\u00a0<\/a>||<a href=\"https:\/\/www.facebook.com\/SANAHaberAjansi\/\">Facebook Sayfam\u0131z<\/a><\/strong><\/p>\n","protected":false},"excerpt":{"rendered":"<p>TAHRAN (SANA) &#8211; \u0130ran D\u0131\u015fi\u015fleri Bakanl\u0131\u011f\u0131, sald\u0131rgan Siyonist varl\u0131\u011f\u0131n g\u00fcney L\u00fcbnan&#8217;daki \u00e7e\u015fitli yerle\u015fim b\u00f6lgelerine y\u00f6nelik \u0130srail hava sald\u0131rganl\u0131klar\u0131n\u0131 ve bu \u00fclkedeki y\u00fczlerce masum insan\u0131n \u00f6ld\u00fcr\u00fclmesini ve yaralanmas\u0131n\u0131 \u015fiddetle k\u0131nad\u0131. \u0130ran Haber Ajans\u0131 \u201cIRNA\u201d bug\u00fcn \u0130ran D\u0131\u015fi\u015fleri Bakanl\u0131\u011f\u0131 s\u00f6zc\u00fcs\u00fc Nas\u0131r Kenani&#8217;nin \u015fu s\u00f6zlerini aktard\u0131: \u2018\u2019Filistin ve L\u00fcbnan&#8217;da soyk\u0131r\u0131m politikas\u0131n\u0131 s\u00fcrd\u00fcren Siyonist rejimin ge\u00e7en y\u0131ldan beri devam &hellip;<\/p>\n","protected":false},"author":41,"featured_media":308946,"comment_status":"closed","ping_status":"closed","sticky":false,"template":"","format":"standard","meta":{"footnotes":""},"categories":[458,589,459,17988],"tags":[3915,42458,42457,42456],"class_list":["post-308945","post","type-post","status-publish","format-standard","has-post-thumbnail","","category-dunya1","category-haber-seridi","category-haberler-arap-uluslararasi-politika","category-son-haberler","tag-iran","tag-iran-ile-israil-arasindaki-iliskiler","tag-iran-israile-saldirdiyor","tag-israilin-saldirganligini-ve-masum-lubnanlilara-karsi-isledigi-suclari-siddetle-kinadi"],"_links":{"self":[{"href":"https:\/\/archive.sana.sy\/tr\/index.php?rest_route=\/wp\/v2\/posts\/308945","targetHints":{"allow":["GET"]}}],"collection":[{"href":"https:\/\/archive.sana.sy\/tr\/index.php?rest_route=\/wp\/v2\/posts"}],"about":[{"href":"https:\/\/archive.sana.sy\/tr\/index.php?rest_route=\/wp\/v2\/types\/post"}],"author":[{"embeddable":true,"href":"https:\/\/archive.sana.sy\/tr\/index.php?rest_route=\/wp\/v2\/users\/41"}],"replies":[{"embeddable":true,"href":"https:\/\/archive.sana.sy\/tr\/index.php?rest_route=%2Fwp%2Fv2%2Fcomments&post=308945"}],"version-history":[{"count":1,"href":"https:\/\/archive.sana.sy\/tr\/index.php?rest_route=\/wp\/v2\/posts\/308945\/revisions"}],"predecessor-version":[{"id":308947,"href":"https:\/\/archive.sana.sy\/tr\/index.php?rest_route=\/wp\/v2\/posts\/308945\/revisions\/308947"}],"wp:featuredmedia":[{"embeddable":true,"href":"https:\/\/archive.sana.sy\/tr\/index.php?rest_route=\/wp\/v2\/media\/308946"}],"wp:attachment":[{"href":"https:\/\/archive.sana.sy\/tr\/index.php?rest_route=%2Fwp%2Fv2%2Fmedia&parent=308945"}],"wp:term":[{"taxonomy":"category","embeddable":true,"href":"https:\/\/archive.sana.sy\/tr\/index.php?rest_route=%2Fwp%2Fv2%2Fcategories&post=308945"},{"taxonomy":"post_tag","embeddable":true,"href":"https:\/\/archive.sana.sy\/tr\/index.php?rest_route=%2Fwp%2Fv2%2Ftags&post=308945"}],"curies":[{"name":"wp","href":"https:\/\/api.w.org\/{rel}","templated":true}]}}