{"id":308949,"date":"2024-09-23T19:36:28","date_gmt":"2024-09-23T16:36:28","guid":{"rendered":"https:\/\/sana.sy\/tr\/?p=308949"},"modified":"2024-09-23T19:40:28","modified_gmt":"2024-09-23T16:40:28","slug":"suriye-isgalci-israilin-lubnan-topraklarina-yonelik-devam-eden-menfur-saldirganliklarini-kinadi","status":"publish","type":"post","link":"https:\/\/archive.sana.sy\/tr\/?p=308949","title":{"rendered":"Suriye, \u0130\u015fgalci \u0130srail&#8217;in L\u00fcbnan Topraklar\u0131na Y\u00f6nelik Devam Eden Menfur Sald\u0131rganl\u0131klar\u0131n\u0131 K\u0131nad\u0131"},"content":{"rendered":"<p style=\"text-align: justify;\"><strong>\u015eAM (SANA) \u2013<\/strong> \u00a0D\u0131\u015fi\u015fleri ve Gurbet\u00e7iler Bakanl\u0131\u011f\u0131 bug\u00fcn yapt\u0131\u011f\u0131 a\u00e7\u0131klamada, \u0130srail&#8217;in L\u00fcbnan topraklar\u0131na y\u00f6nelik devam eden ve y\u00fczlerce \u015fehit ve yaral\u0131ya yol a\u00e7an ac\u0131mas\u0131z sald\u0131rganl\u0131klar\u0131n\u0131 k\u0131nad\u0131.<\/p>\n<p style=\"text-align: justify;\">Bakanl\u0131k bug\u00fcn yapt\u0131\u011f\u0131 a\u00e7\u0131klamada, \u2018\u2019D\u00fc\u015fman \u0130srail\u2019in b\u00f6lgede y\u00fcr\u00fctt\u00fc\u011f\u00fc soyk\u0131r\u0131m sava\u015f\u0131n\u0131 yo\u011funla\u015ft\u0131ran bu gasp\u00e7\u0131 varl\u0131k, modern tarihin e\u015fi benzeri olmayan bir \u015fekilde, her g\u00fcn masum insanlar\u0131n kan\u0131n\u0131 d\u00f6kmeye, savunmas\u0131z sivillere y\u00f6nelik katliamlara devam ediyor\u2019\u2019 dedi.<\/p>\n<p style=\"text-align: justify;\">Bakanl\u0131k a\u00e7\u0131klamas\u0131nda ayr\u0131ca \u015fu ifadeleri kulland\u0131: \u2018\u2019D\u00fc\u015fman \u0130srail bu sabahtan itibaren karde\u015f L\u00fcbnan halk\u0131na kar\u015f\u0131 s\u00fcrekli bir sald\u0131rganl\u0131k ba\u015flatt\u0131. F\u00fczeleri ve sava\u015f u\u00e7aklar\u0131, g\u00fcney L\u00fcbnan b\u00f6lgelerindeki konutlar\u0131, ambulanslar\u0131, t\u0131p merkezlerini ve sivil ara\u00e7 konvoylar\u0131n\u0131 hedef alarak insanlar\u0131 ve ta\u015flar\u0131 bombal\u0131yor. Bu da, y\u00fczlerce ki\u015finin \u015fehit d\u00fc\u015fmesine, binlerce masum sivilin, \u00e7ocu\u011fun ve kad\u0131n\u0131n yaralanmas\u0131na yol a\u00e7\u0131yor.\u2019\u2019<\/p>\n<p style=\"text-align: justify;\">\u2018\u2019Suriye, bu vah\u015fi ve korkak\u00e7a sald\u0131r\u0131y\u0131 en g\u00fc\u00e7l\u00fc ifadelerle k\u0131namakta ve bu t\u00fcr su\u00e7 te\u015fkil eden eylemlerin Birle\u015fmi\u015f Milletler&#8217;e \u00fcye t\u00fcm devletler taraf\u0131ndan k\u0131nanmas\u0131 gerekti\u011fini vurgul\u0131yor\u2019\u2019 a\u00e7\u0131klamas\u0131nda bulunan D\u0131\u015fi\u015fleri Bakanl\u0131\u011f\u0131, \u2018\u2019Amerika Birle\u015fik Devletleri&#8217;nin, sanki uluslararas\u0131 yasalar\u0131n ve Birle\u015fmi\u015f Milletler \u015eart\u0131&#8217;n\u0131n \u00fcst\u00fcndeymi\u015f gibi davranan \u0130srail varl\u0131\u011f\u0131na sa\u011flad\u0131\u011f\u0131 koruma ve su\u00e7 ortakl\u0131\u011f\u0131 \u015femsiyesi olmasayd\u0131 bu olay\u0131n ger\u00e7ekle\u015femeyece\u011fini do\u011fruluyor\u2019\u2019 ifadelerini kulland\u0131.<\/p>\n<p style=\"text-align: justify;\">Bakanl\u0131k a\u00e7\u0131klamas\u0131n\u0131 \u015fu ifadelerle tamamlad\u0131: \u2018\u2019 Suriye, bu vah\u015fi sald\u0131r\u0131 kar\u015f\u0131s\u0131nda karde\u015f L\u00fcbnan halk\u0131yla tam dayan\u0131\u015fma i\u00e7inde oldu\u011funu ifade ediyor ve onlar\u0131n direni\u015finin k\u0131r\u0131lmayaca\u011f\u0131ndan ve pusulas\u0131ndan sapmayaca\u011f\u0131ndan emindir. Suriye, \u00a0\u0130srail&#8217;in durumu t\u0131rmand\u0131rmaya ve b\u00f6lgedeki sald\u0131rganl\u0131k \u00e7emberini geni\u015fletmeye y\u00f6nelik \u00e7abalar\u0131n\u0131n tehlikeli sonu\u00e7lar\u0131 konusunda uyar\u0131da bulunuyor.\u2019\u2019<\/p>\n<p style=\"text-align: center;\"><strong><a href=\"https:\/\/t.me\/SuriyeArapHaberAjansI\">Telegram Kanal\u0131m\u0131z\u00a0<\/a>||<a href=\"https:\/\/twitter.com\/arap_ajans\">X Platformumuz\u00a0<\/a>||<a href=\"https:\/\/www.facebook.com\/SANAHaberAjansi\/\">Facebook Sayfam\u0131z<\/a><\/strong><\/p>\n","protected":false},"excerpt":{"rendered":"<p>\u015eAM (SANA) \u2013 \u00a0D\u0131\u015fi\u015fleri ve Gurbet\u00e7iler Bakanl\u0131\u011f\u0131 bug\u00fcn yapt\u0131\u011f\u0131 a\u00e7\u0131klamada, \u0130srail&#8217;in L\u00fcbnan topraklar\u0131na y\u00f6nelik devam eden ve y\u00fczlerce \u015fehit ve yaral\u0131ya yol a\u00e7an ac\u0131mas\u0131z sald\u0131rganl\u0131klar\u0131n\u0131 k\u0131nad\u0131. Bakanl\u0131k bug\u00fcn yapt\u0131\u011f\u0131 a\u00e7\u0131klamada, \u2018\u2019D\u00fc\u015fman \u0130srail\u2019in b\u00f6lgede y\u00fcr\u00fctt\u00fc\u011f\u00fc soyk\u0131r\u0131m sava\u015f\u0131n\u0131 yo\u011funla\u015ft\u0131ran bu gasp\u00e7\u0131 varl\u0131k, modern tarihin e\u015fi benzeri olmayan bir \u015fekilde, her g\u00fcn masum insanlar\u0131n kan\u0131n\u0131 d\u00f6kmeye, savunmas\u0131z sivillere &hellip;<\/p>\n","protected":false},"author":41,"featured_media":308671,"comment_status":"closed","ping_status":"closed","sticky":false,"template":"","format":"standard","meta":{"footnotes":""},"categories":[589,479,17988,478],"tags":[42459,16591],"class_list":["post-308949","post","type-post","status-publish","format-standard","has-post-thumbnail","","category-haber-seridi","category-haberler-yerel","category-son-haberler","category-yerel","tag-isgalci-israilin-lubnan-topraklarina-yonelik-devam-eden-menfur-saldirganliklarini-kinadi","tag-suriye"],"_links":{"self":[{"href":"https:\/\/archive.sana.sy\/tr\/index.php?rest_route=\/wp\/v2\/posts\/308949","targetHints":{"allow":["GET"]}}],"collection":[{"href":"https:\/\/archive.sana.sy\/tr\/index.php?rest_route=\/wp\/v2\/posts"}],"about":[{"href":"https:\/\/archive.sana.sy\/tr\/index.php?rest_route=\/wp\/v2\/types\/post"}],"author":[{"embeddable":true,"href":"https:\/\/archive.sana.sy\/tr\/index.php?rest_route=\/wp\/v2\/users\/41"}],"replies":[{"embeddable":true,"href":"https:\/\/archive.sana.sy\/tr\/index.php?rest_route=%2Fwp%2Fv2%2Fcomments&post=308949"}],"version-history":[{"count":3,"href":"https:\/\/archive.sana.sy\/tr\/index.php?rest_route=\/wp\/v2\/posts\/308949\/revisions"}],"predecessor-version":[{"id":308952,"href":"https:\/\/archive.sana.sy\/tr\/index.php?rest_route=\/wp\/v2\/posts\/308949\/revisions\/308952"}],"wp:featuredmedia":[{"embeddable":true,"href":"https:\/\/archive.sana.sy\/tr\/index.php?rest_route=\/wp\/v2\/media\/308671"}],"wp:attachment":[{"href":"https:\/\/archive.sana.sy\/tr\/index.php?rest_route=%2Fwp%2Fv2%2Fmedia&parent=308949"}],"wp:term":[{"taxonomy":"category","embeddable":true,"href":"https:\/\/archive.sana.sy\/tr\/index.php?rest_route=%2Fwp%2Fv2%2Fcategories&post=308949"},{"taxonomy":"post_tag","embeddable":true,"href":"https:\/\/archive.sana.sy\/tr\/index.php?rest_route=%2Fwp%2Fv2%2Ftags&post=308949"}],"curies":[{"name":"wp","href":"https:\/\/api.w.org\/{rel}","templated":true}]}}