{"id":308959,"date":"2024-09-24T09:36:01","date_gmt":"2024-09-24T06:36:01","guid":{"rendered":"https:\/\/sana.sy\/tr\/?p=308959"},"modified":"2024-09-24T09:36:01","modified_gmt":"2024-09-24T06:36:01","slug":"lubnan-saglik-bakanligi-israilin-lubnana-yonelik-saldirganliginda-492-sehit-1-645-yarali","status":"publish","type":"post","link":"https:\/\/archive.sana.sy\/tr\/?p=308959","title":{"rendered":"L\u00fcbnan Sa\u011fl\u0131k Bakanl\u0131\u011f\u0131: \u0130srail&#8217;in L\u00fcbnan&#8217;a Y\u00f6nelik Sald\u0131rganl\u0131\u011f\u0131nda 492 \u015eehit, 1.645 Yaral\u0131"},"content":{"rendered":"<p style=\"text-align: justify;\"><strong>BEYRUT <\/strong><strong>(SANA) &#8211;<\/strong> \u00a0L\u00fcbnan Sa\u011fl\u0131k Bakanl\u0131\u011f\u0131, \u0130srail&#8217;in bu sabahtan bu yana L\u00fcbnan&#8217;a y\u00f6nelik devam eden sald\u0131rganl\u0131klar\u0131nda \u00a0\u015fehitlerin say\u0131s\u0131n\u0131n 492&#8217;ye, 1.645 yaral\u0131ya y\u00fckseldi\u011fini duyurdu.<\/p>\n<p style=\"text-align: justify;\">L\u00fcbnan Halk Sa\u011fl\u0131\u011f\u0131 Bakanl\u0131\u011f\u0131 Halk Sa\u011fl\u0131\u011f\u0131 Acil Operasyon Merkezi bug\u00fcn yapt\u0131\u011f\u0131 a\u00e7\u0131klamada \u015funlar\u0131 ifade etti: &#8220;D\u00fc\u015fman \u0130srail&#8217;in L\u00fcbnan&#8217;\u0131n g\u00fcneyindeki Bekaa ve Baalbek kasaba ve k\u00f6ylerine uzun s\u00fcren sald\u0131r\u0131lar\u0131, 35&#8217;i \u00e7ocuk, 58&#8217;i kad\u0131n olmak \u00fczere 492 ki\u015finin \u015fehit olmas\u0131na, 1.645 ki\u015finin de yaralanmas\u0131na yol a\u00e7t\u0131.&#8221;<\/p>\n<p style=\"text-align: justify;\">\u0130srail&#8217;in bu sabahtan bu yana L\u00fcbnan&#8217;a y\u00f6nelik yayg\u0131n sald\u0131rganl\u0131\u011f\u0131, g\u00fcney ve bat\u0131 Bekaa&#8217;daki k\u00f6y ve kasabalardaki evleri ve konutlar\u0131 hedef alarak kuzeye kadar sivillere kar\u015f\u0131 bir\u00e7ok katliam ger\u00e7ekle\u015ftirdi.<\/p>\n<p style=\"text-align: center;\"><strong><a href=\"https:\/\/t.me\/SuriyeArapHaberAjansI\">Telegram Kanal\u0131m\u0131z\u00a0<\/a>||<a href=\"https:\/\/twitter.com\/arap_ajans\">X Platformumuz\u00a0<\/a>||<a href=\"https:\/\/www.facebook.com\/SANAHaberAjansi\/\">Facebook Sayfam\u0131z<\/a><\/strong><\/p>\n","protected":false},"excerpt":{"rendered":"<p>BEYRUT (SANA) &#8211; \u00a0L\u00fcbnan Sa\u011fl\u0131k Bakanl\u0131\u011f\u0131, \u0130srail&#8217;in bu sabahtan bu yana L\u00fcbnan&#8217;a y\u00f6nelik devam eden sald\u0131rganl\u0131klar\u0131nda \u00a0\u015fehitlerin say\u0131s\u0131n\u0131n 492&#8217;ye, 1.645 yaral\u0131ya y\u00fckseldi\u011fini duyurdu. L\u00fcbnan Halk Sa\u011fl\u0131\u011f\u0131 Bakanl\u0131\u011f\u0131 Halk Sa\u011fl\u0131\u011f\u0131 Acil Operasyon Merkezi bug\u00fcn yapt\u0131\u011f\u0131 a\u00e7\u0131klamada \u015funlar\u0131 ifade etti: &#8220;D\u00fc\u015fman \u0130srail&#8217;in L\u00fcbnan&#8217;\u0131n g\u00fcneyindeki Bekaa ve Baalbek kasaba ve k\u00f6ylerine uzun s\u00fcren sald\u0131r\u0131lar\u0131, 35&#8217;i \u00e7ocuk, 58&#8217;i kad\u0131n &hellip;<\/p>\n","protected":false},"author":39,"featured_media":308960,"comment_status":"closed","ping_status":"closed","sticky":false,"template":"","format":"standard","meta":{"footnotes":""},"categories":[458,589,459,17988],"tags":[],"class_list":["post-308959","post","type-post","status-publish","format-standard","has-post-thumbnail","","category-dunya1","category-haber-seridi","category-haberler-arap-uluslararasi-politika","category-son-haberler"],"_links":{"self":[{"href":"https:\/\/archive.sana.sy\/tr\/index.php?rest_route=\/wp\/v2\/posts\/308959","targetHints":{"allow":["GET"]}}],"collection":[{"href":"https:\/\/archive.sana.sy\/tr\/index.php?rest_route=\/wp\/v2\/posts"}],"about":[{"href":"https:\/\/archive.sana.sy\/tr\/index.php?rest_route=\/wp\/v2\/types\/post"}],"author":[{"embeddable":true,"href":"https:\/\/archive.sana.sy\/tr\/index.php?rest_route=\/wp\/v2\/users\/39"}],"replies":[{"embeddable":true,"href":"https:\/\/archive.sana.sy\/tr\/index.php?rest_route=%2Fwp%2Fv2%2Fcomments&post=308959"}],"version-history":[{"count":1,"href":"https:\/\/archive.sana.sy\/tr\/index.php?rest_route=\/wp\/v2\/posts\/308959\/revisions"}],"predecessor-version":[{"id":308961,"href":"https:\/\/archive.sana.sy\/tr\/index.php?rest_route=\/wp\/v2\/posts\/308959\/revisions\/308961"}],"wp:featuredmedia":[{"embeddable":true,"href":"https:\/\/archive.sana.sy\/tr\/index.php?rest_route=\/wp\/v2\/media\/308960"}],"wp:attachment":[{"href":"https:\/\/archive.sana.sy\/tr\/index.php?rest_route=%2Fwp%2Fv2%2Fmedia&parent=308959"}],"wp:term":[{"taxonomy":"category","embeddable":true,"href":"https:\/\/archive.sana.sy\/tr\/index.php?rest_route=%2Fwp%2Fv2%2Fcategories&post=308959"},{"taxonomy":"post_tag","embeddable":true,"href":"https:\/\/archive.sana.sy\/tr\/index.php?rest_route=%2Fwp%2Fv2%2Ftags&post=308959"}],"curies":[{"name":"wp","href":"https:\/\/api.w.org\/{rel}","templated":true}]}}