{"id":308962,"date":"2024-09-24T09:42:56","date_gmt":"2024-09-24T06:42:56","guid":{"rendered":"https:\/\/sana.sy\/tr\/?p=308962"},"modified":"2024-09-24T09:44:09","modified_gmt":"2024-09-24T06:44:09","slug":"lubnan-direnisi-dusman-israili-hedef-alarak-dogrudan-isabetler-sagladi","status":"publish","type":"post","link":"https:\/\/archive.sana.sy\/tr\/?p=308962","title":{"rendered":"L\u00fcbnan Direni\u015fi Bir Dizi Hava Sald\u0131r\u0131s\u0131yla D\u00fc\u015fman \u0130srail&#8217;i Hedef Alarak Do\u011frudan \u0130sabetler Sa\u011flad\u0131"},"content":{"rendered":"<p>BEYRUT (SANA) \u2013 \u0130\u015fgalci \u0130srail&#8217;in L\u00fcbnan ve Gazze \u015eeridi&#8217;ne kar\u015f\u0131 i\u015fledi\u011fi vah\u015fi su\u00e7lara tepki olarak, L\u00fcbnan Ulusal Direni\u015fi bu sabah d\u00fc\u015fman \u0130srail&#8217;in mevzilerine kar\u015f\u0131 bir dizi hava sald\u0131r\u0131s\u0131 d\u00fczenleyerek do\u011frudan isabet sa\u011flad\u0131.<\/p>\n<p>Direni\u015f a\u00e7\u0131klamas\u0131nda \u015fu ifadelere yer verildi: &#8220;Gazze \u015eeridi&#8217;ndeki Filistin halk\u0131m\u0131za destek olarak, onlar\u0131n yi\u011fit direni\u015fine destek olarak ve L\u00fcbnan ile halk\u0131n\u0131 savunarak, Sava\u015f\u00e7\u0131lar\u0131m\u0131z bug\u00fcn Afula&#8217;n\u0131n bat\u0131s\u0131ndaki Mecido Askeri Havaalan\u0131n\u0131 Fadi 1 ve Fadi 2 f\u00fczeleriyle \u00fc\u00e7 kez bombalad\u0131.&#8221;<\/p>\n<p>L\u00fcbnan Ulusal Direni\u015fi ayr\u0131ca, Ramat David \u00fcss\u00fc ve havaalan\u0131n\u0131 Fadi 2 f\u00fczeleriyle,\u00a0 Amos \u00fcss\u00fcn\u00fc (kuzey b\u00f6lgedeki\u00a0 d\u00fc\u015fman \u0130srail&#8217;in ula\u015f\u0131m ve lojistik deste\u011finin ana \u00fcss\u00fc) Fadi 1 f\u00fczeleriyle ise hedef ald\u0131\u011f\u0131n\u0131 duyurdu.<\/p>\n<p>Direni\u015f, s\u0131n\u0131ra 60 kilometre uzakl\u0131ktaki Zichron b\u00f6lgesindeki patlay\u0131c\u0131 madde fabrikas\u0131n\u0131 Fadi 2 f\u00fczeleriyle bombalad\u0131.<\/p>\n<p style=\"text-align: center;\"><strong><a href=\"https:\/\/t.me\/SuriyeArapHaberAjansI\">Telegram Kanal\u0131m\u0131z\u00a0<\/a>||<a href=\"https:\/\/twitter.com\/arap_ajans\">X Platformumuz\u00a0<\/a>||<a href=\"https:\/\/www.facebook.com\/SANAHaberAjansi\/\">Facebook Sayfam\u0131z<\/a><\/strong><\/p>\n","protected":false},"excerpt":{"rendered":"<p>BEYRUT (SANA) \u2013 \u0130\u015fgalci \u0130srail&#8217;in L\u00fcbnan ve Gazze \u015eeridi&#8217;ne kar\u015f\u0131 i\u015fledi\u011fi vah\u015fi su\u00e7lara tepki olarak, L\u00fcbnan Ulusal Direni\u015fi bu sabah d\u00fc\u015fman \u0130srail&#8217;in mevzilerine kar\u015f\u0131 bir dizi hava sald\u0131r\u0131s\u0131 d\u00fczenleyerek do\u011frudan isabet sa\u011flad\u0131. Direni\u015f a\u00e7\u0131klamas\u0131nda \u015fu ifadelere yer verildi: &#8220;Gazze \u015eeridi&#8217;ndeki Filistin halk\u0131m\u0131za destek olarak, onlar\u0131n yi\u011fit direni\u015fine destek olarak ve L\u00fcbnan ile halk\u0131n\u0131 savunarak, Sava\u015f\u00e7\u0131lar\u0131m\u0131z &hellip;<\/p>\n","protected":false},"author":39,"featured_media":308965,"comment_status":"closed","ping_status":"closed","sticky":false,"template":"","format":"standard","meta":{"footnotes":""},"categories":[458,589,459,17988],"tags":[],"class_list":["post-308962","post","type-post","status-publish","format-standard","has-post-thumbnail","","category-dunya1","category-haber-seridi","category-haberler-arap-uluslararasi-politika","category-son-haberler"],"_links":{"self":[{"href":"https:\/\/archive.sana.sy\/tr\/index.php?rest_route=\/wp\/v2\/posts\/308962","targetHints":{"allow":["GET"]}}],"collection":[{"href":"https:\/\/archive.sana.sy\/tr\/index.php?rest_route=\/wp\/v2\/posts"}],"about":[{"href":"https:\/\/archive.sana.sy\/tr\/index.php?rest_route=\/wp\/v2\/types\/post"}],"author":[{"embeddable":true,"href":"https:\/\/archive.sana.sy\/tr\/index.php?rest_route=\/wp\/v2\/users\/39"}],"replies":[{"embeddable":true,"href":"https:\/\/archive.sana.sy\/tr\/index.php?rest_route=%2Fwp%2Fv2%2Fcomments&post=308962"}],"version-history":[{"count":2,"href":"https:\/\/archive.sana.sy\/tr\/index.php?rest_route=\/wp\/v2\/posts\/308962\/revisions"}],"predecessor-version":[{"id":308966,"href":"https:\/\/archive.sana.sy\/tr\/index.php?rest_route=\/wp\/v2\/posts\/308962\/revisions\/308966"}],"wp:featuredmedia":[{"embeddable":true,"href":"https:\/\/archive.sana.sy\/tr\/index.php?rest_route=\/wp\/v2\/media\/308965"}],"wp:attachment":[{"href":"https:\/\/archive.sana.sy\/tr\/index.php?rest_route=%2Fwp%2Fv2%2Fmedia&parent=308962"}],"wp:term":[{"taxonomy":"category","embeddable":true,"href":"https:\/\/archive.sana.sy\/tr\/index.php?rest_route=%2Fwp%2Fv2%2Fcategories&post=308962"},{"taxonomy":"post_tag","embeddable":true,"href":"https:\/\/archive.sana.sy\/tr\/index.php?rest_route=%2Fwp%2Fv2%2Ftags&post=308962"}],"curies":[{"name":"wp","href":"https:\/\/api.w.org\/{rel}","templated":true}]}}