{"id":308967,"date":"2024-09-24T09:49:29","date_gmt":"2024-09-24T06:49:29","guid":{"rendered":"https:\/\/sana.sy\/tr\/?p=308967"},"modified":"2024-09-24T09:49:29","modified_gmt":"2024-09-24T06:49:29","slug":"suriye-ve-umman-sultanligi-isbirligiyle-duzenlenen-uluslararasi-sozlu-tarih-konferansinin-etkinlikleri-maskatta-devam-ediyor","status":"publish","type":"post","link":"https:\/\/archive.sana.sy\/tr\/?p=308967","title":{"rendered":"Suriye Ve Umman Sultanl\u0131\u011f\u0131 \u0130\u015fbirli\u011fiyle D\u00fczenlenen Uluslararas\u0131 S\u00f6zl\u00fc Tarih Konferans\u0131&#8217;n\u0131n Etkinlikleri Maskat&#8217;ta Devam Ediyor"},"content":{"rendered":"<p style=\"text-align: justify;\"><strong>MASKAT <\/strong><strong>(SANA)<\/strong> &#8211; \u00a0Suriye Vatan Belge Vakf\u0131 ve Umman Belgeler ve Ar\u015fivler Kurumu taraf\u0131ndan d\u00fczenlenen uluslararas\u0131 konferans\u0131n faaliyetleri \u00fcst \u00fcste ikinci g\u00fcn\u00fcnde Maskat&#8217;ta devam etti.\u00a0 Suriye belgeleme ve s\u00f6zl\u00fc tarih alan\u0131nda \u00e7ok say\u0131da \u00f6nemli ara\u015ft\u0131rmaya kat\u0131lmaktad\u0131r.<\/p>\n<p style=\"text-align: justify;\">Faaliyetleri d\u00fcn ba\u015flayan konferans, Umman&#8217;\u0131n ba\u015fkenti Maskat&#8217;\u0131n El Huveyir b\u00f6lgesindeki Grand Millennium Hotel&#8217;in konferans salonunda &#8220;Uluslararas\u0131 S\u00f6zl\u00fc Tarih Konferans\u0131&#8230;Arap Kavram\u0131 ve Deneyimi&#8221; ba\u015fl\u0131\u011f\u0131 alt\u0131nda ger\u00e7ekle\u015ftiriliyor.\u201d<\/p>\n<p style=\"text-align: justify;\"><img loading=\"lazy\" decoding=\"async\" class=\"size-medium wp-image-308969 alignright\" src=\"http:\/\/sana.sy\/tr\/wp-content\/uploads\/2024\/09\/\u0633\u0648\u0631\u064a\u0629-\u0639\u0645\u0627\u0646-660x330-1-300x150.jpg\" alt=\"\" width=\"300\" height=\"150\" srcset=\"https:\/\/archive.sana.sy\/tr\/wp-content\/uploads\/2024\/09\/\u0633\u0648\u0631\u064a\u0629-\u0639\u0645\u0627\u0646-660x330-1-300x150.jpg 300w, https:\/\/archive.sana.sy\/tr\/wp-content\/uploads\/2024\/09\/\u0633\u0648\u0631\u064a\u0629-\u0639\u0645\u0627\u0646-660x330-1.jpg 660w\" sizes=\"auto, (max-width: 300px) 100vw, 300px\" \/>\u0130kinci g\u00fcn\u00fcn dersleri, Arap, b\u00f6lgesel ve k\u00fcresel deneyimleri belgeleme ve s\u00f6zl\u00fc tarih yoluyla a\u00e7\u0131klamaya y\u00f6nelik pratik konular \u00e7er\u00e7evesinde ger\u00e7ekle\u015fiyor.<\/p>\n<p style=\"text-align: justify;\">Konferans faaliyetleri \u00fc\u00e7 g\u00fcn s\u00fcr\u00fcyor ve Arap d\u00fczeyinde s\u00f6zl\u00fc tarih deneyimini geli\u015ftirmenin yollar\u0131 hakk\u0131nda teorik, pratik ve gelece\u011fe y\u00f6nelik konular\u0131 tart\u0131\u015fmak i\u00e7in \u00e7e\u015fitli konferanslar\u0131 i\u00e7eriyor.<\/p>\n<p style=\"text-align: center;\"><strong><a href=\"https:\/\/t.me\/SuriyeArapHaberAjansI\">Telegram Kanal\u0131m\u0131z\u00a0<\/a>||<a href=\"https:\/\/twitter.com\/arap_ajans\">X Platformumuz\u00a0<\/a>||<a href=\"https:\/\/www.facebook.com\/SANAHaberAjansi\/\">Facebook Sayfam\u0131z<\/a><\/strong><\/p>\n","protected":false},"excerpt":{"rendered":"<p>MASKAT (SANA) &#8211; \u00a0Suriye Vatan Belge Vakf\u0131 ve Umman Belgeler ve Ar\u015fivler Kurumu taraf\u0131ndan d\u00fczenlenen uluslararas\u0131 konferans\u0131n faaliyetleri \u00fcst \u00fcste ikinci g\u00fcn\u00fcnde Maskat&#8217;ta devam etti.\u00a0 Suriye belgeleme ve s\u00f6zl\u00fc tarih alan\u0131nda \u00e7ok say\u0131da \u00f6nemli ara\u015ft\u0131rmaya kat\u0131lmaktad\u0131r. Faaliyetleri d\u00fcn ba\u015flayan konferans, Umman&#8217;\u0131n ba\u015fkenti Maskat&#8217;\u0131n El Huveyir b\u00f6lgesindeki Grand Millennium Hotel&#8217;in konferans salonunda &#8220;Uluslararas\u0131 S\u00f6zl\u00fc Tarih Konferans\u0131&#8230;Arap &hellip;<\/p>\n","protected":false},"author":39,"featured_media":308968,"comment_status":"closed","ping_status":"closed","sticky":false,"template":"","format":"standard","meta":{"footnotes":""},"categories":[458,589,516,459,511,17988],"tags":[],"class_list":["post-308967","post","type-post","status-publish","format-standard","has-post-thumbnail","","category-dunya1","category-haber-seridi","category-haberler-kultur-ve-sanat","category-haberler-arap-uluslararasi-politika","category-kultur-ve-sanat","category-son-haberler"],"_links":{"self":[{"href":"https:\/\/archive.sana.sy\/tr\/index.php?rest_route=\/wp\/v2\/posts\/308967","targetHints":{"allow":["GET"]}}],"collection":[{"href":"https:\/\/archive.sana.sy\/tr\/index.php?rest_route=\/wp\/v2\/posts"}],"about":[{"href":"https:\/\/archive.sana.sy\/tr\/index.php?rest_route=\/wp\/v2\/types\/post"}],"author":[{"embeddable":true,"href":"https:\/\/archive.sana.sy\/tr\/index.php?rest_route=\/wp\/v2\/users\/39"}],"replies":[{"embeddable":true,"href":"https:\/\/archive.sana.sy\/tr\/index.php?rest_route=%2Fwp%2Fv2%2Fcomments&post=308967"}],"version-history":[{"count":1,"href":"https:\/\/archive.sana.sy\/tr\/index.php?rest_route=\/wp\/v2\/posts\/308967\/revisions"}],"predecessor-version":[{"id":308970,"href":"https:\/\/archive.sana.sy\/tr\/index.php?rest_route=\/wp\/v2\/posts\/308967\/revisions\/308970"}],"wp:featuredmedia":[{"embeddable":true,"href":"https:\/\/archive.sana.sy\/tr\/index.php?rest_route=\/wp\/v2\/media\/308968"}],"wp:attachment":[{"href":"https:\/\/archive.sana.sy\/tr\/index.php?rest_route=%2Fwp%2Fv2%2Fmedia&parent=308967"}],"wp:term":[{"taxonomy":"category","embeddable":true,"href":"https:\/\/archive.sana.sy\/tr\/index.php?rest_route=%2Fwp%2Fv2%2Fcategories&post=308967"},{"taxonomy":"post_tag","embeddable":true,"href":"https:\/\/archive.sana.sy\/tr\/index.php?rest_route=%2Fwp%2Fv2%2Ftags&post=308967"}],"curies":[{"name":"wp","href":"https:\/\/api.w.org\/{rel}","templated":true}]}}