{"id":30898,"date":"2015-04-25T16:45:06","date_gmt":"2015-04-25T13:45:06","guid":{"rendered":"http:\/\/www.sana.sy\/tr\/?p=30898"},"modified":"2015-04-25T16:45:18","modified_gmt":"2015-04-25T13:45:18","slug":"konferasn-katilimcilari-uluslararasi-toplumu-goreve-cagirdilar","status":"publish","type":"post","link":"https:\/\/archive.sana.sy\/tr\/?p=30898","title":{"rendered":"Konferans Kat\u0131l\u0131mc\u0131lar\u0131 Uluslararas\u0131 Toplumu G\u00f6reve \u00c7a\u011f\u0131rd\u0131lar"},"content":{"rendered":"<p>\u015eAM \u2013 \u015eam \u00fcniversitesinin Arap ve yabanc\u0131 profes\u00f6rler, ara\u015ft\u0131rmac\u0131 ve bar\u0131\u015fsever heyetlerin kat\u0131l\u0131m\u0131yla \u2018Suriye Yeniden Yap\u0131lanmaya Do\u011fru\u2019 slogan\u0131 alt\u0131nda d\u00fczenledi\u011fi konferans \u00e7al\u0131\u015fmalar\u0131n\u0131 tamamlad\u0131.<\/p>\n<p>\u0130ki g\u00fcn s\u00fcreyle d\u00fczenlenen konferansta kat\u0131l\u0131mc\u0131lar; Suriye halk\u0131na kar\u015f\u0131 ihlaller, katliamlar ve \u015eam \u00dcniversitesinin de zarar g\u00f6rd\u00fc\u011f\u00fc ter\u00f6r eylemleri ile ilgili eksenleri tart\u0131\u015ft\u0131. Kat\u0131l\u0131mc\u0131lar ayr\u0131ca d\u0131\u015f destekli ter\u00f6r \u00f6rg\u00fctleri taraf\u0131ndan ka\u00e7\u0131r\u0131lan vatanda\u015flar\u0131n dosyas\u0131, ulusal uzla\u015fman\u0131n yeniden s\u00fcrecindeki \u00f6nemi ve ter\u00f6ristleri Do\u011fu B\u00f6lgesinde petrol sekt\u00f6r\u00fcne y\u00f6nelik ya\u011fmalama ve gasp eylemlerinin yol a\u00e7t\u0131\u011f\u0131 \u00e7evresel olumsuzluklara da dikkat \u00e7ekti.<\/p>\n<p>G\u00fcn\u00fcm\u00fczde Suriye\u2019de ya\u015fanan olaylar\u0131n baz\u0131 y\u00f6nlerinin Osmanl\u0131lar\u0131n 100 y\u0131l \u00f6nce Ermeniler hakk\u0131nda i\u015fledikleri soyk\u0131r\u0131ma benzedi\u011fini belirten kat\u0131l\u0131mc\u0131lar; Suriye&#8217;de ya\u015fanan bu ter\u00f6r ve ihlallerin sona ermesi ve faillerini destekleyen kimi b\u00f6lge devletlerinin bu desteklerini kesmelerine zorlanmalar\u0131 y\u00f6n\u00fcnde uluslararas\u0131 toplumu g\u00f6reve \u00e7a\u011f\u0131rd\u0131lar.<\/p>\n<p>A.A. &#8211; S.\u015e.<\/p>\n","protected":false},"excerpt":{"rendered":"<p>\u015eAM \u2013 \u015eam \u00fcniversitesinin Arap ve yabanc\u0131 profes\u00f6rler, ara\u015ft\u0131rmac\u0131 ve bar\u0131\u015fsever heyetlerin kat\u0131l\u0131m\u0131yla \u2018Suriye Yeniden Yap\u0131lanmaya Do\u011fru\u2019 slogan\u0131 alt\u0131nda d\u00fczenledi\u011fi konferans \u00e7al\u0131\u015fmalar\u0131n\u0131 tamamlad\u0131. \u0130ki g\u00fcn s\u00fcreyle d\u00fczenlenen konferansta kat\u0131l\u0131mc\u0131lar; Suriye halk\u0131na kar\u015f\u0131 ihlaller, katliamlar ve \u015eam \u00dcniversitesinin de zarar g\u00f6rd\u00fc\u011f\u00fc ter\u00f6r eylemleri ile ilgili eksenleri tart\u0131\u015ft\u0131. Kat\u0131l\u0131mc\u0131lar ayr\u0131ca d\u0131\u015f destekli ter\u00f6r \u00f6rg\u00fctleri taraf\u0131ndan ka\u00e7\u0131r\u0131lan vatanda\u015flar\u0131n &hellip;<\/p>\n","protected":false},"author":1,"featured_media":30899,"comment_status":"closed","ping_status":"closed","sticky":false,"template":"","format":"standard","meta":{"footnotes":""},"categories":[479,478],"tags":[14030,14029],"class_list":["post-30898","post","type-post","status-publish","format-standard","has-post-thumbnail","","category-haberler-yerel","category-yerel","tag-arastirmaci-ve-barissever-heyetlerin-katilimiyla-suriye-yeniden-yapilanmaya-dogru-slogani-altinda-duzenledigi-konferans-calismalarini-tamamladi","tag-sam-sam-universitesinin-arap-ve-yabanci-profesorler"],"_links":{"self":[{"href":"https:\/\/archive.sana.sy\/tr\/index.php?rest_route=\/wp\/v2\/posts\/30898","targetHints":{"allow":["GET"]}}],"collection":[{"href":"https:\/\/archive.sana.sy\/tr\/index.php?rest_route=\/wp\/v2\/posts"}],"about":[{"href":"https:\/\/archive.sana.sy\/tr\/index.php?rest_route=\/wp\/v2\/types\/post"}],"author":[{"embeddable":true,"href":"https:\/\/archive.sana.sy\/tr\/index.php?rest_route=\/wp\/v2\/users\/1"}],"replies":[{"embeddable":true,"href":"https:\/\/archive.sana.sy\/tr\/index.php?rest_route=%2Fwp%2Fv2%2Fcomments&post=30898"}],"version-history":[{"count":0,"href":"https:\/\/archive.sana.sy\/tr\/index.php?rest_route=\/wp\/v2\/posts\/30898\/revisions"}],"wp:featuredmedia":[{"embeddable":true,"href":"https:\/\/archive.sana.sy\/tr\/index.php?rest_route=\/wp\/v2\/media\/30899"}],"wp:attachment":[{"href":"https:\/\/archive.sana.sy\/tr\/index.php?rest_route=%2Fwp%2Fv2%2Fmedia&parent=30898"}],"wp:term":[{"taxonomy":"category","embeddable":true,"href":"https:\/\/archive.sana.sy\/tr\/index.php?rest_route=%2Fwp%2Fv2%2Fcategories&post=30898"},{"taxonomy":"post_tag","embeddable":true,"href":"https:\/\/archive.sana.sy\/tr\/index.php?rest_route=%2Fwp%2Fv2%2Ftags&post=30898"}],"curies":[{"name":"wp","href":"https:\/\/api.w.org\/{rel}","templated":true}]}}