{"id":308983,"date":"2024-09-24T09:28:01","date_gmt":"2024-09-24T06:28:01","guid":{"rendered":"https:\/\/sana.sy\/tr\/?p=308983"},"modified":"2024-09-24T16:41:30","modified_gmt":"2024-09-24T13:41:30","slug":"dusman-israilin-lubnanin-bazi-koy-ve-bolgelerine-yeniden-duzenledigi-saldirganliklar-sonucu-17-sehit","status":"publish","type":"post","link":"https:\/\/archive.sana.sy\/tr\/?p=308983","title":{"rendered":"D\u00fc\u015fman \u0130srail&#8217;in L\u00fcbnan&#8217;\u0131n Baz\u0131 K\u00f6y Ve B\u00f6lgelerine Yeniden D\u00fczenledi\u011fi Sald\u0131rganl\u0131klar Sonucu 17 \u015eehit"},"content":{"rendered":"<p style=\"text-align: justify;\"><strong>BEYRUT (SANA) \u2013<\/strong> D\u00fc\u015fman \u0130srail bug\u00fcn L\u00fcbnan b\u00f6lgelerine y\u00f6nelik hava sald\u0131r\u0131lar\u0131n\u0131 yenileyerek altyap\u0131y\u0131 ve sivillerin ya\u015fad\u0131\u011f\u0131 mahalleleri hedef ald\u0131 ve bu sald\u0131r\u0131lar \u00e7ok say\u0131da \u015fehit ve yaralanmaya yol a\u00e7t\u0131.<\/p>\n<p style=\"text-align: justify;\">L\u00fcbnan medyas\u0131, \u0130srail&#8217;in L\u00fcbnan&#8217;\u0131n Bekaa b\u00f6lgesinin \u015eaat kasabas\u0131ndaki bir eve d\u00fczenledi\u011fi hava sald\u0131rganl\u0131\u011f\u0131nda ayn\u0131 aileden 10 ki\u015finin \u015fehit d\u00fc\u015ft\u00fc\u011f\u00fcn\u00fc, d\u00fc\u015fman\u0131n El Akibiye kasabas\u0131na d\u00fczenledi\u011fi hava sald\u0131r\u0131s\u0131 sonucu 6 ki\u015finin \u015fehit d\u00fc\u015ft\u00fc\u011f\u00fcn\u00fc, 25 ki\u015finin de yaraland\u0131\u011f\u0131n\u0131 belirtti.<\/p>\n<p style=\"text-align: justify;\">D\u00fc\u015fman u\u00e7aklar\u0131 ba\u015fkent Beyrut&#8217;a, banliy\u00f6lerine ve G\u00fcney L\u00fcbnan&#8217;\u0131n bat\u0131 kesimindeki birden fazla b\u00f6lgeye ve El Kalile, Dibaal, Merkaba, Arabsalim, Yahmur El \u015eakif ve Tura kasabalar\u0131na hava sald\u0131r\u0131lar\u0131 d\u00fczenledi.<\/p>\n<p style=\"text-align: justify;\">\u0130srail i\u015fgal u\u00e7aklar\u0131 ayr\u0131ca Ayta El \u015eaab kasabas\u0131na, Cezzin b\u00f6lgesinin El E\u015fiye yak\u0131nlar\u0131ndaki Mahmudiye kasabas\u0131na hava sald\u0131r\u0131lar\u0131 d\u00fczenledi.<\/p>\n<p style=\"text-align: center;\"><strong><a href=\"https:\/\/t.me\/SuriyeArapHaberAjansI\">Telegram Kanal\u0131m\u0131z\u00a0<\/a>||<a href=\"https:\/\/twitter.com\/arap_ajans\">X Platformumuz\u00a0<\/a>||<a href=\"https:\/\/www.facebook.com\/SANAHaberAjansi\/\">Facebook Sayfam\u0131z<\/a><\/strong><\/p>\n","protected":false},"excerpt":{"rendered":"<p>BEYRUT (SANA) \u2013 D\u00fc\u015fman \u0130srail bug\u00fcn L\u00fcbnan b\u00f6lgelerine y\u00f6nelik hava sald\u0131r\u0131lar\u0131n\u0131 yenileyerek altyap\u0131y\u0131 ve sivillerin ya\u015fad\u0131\u011f\u0131 mahalleleri hedef ald\u0131 ve bu sald\u0131r\u0131lar \u00e7ok say\u0131da \u015fehit ve yaralanmaya yol a\u00e7t\u0131. L\u00fcbnan medyas\u0131, \u0130srail&#8217;in L\u00fcbnan&#8217;\u0131n Bekaa b\u00f6lgesinin \u015eaat kasabas\u0131ndaki bir eve d\u00fczenledi\u011fi hava sald\u0131rganl\u0131\u011f\u0131nda ayn\u0131 aileden 10 ki\u015finin \u015fehit d\u00fc\u015ft\u00fc\u011f\u00fcn\u00fc, d\u00fc\u015fman\u0131n El Akibiye kasabas\u0131na d\u00fczenledi\u011fi hava sald\u0131r\u0131s\u0131 &hellip;<\/p>\n","protected":false},"author":39,"featured_media":308984,"comment_status":"closed","ping_status":"closed","sticky":false,"template":"","format":"standard","meta":{"footnotes":""},"categories":[458,589,459,17988],"tags":[],"class_list":["post-308983","post","type-post","status-publish","format-standard","has-post-thumbnail","","category-dunya1","category-haber-seridi","category-haberler-arap-uluslararasi-politika","category-son-haberler"],"_links":{"self":[{"href":"https:\/\/archive.sana.sy\/tr\/index.php?rest_route=\/wp\/v2\/posts\/308983","targetHints":{"allow":["GET"]}}],"collection":[{"href":"https:\/\/archive.sana.sy\/tr\/index.php?rest_route=\/wp\/v2\/posts"}],"about":[{"href":"https:\/\/archive.sana.sy\/tr\/index.php?rest_route=\/wp\/v2\/types\/post"}],"author":[{"embeddable":true,"href":"https:\/\/archive.sana.sy\/tr\/index.php?rest_route=\/wp\/v2\/users\/39"}],"replies":[{"embeddable":true,"href":"https:\/\/archive.sana.sy\/tr\/index.php?rest_route=%2Fwp%2Fv2%2Fcomments&post=308983"}],"version-history":[{"count":4,"href":"https:\/\/archive.sana.sy\/tr\/index.php?rest_route=\/wp\/v2\/posts\/308983\/revisions"}],"predecessor-version":[{"id":308992,"href":"https:\/\/archive.sana.sy\/tr\/index.php?rest_route=\/wp\/v2\/posts\/308983\/revisions\/308992"}],"wp:featuredmedia":[{"embeddable":true,"href":"https:\/\/archive.sana.sy\/tr\/index.php?rest_route=\/wp\/v2\/media\/308984"}],"wp:attachment":[{"href":"https:\/\/archive.sana.sy\/tr\/index.php?rest_route=%2Fwp%2Fv2%2Fmedia&parent=308983"}],"wp:term":[{"taxonomy":"category","embeddable":true,"href":"https:\/\/archive.sana.sy\/tr\/index.php?rest_route=%2Fwp%2Fv2%2Fcategories&post=308983"},{"taxonomy":"post_tag","embeddable":true,"href":"https:\/\/archive.sana.sy\/tr\/index.php?rest_route=%2Fwp%2Fv2%2Ftags&post=308983"}],"curies":[{"name":"wp","href":"https:\/\/api.w.org\/{rel}","templated":true}]}}