{"id":308986,"date":"2024-09-24T13:30:01","date_gmt":"2024-09-24T10:30:01","guid":{"rendered":"https:\/\/sana.sy\/tr\/?p=308986"},"modified":"2024-09-24T14:36:01","modified_gmt":"2024-09-24T11:36:01","slug":"israil-dusman-medyasi-hayfanin-guneydogusunda-siddetli-patlama-sesleri-ve-celile-ve-karmelde-siren-sesleri-duyuluyor","status":"publish","type":"post","link":"https:\/\/archive.sana.sy\/tr\/?p=308986","title":{"rendered":"\u0130srail d\u00fc\u015fman medyas\u0131: Hayfa&#8217;n\u0131n g\u00fcneydo\u011fusunda \u015fiddetli patlama sesleri ve Celile ve Karmel&#8217;de siren sesleri duyuluyor"},"content":{"rendered":"","protected":false},"excerpt":{"rendered":"","protected":false},"author":39,"featured_media":0,"comment_status":"closed","ping_status":"closed","sticky":false,"template":"","format":"standard","meta":{"footnotes":""},"categories":[1],"tags":[],"class_list":["post-308986","post","type-post","status-publish","format-standard","","category-news-not-sorted"],"_links":{"self":[{"href":"https:\/\/archive.sana.sy\/tr\/index.php?rest_route=\/wp\/v2\/posts\/308986","targetHints":{"allow":["GET"]}}],"collection":[{"href":"https:\/\/archive.sana.sy\/tr\/index.php?rest_route=\/wp\/v2\/posts"}],"about":[{"href":"https:\/\/archive.sana.sy\/tr\/index.php?rest_route=\/wp\/v2\/types\/post"}],"author":[{"embeddable":true,"href":"https:\/\/archive.sana.sy\/tr\/index.php?rest_route=\/wp\/v2\/users\/39"}],"replies":[{"embeddable":true,"href":"https:\/\/archive.sana.sy\/tr\/index.php?rest_route=%2Fwp%2Fv2%2Fcomments&post=308986"}],"version-history":[{"count":1,"href":"https:\/\/archive.sana.sy\/tr\/index.php?rest_route=\/wp\/v2\/posts\/308986\/revisions"}],"predecessor-version":[{"id":308987,"href":"https:\/\/archive.sana.sy\/tr\/index.php?rest_route=\/wp\/v2\/posts\/308986\/revisions\/308987"}],"wp:attachment":[{"href":"https:\/\/archive.sana.sy\/tr\/index.php?rest_route=%2Fwp%2Fv2%2Fmedia&parent=308986"}],"wp:term":[{"taxonomy":"category","embeddable":true,"href":"https:\/\/archive.sana.sy\/tr\/index.php?rest_route=%2Fwp%2Fv2%2Fcategories&post=308986"},{"taxonomy":"post_tag","embeddable":true,"href":"https:\/\/archive.sana.sy\/tr\/index.php?rest_route=%2Fwp%2Fv2%2Ftags&post=308986"}],"curies":[{"name":"wp","href":"https:\/\/api.w.org\/{rel}","templated":true}]}}