{"id":308989,"date":"2024-09-24T13:32:58","date_gmt":"2024-09-24T10:32:58","guid":{"rendered":"https:\/\/sana.sy\/tr\/?p=308989"},"modified":"2024-09-24T14:34:53","modified_gmt":"2024-09-24T11:34:53","slug":"lubnan-gecici-hukumetinin-halk-sagligi-bakani-firas-el-abyad-israilin-lubnana-yonelik-saldirganliginda-magdurlarin-sayisi-50si-cocuk-94u-kadin-olmak-uzere-558-sehit-ve-1-835-yaraliya-yukseld","status":"publish","type":"post","link":"https:\/\/archive.sana.sy\/tr\/?p=308989","title":{"rendered":"L\u00fcbnan ge\u00e7ici h\u00fck\u00fcmetinin Halk Sa\u011fl\u0131\u011f\u0131 Bakan\u0131 Firas El Abyad: \u0130srail&#8217;in L\u00fcbnan&#8217;a y\u00f6nelik sald\u0131rganl\u0131\u011f\u0131nda ma\u011fdurlar\u0131n say\u0131s\u0131 50&#8217;si \u00e7ocuk, 94&#8217;\u00fc kad\u0131n olmak \u00fczere 558 \u015fehit ve 1.835 yaral\u0131ya y\u00fckseldi."},"content":{"rendered":"","protected":false},"excerpt":{"rendered":"","protected":false},"author":39,"featured_media":0,"comment_status":"closed","ping_status":"closed","sticky":false,"template":"","format":"standard","meta":{"footnotes":""},"categories":[1],"tags":[],"class_list":["post-308989","post","type-post","status-publish","format-standard","","category-news-not-sorted"],"_links":{"self":[{"href":"https:\/\/archive.sana.sy\/tr\/index.php?rest_route=\/wp\/v2\/posts\/308989","targetHints":{"allow":["GET"]}}],"collection":[{"href":"https:\/\/archive.sana.sy\/tr\/index.php?rest_route=\/wp\/v2\/posts"}],"about":[{"href":"https:\/\/archive.sana.sy\/tr\/index.php?rest_route=\/wp\/v2\/types\/post"}],"author":[{"embeddable":true,"href":"https:\/\/archive.sana.sy\/tr\/index.php?rest_route=\/wp\/v2\/users\/39"}],"replies":[{"embeddable":true,"href":"https:\/\/archive.sana.sy\/tr\/index.php?rest_route=%2Fwp%2Fv2%2Fcomments&post=308989"}],"version-history":[{"count":1,"href":"https:\/\/archive.sana.sy\/tr\/index.php?rest_route=\/wp\/v2\/posts\/308989\/revisions"}],"predecessor-version":[{"id":308990,"href":"https:\/\/archive.sana.sy\/tr\/index.php?rest_route=\/wp\/v2\/posts\/308989\/revisions\/308990"}],"wp:attachment":[{"href":"https:\/\/archive.sana.sy\/tr\/index.php?rest_route=%2Fwp%2Fv2%2Fmedia&parent=308989"}],"wp:term":[{"taxonomy":"category","embeddable":true,"href":"https:\/\/archive.sana.sy\/tr\/index.php?rest_route=%2Fwp%2Fv2%2Fcategories&post=308989"},{"taxonomy":"post_tag","embeddable":true,"href":"https:\/\/archive.sana.sy\/tr\/index.php?rest_route=%2Fwp%2Fv2%2Ftags&post=308989"}],"curies":[{"name":"wp","href":"https:\/\/api.w.org\/{rel}","templated":true}]}}