{"id":308998,"date":"2024-09-24T13:24:58","date_gmt":"2024-09-24T10:24:58","guid":{"rendered":"https:\/\/sana.sy\/tr\/?p=308998"},"modified":"2024-09-24T17:32:19","modified_gmt":"2024-09-24T14:32:19","slug":"bh-isgalin-filistin-ve-lubnana-yonelik-saldirganligina-ve-suriye-topraklarina-yonelik-tekrarlanan-saldirilarina-son-verilmesini-talep-etti","status":"publish","type":"post","link":"https:\/\/archive.sana.sy\/tr\/?p=308998","title":{"rendered":"BH, \u0130\u015fgalin Filistin Ve L\u00fcbnan&#8217;a Y\u00f6nelik Sald\u0131rganl\u0131\u011f\u0131na Ve Suriye Topraklar\u0131na Y\u00f6nelik Tekrarlanan Sald\u0131rganl\u0131klar\u0131na Son Verilmesini Talep Etti"},"content":{"rendered":"<p style=\"text-align: justify;\"><strong>NEW YORK (SANA)<\/strong> &#8211; Ba\u011flant\u0131s\u0131zlar Hareketi \u00fclkelerinin d\u0131\u015fi\u015fleri bakanlar\u0131, i\u015fgalci \u0130srail\u2019in Filistin ve L\u00fcbnan&#8217;a y\u00f6nelik sald\u0131rganl\u0131\u011f\u0131na ve Suriye topraklar\u0131na y\u00f6nelik defalarca sald\u0131r\u0131lar\u0131na son verilmesi \u00e7a\u011fr\u0131s\u0131nda bulunarak, \u00a0\u201c\u0130srail\u201din ilgili G\u00fcvenlik Konseyi kararlar\u0131n\u0131 uygulamaya ve i\u015fgal alt\u0131ndaki Suriye Golan&#8217;\u0131ndan 4 Haziran 1967 \u00e7izgisine kadar tamamen \u00e7ekilmeye mecbur b\u0131rak\u0131lmas\u0131n\u0131n gereklili\u011fini vurgulad\u0131.<\/p>\n<p style=\"text-align: justify;\">D\u00fcn gece Suriye Arap Cumhuriyeti&#8217;nin kat\u0131l\u0131m\u0131yla Birle\u015fmi\u015f Milletler&#8217;in New York&#8217;taki merkezinde d\u00fczenlenen bakanlar toplant\u0131s\u0131nda, &#8220;Silahl\u0131 \u00e7at\u0131\u015fmalarda sivillerin korunmas\u0131, Filistin halk\u0131yla dayan\u0131\u015fma ve dayan\u0131\u015fma&#8221; slogan\u0131yla siyasi bir deklarasyon kabul edildi.<\/p>\n<p style=\"text-align: justify;\">Bu deklarasyonda i\u015fgalci \u0130srail\u2019in Filistin ve L\u00fcbnan&#8217;a y\u00f6nelik sald\u0131rganl\u0131\u011f\u0131n\u0131n ve Suriye topraklar\u0131na y\u00f6nelik tekrarlanan sald\u0131r\u0131lar\u0131n\u0131n sona ermesini talep etti ve \u0130\u015fgalci g\u00fc\u00e7 \u201c\u0130srail\u201din, i\u015fgal alt\u0131ndaki Suriye Golan&#8217;\u0131n\u0131n hukuki, do\u011fal ve demografik stat\u00fcs\u00fcn\u00fc de\u011fi\u015ftirmeye y\u00f6nelik ald\u0131\u011f\u0131 t\u00fcm tedbirleri, Filistin ve Golan&#8217;da yerle\u015fim birimleri kurmaya ve geni\u015fletmeye devam etmesini k\u0131nad\u0131lar.<\/p>\n<p style=\"text-align: justify;\">Bakanlar ayr\u0131ca \u0130srail&#8217;in ilgili G\u00fcvenlik Konseyi kararlar\u0131n\u0131 uygulamakla y\u00fck\u00fcml\u00fc olmas\u0131 ve i\u015fgal alt\u0131ndaki Suriye Golan&#8217;\u0131ndan 4 Haziran 1967 \u00e7izgisine kadar tamamen \u00e7ekilmesi \u00e7a\u011fr\u0131s\u0131nda bulundu ve \u0130srail&#8217;in Suriye topraklar\u0131na y\u00f6nelik m\u00fckerrer sald\u0131rganl\u0131klar\u0131n\u0131 k\u0131nad\u0131lar.<\/p>\n<p style=\"text-align: justify;\">Ba\u011flant\u0131s\u0131zlar Hareketi&#8217;nin bakanlar\u0131 ve delegasyon ba\u015fkanlar\u0131, Bildirge&#8217;nin kabul\u00fc \u00f6ncesinde yapt\u0131klar\u0131 konu\u015fmalarda, &#8220;\u0130srail&#8221;in onlara kar\u015f\u0131 uygulad\u0131\u011f\u0131 soyk\u0131r\u0131ma kar\u015f\u0131 Filistin halk\u0131na destek ve dayan\u0131\u015fma i\u00e7inde olduklar\u0131n\u0131 vurgularken, Ba\u015fkenti Kud\u00fcs olan ba\u011f\u0131ms\u0131z devletini kurma y\u00f6n\u00fcndeki yerle\u015fik ve devredilemez haklar\u0131na desteklerini ifade ettiler.<\/p>\n<p style=\"text-align: justify;\">Toplant\u0131 s\u0131ras\u0131nda Suriye&#8217;nin Birle\u015fmi\u015f Milletler daimi temsilcisi B\u00fcy\u00fckel\u00e7i Kusey Dahhak, \u0130srail&#8217;in \u00f6l\u00fcm makinesine kar\u015f\u0131 Suriye&#8217;nin karde\u015f Filistin ve L\u00fcbnan halklar\u0131na verdi\u011fi deste\u011fi bir kez daha teyit ederek, \u0130srail&#8217;in Suriye topraklar\u0131na ve b\u00f6lge \u00fclkelerine y\u00f6nelik tekrarlanan sald\u0131r\u0131lar\u0131n\u0131 durdurmak ve i\u015fgal alt\u0131ndaki Suriye Golan&#8217;\u0131 da dahil olmak \u00fczere \u0130srail&#8217;in Arap topraklar\u0131ndaki i\u015fgaline son vermek i\u00e7in \u00e7abalar\u0131n yo\u011funla\u015ft\u0131r\u0131lmas\u0131 gerekti\u011fini vurgulad\u0131<\/p>\n<p style=\"text-align: justify;\">B\u00fcy\u00fckel\u00e7i Dahhak ayr\u0131ca, Hareketin \u00fclkelerini, tek tarafl\u0131 zorlay\u0131c\u0131 ekonomik \u00f6nlemlere kar\u015f\u0131 koymak i\u00e7in \u00e7abalar\u0131n\u0131 seferber etmeye ve ekonomik ter\u00f6rizmi ve halklar\u0131n kolektif cezaland\u0131rmas\u0131n\u0131 temsil ettikleri i\u00e7in bu \u00f6nlemlerin derhal ve ko\u015fulsuz olarak kald\u0131r\u0131lmas\u0131 i\u00e7in \u00e7al\u0131\u015fmaya \u00e7a\u011f\u0131rd\u0131.<\/p>\n<p style=\"text-align: justify;\">Dahhak, Hareketin \u00fclkelerinin, uluslararas\u0131 hukuk h\u00fck\u00fcmleri ve \u015eart&#8217;\u0131n ilke ve ama\u00e7lar\u0131 temelinde, uluslararas\u0131 ili\u015fkilerde \u00e7ok tarafl\u0131l\u0131\u011f\u0131 birlikte te\u015fvik edebilmek ve demokrasiyi ba\u015farabilmek i\u00e7in \u00e7abalar\u0131n\u0131 yo\u011funla\u015ft\u0131rmalar\u0131 gerekti\u011fine de dikkat \u00e7ekti.<\/p>\n<p style=\"text-align: center;\"><strong><a href=\"https:\/\/t.me\/SuriyeArapHaberAjansI\">Telegram Kanal\u0131m\u0131z\u00a0<\/a>||<a href=\"https:\/\/twitter.com\/arap_ajans\">X Platformumuz\u00a0<\/a>||<a href=\"https:\/\/www.facebook.com\/SANAHaberAjansi\/\">Facebook Sayfam\u0131z<\/a><\/strong><\/p>\n","protected":false},"excerpt":{"rendered":"<p>NEW YORK (SANA) &#8211; Ba\u011flant\u0131s\u0131zlar Hareketi \u00fclkelerinin d\u0131\u015fi\u015fleri bakanlar\u0131, i\u015fgalci \u0130srail\u2019in Filistin ve L\u00fcbnan&#8217;a y\u00f6nelik sald\u0131rganl\u0131\u011f\u0131na ve Suriye topraklar\u0131na y\u00f6nelik defalarca sald\u0131r\u0131lar\u0131na son verilmesi \u00e7a\u011fr\u0131s\u0131nda bulunarak, \u00a0\u201c\u0130srail\u201din ilgili G\u00fcvenlik Konseyi kararlar\u0131n\u0131 uygulamaya ve i\u015fgal alt\u0131ndaki Suriye Golan&#8217;\u0131ndan 4 Haziran 1967 \u00e7izgisine kadar tamamen \u00e7ekilmeye mecbur b\u0131rak\u0131lmas\u0131n\u0131n gereklili\u011fini vurgulad\u0131. D\u00fcn gece Suriye Arap Cumhuriyeti&#8217;nin kat\u0131l\u0131m\u0131yla Birle\u015fmi\u015f &hellip;<\/p>\n","protected":false},"author":41,"featured_media":308999,"comment_status":"closed","ping_status":"closed","sticky":false,"template":"","format":"standard","meta":{"footnotes":""},"categories":[458,589,459,17988],"tags":[42461,42462],"class_list":["post-308998","post","type-post","status-publish","format-standard","has-post-thumbnail","","category-dunya1","category-haber-seridi","category-haberler-arap-uluslararasi-politika","category-son-haberler","tag-bh","tag-isgalin-filistin-ve-lubnana-yonelik-saldirganligina-ve-suriye-topraklarina-yonelik-tekrarlanan-saldirilarina-son-verilmesini-talep-etti"],"_links":{"self":[{"href":"https:\/\/archive.sana.sy\/tr\/index.php?rest_route=\/wp\/v2\/posts\/308998","targetHints":{"allow":["GET"]}}],"collection":[{"href":"https:\/\/archive.sana.sy\/tr\/index.php?rest_route=\/wp\/v2\/posts"}],"about":[{"href":"https:\/\/archive.sana.sy\/tr\/index.php?rest_route=\/wp\/v2\/types\/post"}],"author":[{"embeddable":true,"href":"https:\/\/archive.sana.sy\/tr\/index.php?rest_route=\/wp\/v2\/users\/41"}],"replies":[{"embeddable":true,"href":"https:\/\/archive.sana.sy\/tr\/index.php?rest_route=%2Fwp%2Fv2%2Fcomments&post=308998"}],"version-history":[{"count":3,"href":"https:\/\/archive.sana.sy\/tr\/index.php?rest_route=\/wp\/v2\/posts\/308998\/revisions"}],"predecessor-version":[{"id":309002,"href":"https:\/\/archive.sana.sy\/tr\/index.php?rest_route=\/wp\/v2\/posts\/308998\/revisions\/309002"}],"wp:featuredmedia":[{"embeddable":true,"href":"https:\/\/archive.sana.sy\/tr\/index.php?rest_route=\/wp\/v2\/media\/308999"}],"wp:attachment":[{"href":"https:\/\/archive.sana.sy\/tr\/index.php?rest_route=%2Fwp%2Fv2%2Fmedia&parent=308998"}],"wp:term":[{"taxonomy":"category","embeddable":true,"href":"https:\/\/archive.sana.sy\/tr\/index.php?rest_route=%2Fwp%2Fv2%2Fcategories&post=308998"},{"taxonomy":"post_tag","embeddable":true,"href":"https:\/\/archive.sana.sy\/tr\/index.php?rest_route=%2Fwp%2Fv2%2Ftags&post=308998"}],"curies":[{"name":"wp","href":"https:\/\/api.w.org\/{rel}","templated":true}]}}