{"id":309017,"date":"2024-09-24T12:03:03","date_gmt":"2024-09-24T09:03:03","guid":{"rendered":"https:\/\/sana.sy\/tr\/?p=309017"},"modified":"2024-09-24T18:09:34","modified_gmt":"2024-09-24T15:09:34","slug":"isgalci-israilin-gazze-seridindeki-alanlari-bombalamasi-sonucu-16-sehit","status":"publish","type":"post","link":"https:\/\/archive.sana.sy\/tr\/?p=309017","title":{"rendered":"\u0130\u015fgalci \u0130srail\u2019in Gazze \u015eeridi&#8217;ndeki Alanlar\u0131 Bombalamas\u0131 Sonucu 16 \u015eehit"},"content":{"rendered":"<p style=\"text-align: justify;\"><strong>\u0130\u015eGAL ED\u0130LEN KUD\u00dcS (SANA) &#8211;<\/strong>\u00a0 Bug\u00fcn \u0130srail&#8217;in Gazze \u015eeridi&#8217;ndeki baz\u0131 b\u00f6lgeleri bombalamas\u0131 sonucu 16 Filistinli \u015fehit oldu, \u00e7ok say\u0131da ki\u015fi de yaraland\u0131.<\/p>\n<p style=\"text-align: justify;\">Wafa Ajans\u0131, i\u015fgal u\u00e7aklar\u0131n\u0131n Gazze \u015eeridi&#8217;nin merkezindeki Nuseyrat kamp\u0131ndaki evleri, kuzeyindeki El Tevam b\u00f6lgesini ve kuzeybat\u0131s\u0131ndaki b\u00f6lgeleri bombalayarak 16 Filistinlinin \u015fehit d\u00fc\u015fmesine, baz\u0131lar\u0131n\u0131n da yaralanmas\u0131na yol a\u00e7t\u0131\u011f\u0131n\u0131 bildirdi.<\/p>\n<p style=\"text-align: justify;\">Sa\u011fl\u0131k Bakanl\u0131\u011f\u0131, bug\u00fcn erken saatlerde yapt\u0131\u011f\u0131 a\u00e7\u0131klamada, Gazze \u015eeridi&#8217;ne y\u00f6nelik 354&#8217;\u00fcnc\u00fc g\u00fcn\u00fcnde devam eden i\u015fgal sald\u0131rganl\u0131\u011f\u0131nda ma\u011fdurlar\u0131n say\u0131s\u0131n\u0131n 41 bin 467 \u015fehit ve 95 bin 921 yaral\u0131ya y\u00fckseldi\u011fini duyurdu.<\/p>\n<p style=\"text-align: center;\"><strong><a href=\"https:\/\/t.me\/SuriyeArapHaberAjansI\">Telegram Kanal\u0131m\u0131z\u00a0<\/a>||<a href=\"https:\/\/twitter.com\/arap_ajans\">X Platformumuz\u00a0<\/a>||<a href=\"https:\/\/www.facebook.com\/SANAHaberAjansi\/\">Facebook Sayfam\u0131z<\/a><\/strong><\/p>\n","protected":false},"excerpt":{"rendered":"<p>\u0130\u015eGAL ED\u0130LEN KUD\u00dcS (SANA) &#8211;\u00a0 Bug\u00fcn \u0130srail&#8217;in Gazze \u015eeridi&#8217;ndeki baz\u0131 b\u00f6lgeleri bombalamas\u0131 sonucu 16 Filistinli \u015fehit oldu, \u00e7ok say\u0131da ki\u015fi de yaraland\u0131. Wafa Ajans\u0131, i\u015fgal u\u00e7aklar\u0131n\u0131n Gazze \u015eeridi&#8217;nin merkezindeki Nuseyrat kamp\u0131ndaki evleri, kuzeyindeki El Tevam b\u00f6lgesini ve kuzeybat\u0131s\u0131ndaki b\u00f6lgeleri bombalayarak 16 Filistinlinin \u015fehit d\u00fc\u015fmesine, baz\u0131lar\u0131n\u0131n da yaralanmas\u0131na yol a\u00e7t\u0131\u011f\u0131n\u0131 bildirdi. Sa\u011fl\u0131k Bakanl\u0131\u011f\u0131, bug\u00fcn erken saatlerde &hellip;<\/p>\n","protected":false},"author":41,"featured_media":309018,"comment_status":"closed","ping_status":"closed","sticky":false,"template":"","format":"standard","meta":{"footnotes":""},"categories":[458,589,459,17988],"tags":[42464],"class_list":["post-309017","post","type-post","status-publish","format-standard","has-post-thumbnail","","category-dunya1","category-haber-seridi","category-haberler-arap-uluslararasi-politika","category-son-haberler","tag-isgalci-israilin-gazze-seridindeki-alanlari-bombalamasi-sonucu-16-sehit"],"_links":{"self":[{"href":"https:\/\/archive.sana.sy\/tr\/index.php?rest_route=\/wp\/v2\/posts\/309017","targetHints":{"allow":["GET"]}}],"collection":[{"href":"https:\/\/archive.sana.sy\/tr\/index.php?rest_route=\/wp\/v2\/posts"}],"about":[{"href":"https:\/\/archive.sana.sy\/tr\/index.php?rest_route=\/wp\/v2\/types\/post"}],"author":[{"embeddable":true,"href":"https:\/\/archive.sana.sy\/tr\/index.php?rest_route=\/wp\/v2\/users\/41"}],"replies":[{"embeddable":true,"href":"https:\/\/archive.sana.sy\/tr\/index.php?rest_route=%2Fwp%2Fv2%2Fcomments&post=309017"}],"version-history":[{"count":4,"href":"https:\/\/archive.sana.sy\/tr\/index.php?rest_route=\/wp\/v2\/posts\/309017\/revisions"}],"predecessor-version":[{"id":309022,"href":"https:\/\/archive.sana.sy\/tr\/index.php?rest_route=\/wp\/v2\/posts\/309017\/revisions\/309022"}],"wp:featuredmedia":[{"embeddable":true,"href":"https:\/\/archive.sana.sy\/tr\/index.php?rest_route=\/wp\/v2\/media\/309018"}],"wp:attachment":[{"href":"https:\/\/archive.sana.sy\/tr\/index.php?rest_route=%2Fwp%2Fv2%2Fmedia&parent=309017"}],"wp:term":[{"taxonomy":"category","embeddable":true,"href":"https:\/\/archive.sana.sy\/tr\/index.php?rest_route=%2Fwp%2Fv2%2Fcategories&post=309017"},{"taxonomy":"post_tag","embeddable":true,"href":"https:\/\/archive.sana.sy\/tr\/index.php?rest_route=%2Fwp%2Fv2%2Ftags&post=309017"}],"curies":[{"name":"wp","href":"https:\/\/api.w.org\/{rel}","templated":true}]}}