{"id":309031,"date":"2024-09-24T09:44:20","date_gmt":"2024-09-24T06:44:20","guid":{"rendered":"https:\/\/sana.sy\/tr\/?p=309031"},"modified":"2024-09-26T09:05:06","modified_gmt":"2024-09-26T06:05:06","slug":"cumhurbaskani-esad-onunde-yemin-ettikten-sonra-yeni-kabinenin-yonlendirme-toplantisina-baskanlik-etti","status":"publish","type":"post","link":"https:\/\/archive.sana.sy\/tr\/?p=309031","title":{"rendered":"Cumhurba\u015fkan\u0131 Esad, \u00d6n\u00fcnde Yemin Ettikten Sonra Yeni Kabinenin Y\u00f6nlendirme Toplant\u0131s\u0131na Ba\u015fkanl\u0131k Etti"},"content":{"rendered":"<p style=\"text-align: justify;\"><strong>\u015eAM (SANA) \u2013<\/strong> Cumhurba\u015fkan\u0131 Be\u015f\u015far Esad, \u00d6n\u00fcnde Yemin Ettikten Sonra Yeni Kabinenin Y\u00f6nlendirme Toplant\u0131s\u0131na Ba\u015fkanl\u0131k Etti.<\/p>\n<p style=\"text-align: justify;\"><span style=\"color: #0000ff;\"><strong>Cumhurba\u015fkan\u0131 Esad&#8217;\u0131n y\u00f6nlendirici konu\u015fmas\u0131ndan \u00f6ne \u00e7\u0131kanlar \u015f\u00f6yle<\/strong><strong>:<\/strong><\/span><\/p>\n<p style=\"text-align: justify;\">&#8221;Yeni h\u00fck\u00fcmetin Suriye vatanda\u015flar\u0131n\u0131n b\u00fcy\u00fck umutlar\u0131n\u0131 kar\u015f\u0131layaca\u011f\u0131n\u0131 umuyorum. De\u011fi\u015fiklik veya de\u011fi\u015ftirme ba\u015fl\u0131 ba\u015f\u0131na bir ama\u00e7 de\u011fildir, daha ziyade bir ara\u00e7 ve yenilenme i\u00e7in yeni bir f\u0131rsatt\u0131r&#8230; \u00dclkedeki genel durumu geli\u015ftirmek ve ilerletmek i\u00e7in.. toplumda genel olarak g\u00f6rd\u00fc\u011f\u00fcm\u00fcz bu umutlar\u0131n insanlara dayal\u0131 olmas\u0131 do\u011fald\u0131r. Ancak yeni bir h\u00fck\u00fcmetin kar\u015f\u0131la\u015ft\u0131\u011f\u0131 ilk zorluk, bireylere dayal\u0131 bu umutlar\u0131 politikalar arac\u0131l\u0131\u011f\u0131yla kurumlara dayal\u0131 umutlara d\u00f6n\u00fc\u015ft\u00fcrmektir. Bu, Bakanlar Kurulu kurumu i\u00e7erisinde h\u00fck\u00fcmet ekibinin \u00fcyeleri ile h\u00fck\u00fcmet kurumlar\u0131 veya genel olarak devlet kurumlar\u0131 aras\u0131nda etkili bir diyalogun sonucunda ortaya \u00e7\u0131kan verimli planlar arac\u0131l\u0131\u011f\u0131yla oluyor.. Di\u011fer kurumlar, halk kurulu\u015flar\u0131 ve di\u011ferleri gibi sivil kurumlarla ve toplumun t\u00fcm kesimleriyle ortaya \u00e7\u0131k\u0131yor&#8221;<\/p>\n<p style=\"text-align: justify;\"><strong><span style=\"color: #ff0000;\">Cumhurba\u015fkan\u0131 Esad:<\/span> <\/strong><\/p>\n<p style=\"text-align: justify;\">&#8221;Bu umutlar art\u0131yor ve sonu\u00e7lar daha hayal k\u0131r\u0131kl\u0131\u011f\u0131 yarat\u0131yor. Yetkili, vatanda\u015fla birlikte, her sekt\u00f6re g\u00f6re h\u00fck\u00fcmet ekibinin veya yetkilisinin huzurunda, yerine getiremeden bu vaatlerin yerine getirilmesinin pe\u015finde ko\u015farak y\u0131llar\u0131n\u0131 harc\u0131yor&#8230;Sonu\u00e7 nedir.. Sonu\u00e7 olarak, yetkiliye y\u00f6nelik daha fazla ele\u015ftiri ve sert ele\u015ftiri ortaya \u00e7\u0131k\u0131yor. Bu ele\u015ftiriyi subjektif olarak itham ediyoruz veya tan\u0131ml\u0131yoruz..Bu s\u00f6zlerin yerine getirilmemesine neden olan ko\u015fullar oldu\u011fu d\u00fc\u015f\u00fcn\u00fcl\u00fcrse, ger\u00e7ekte verilen s\u00f6zler subjektiftir.&#8221;<\/p>\n<p style=\"text-align: justify;\"><strong><span style=\"color: #ff0000;\">Cumhurba\u015fkan\u0131 Esad:<\/span> <\/strong><\/p>\n<p style=\"text-align: justify;\">&#8221;Vatanda\u015fa gelince, neyin m\u00fcmk\u00fcn neyin m\u00fcmk\u00fcn olmad\u0131\u011f\u0131n\u0131 belirlemesini ondan isteyemeyiz. Vatanda\u015f\u0131n bir referans\u0131 var&#8230; Referans, bakanl\u0131k a\u00e7\u0131klamas\u0131nda duyurdu\u011fumuz \u015feydir.. deklarasyonun herhangi bir bi\u00e7iminde a\u00e7\u0131klanan a\u00e7\u0131klama ve politikalarda.. Vatanda\u015f\u0131n referans\u0131, s\u00f6ylediklerimiz ve vaat ettiklerimizdir. &#8221;<\/p>\n<p style=\"text-align: justify;\"><strong><span style=\"color: #ff0000;\">Cumhurba\u015fkan\u0131 Esad:<\/span> <\/strong><\/p>\n<p style=\"text-align: justify;\">&#8221;Dolay\u0131s\u0131yla bu zor \u015fartlarda h\u00fck\u00fcmetin i\u015fini kolayla\u015ft\u0131rman\u0131n ilk yolu, bu h\u00fck\u00fcmetin hayallerin h\u00fck\u00fcmeti de\u011fil, realitenin h\u00fck\u00fcmeti olmas\u0131d\u0131r&#8230;Ne vatanda\u015f, ne siz, ne de hi\u00e7 kimse&#8230; Bu durum bakanl\u0131\u011f\u0131n a\u00e7\u0131klamas\u0131na da yans\u0131d\u0131&#8230; Politikalar\u0131n\u0131 ve planlar\u0131n\u0131 ger\u00e7eklere dayand\u0131ran, \u015feffaf ve ger\u00e7ek\u00e7i bir bakanl\u0131k a\u00e7\u0131klamas\u0131yla ba\u015flayan, yani k\u0131sacas\u0131, umulanlar\u0131n de\u011fil, m\u00fcmk\u00fcn olanlar\u0131n a\u00e7\u0131klamas\u0131d\u0131r. &#8221;<\/p>\n<p style=\"text-align: justify;\"><strong><span style=\"color: #ff0000;\">Cumhurba\u015fkan\u0131 Esad:<\/span> <\/strong><\/p>\n<p style=\"text-align: justify;\">&#8221;Bazen m\u00fcmk\u00fcn olan\u0131 ve umut edileni resmi i\u015flerle kar\u0131\u015ft\u0131r\u0131yoruz&#8230; Her birimizin pek \u00e7ok umudu ve hayali var. Bu umutlar\u0131 politikalar ve planlar d\u0131\u015f\u0131nda her yere koyabiliriz. Burada umut yok, ger\u00e7ek var. &#8221;<\/p>\n<p style=\"text-align: justify;\"><strong><span style=\"color: #ff0000;\">Cumhurba\u015fkan\u0131 Esad:<\/span> <\/strong><\/p>\n<p style=\"text-align: justify;\">&#8221;Bahsetti\u011fim ger\u00e7ek\u00e7ili\u011fin alfabesi, mevcut sistemin, \u00f6zellikle de idari ve ekonomik sistemin devam edemeyece\u011fidir. Temel ba\u015fl\u0131k budur. &#8221;<\/p>\n<p style=\"text-align: justify;\"><strong><span style=\"color: #ff0000;\">Cumhurba\u015fkan\u0131 Esad:<\/span> <\/strong><\/p>\n<p style=\"text-align: justify;\">&#8221;Bug\u00fcn d\u00fcnyadaki y\u00fczlerce \u00fclkeye bakarsak&#8230; Y\u00fczlerce \u00fclke, bizimkine benzer sistemleri benimseyen \u00fclkelerin say\u0131s\u0131n\u0131n bir elin parmaklar\u0131ndan daha az olabilece\u011fini d\u00fc\u015f\u00fcn\u00fcyorum. \u00a0Bu basit\u00e7e bizim ba\u015fka bir y\u00f6ne do\u011fru ilerledi\u011fimiz anlam\u0131na gelir. D\u00fcnyadaki \u00fclkelerin \u00e7o\u011funun veya ezici \u00e7o\u011funlu\u011funun yanl\u0131\u015f y\u00f6nde olmas\u0131 ve bizim yaln\u0131zca do\u011fru y\u00f6nde olmam\u0131z m\u00fcmk\u00fcn de\u011fildir&#8230;Ve sonu\u00e7lar bunu g\u00f6steriyor. Genel olarak sava\u015f\u0131n sonu\u00e7lar\u0131ndan bahsetmiyorum, idari ve ekonomik sistemin onlarca y\u0131ll\u0131k ba\u011flam\u0131ndan bahsediyorum. &#8221;<\/p>\n<p style=\"text-align: justify;\"><strong><span style=\"color: #ff0000;\">Cumhurba\u015fkan\u0131 Esad:<\/span> <\/strong><\/p>\n<p style=\"text-align: justify;\">&#8221;Bu gecikmenin nedeni yeni de\u011fil, sava\u015f \u00f6ncesi ve ondan \u00e7ok daha eski bir neden&#8230; \u00c7\u00fcnk\u00fc Suriye toplumunda sistemin iyi oldu\u011funa ve herhangi bir kusurun performansta bir kusur oldu\u011funa dair genel bir inanc\u0131m\u0131z vard\u0131&#8230;Y\u00f6netim hatas\u0131&#8230;\u0130nsanlardaki bir kusur, bu y\u00fczden umudumuzu sistemi de\u011fi\u015ftirmeye de\u011fil, insanlar\u0131 de\u011fi\u015ftirmeye dayand\u0131r\u0131yorduk. &#8221;<\/p>\n<p style=\"text-align: justify;\"><strong><span style=\"color: #ff0000;\">Cumhurba\u015fkan\u0131 Esad:<\/span> <\/strong><\/p>\n<p style=\"text-align: justify;\">&#8221;Bu de\u011fi\u015fikli\u011fin eski reddi tek bir sonuca yol a\u00e7t\u0131: birbiri ard\u0131na gelen h\u00fck\u00fcmetler ve devlet yetkilileri olarak biz, bir de\u011fi\u015fim politikas\u0131 de\u011fil, yama i\u015fi politikas\u0131 izledik&#8230; Eskimi\u015f bir kuma\u015f par\u00e7as\u0131n\u0131 getirip ara s\u0131ra yamasak, b\u00fct\u00fcn bu yamalarla ka\u00e7\u0131n\u0131lmaz olarak son y\u0131pranma a\u015famas\u0131na gelecektir&#8230; Dolay\u0131s\u0131yla yama politikas\u0131n\u0131n art\u0131k hi\u00e7bir faydas\u0131 yok. Reformu ve de\u011fi\u015fimi geciktirdi\u011fimiz her g\u00fcn, \u00e7ok daha b\u00fcy\u00fck bir bedel \u00f6deyece\u011fiz&#8230; Reformun imkans\u0131z hale geldi\u011fi topyek\u00fbn bir erozyon a\u015famas\u0131na ula\u015faca\u011f\u0131z. Bu nedenle zaman hepimiz i\u00e7in gerekli ve \u00f6nemlidir. &#8221;<\/p>\n<p style=\"text-align: justify;\"><strong><span style=\"color: #ff0000;\">Cumhurba\u015fkan\u0131 Esad:<\/span> <\/strong><\/p>\n<p style=\"text-align: justify;\">&#8221;Bu ba\u011flamda politikalar\u0131, genel politikalar\u0131, sekt\u00f6rel politikalar\u0131, bakanl\u0131k politikalar\u0131n\u0131 net bir \u015fekilde a\u00e7\u0131klamam\u0131z gerekiyor. Bu politikalara iten veya bazen bu politikalar\u0131 bize dayatan nesnel nedenleri, saikleri, engelleri ve zorluklar\u0131 a\u00e7\u0131kl\u0131yoruz. \u0130nanca dayal\u0131 politikalar olmak zorunda de\u011filler. Bazen i\u00e7inde bulundu\u011fumuz \u015fartlara g\u00f6re in\u015fa ediliyorlar&#8230; Vatanda\u015flar\u0131n genel durumuna ili\u015fkin beklenen sonu\u00e7lar\u0131, olumlu ya da olumsuz, ac\u0131n\u0131n t\u00fcm y\u00f6nleriyle a\u00e7\u0131kl\u0131yoruz&#8230;Pek \u00e7ok soruna \u00e7\u00f6z\u00fcm olas\u0131l\u0131\u011f\u0131n\u0131 a\u00e7\u0131kl\u0131yoruz: \u00e7\u00f6z\u00fcm\u00fcn tam m\u0131, k\u0131smi mi, yoksa bir sorunun \u00e7\u00f6z\u00fclememesi mi? &#8221;<\/p>\n<p style=\"text-align: justify;\"><strong><span style=\"color: #ff0000;\">Cumhurba\u015fkan\u0131 Esad:<\/span> <\/strong><\/p>\n<p style=\"text-align: justify;\">&#8221;Tart\u0131\u015fmal\u0131 man\u015fetlere gelince, bunlar \u00e7ok fazla \u00e7\u00fcnk\u00fc bir ge\u00e7i\u015f a\u015famas\u0131nday\u0131z&#8230;Bu politikalar\u0131n beklenen sonu\u00e7lar\u0131n\u0131n veya katma de\u011ferinin neler oldu\u011funu a\u00e7\u0131klamam\u0131z gerekiyor&#8230; Peki bu politikalara uymazsak \u00f6deyece\u011fimiz bedel ne olur? Toplumdaki her partinin ve kurumun bu konudaki kararlar\u0131n\u0131n sorumlulu\u011funu \u00fcstlenmesi gerekiyor. Bu da politikalar a\u00e7\u0131s\u0131ndan&#8230; &#8221;<\/p>\n<p style=\"text-align: justify;\"><strong><span style=\"color: #ff0000;\">Cumhurba\u015fkan\u0131 Esad:<\/span> <\/strong><\/p>\n<p style=\"text-align: justify;\">&#8221;Elbette politikalar \u00f6nemli ama bir o kadar \u00f6nemli olan bir \u015fey daha var ki o da Bakanlar Kurulu&#8217;ndaki ve genel olarak devlet kurumlar\u0131ndaki karar alma mekanizmas\u0131d\u0131r&#8230; Bazen kamu politikalar\u0131n\u0131n uygun politikalar oldu\u011funu g\u00f6r\u00fcyoruz&#8230; ve belli bir sekt\u00f6rde bakanl\u0131k politikas\u0131n\u0131n da uygun oldu\u011funu g\u00f6r\u00fcyoruz ama ger\u00e7e\u011fe geldi\u011fimizde uygulaman\u0131n o politikalarla uyumlu olmad\u0131\u011f\u0131n\u0131 g\u00f6r\u00fcyoruz&#8230; Biz do\u011frudan k\u00f6t\u00fc bir uygulama oldu\u011funa inan\u0131yoruz&#8230; Ger\u00e7ek bu y\u00f6nde de\u011fil&#8230; bamba\u015fka bir y\u00f6nde&#8230; Sebebi ise iki politika aras\u0131nda bir ara ba\u011flant\u0131 yani sekt\u00f6rel politikalar var&#8230; \u00c7o\u011fu konu, konu ve ba\u015fl\u0131\u011f\u0131n ayn\u0131 anda birden fazla bakanl\u0131\u011fa ba\u011fl\u0131 ba\u015fl\u0131klar olmas\u0131 nedeniyle sekt\u00f6rel politikalarda zay\u0131fl\u0131k ya\u015f\u0131yoruz. En b\u00fcy\u00fck zay\u0131fl\u0131\u011f\u0131m\u0131z burada&#8230; Nas\u0131l planlayaca\u011f\u0131z, sekt\u00f6rel politikay\u0131 nas\u0131l tan\u0131mlayaca\u011f\u0131z&#8230; Bunu uygulayacak ve y\u00f6nlendirecek uygun mekanizmalar\u0131 nas\u0131l kuraca\u011f\u0131z&#8230; Sekt\u00f6rel ekip olu\u015fturaca\u011f\u0131z&#8230; Zay\u0131f nokta da burada yat\u0131yor. &#8221;<\/p>\n<p style=\"text-align: justify;\"><strong><span style=\"color: #ff0000;\">Cumhurba\u015fkan\u0131 Esad:<\/span> <\/strong><\/p>\n<p style=\"text-align: justify;\">&#8221;Devlet i\u015flerine ve karar alma s\u00fcre\u00e7lerine ili\u015fkin bir di\u011fer husus ise kurumlar\u0131n mant\u0131\u011f\u0131na uymayan, mant\u0131ks\u0131z bi\u00e7imde i\u00e7 i\u00e7e ge\u00e7mi\u015f idari yap\u0131lard\u0131r&#8230; Pek \u00e7ok yap\u0131m\u0131z var: y\u00fcksek ve y\u00fcksek olmayan organlar ve konseyler&#8230; Bunlardan hangisinin karar alma s\u00fcrecinde \u00e7al\u0131\u015ft\u0131\u011f\u0131 ve karar alma s\u00fcrecine h\u00fck\u00fcmetle birlikte kat\u0131ld\u0131\u011f\u0131 a\u00e7\u0131k de\u011fil&#8230; ancak bu konu\u015fma baz\u0131 y\u00f6nlerden anayasaya ayk\u0131r\u0131 olabilir. .. Bir k\u0131sm\u0131 planlamaya kat\u0131l\u0131yor, bir k\u0131sm\u0131 ise bu farkl\u0131la\u015fman\u0131n nedenini belirtmeden, bakanl\u0131klarda da yetki \u00e7ak\u0131\u015fmas\u0131 oldu\u011funu g\u00f6r\u00fcyoruz&#8230; Onlarca y\u0131ld\u0131r \u00e7\u0131kar\u0131lan kanunlar d\u00fczeyinde g\u00f6revlerin ve di\u011fer konular\u0131n tekrarland\u0131\u011f\u0131n\u0131 g\u00f6r\u00fcyoruz. &#8221;<\/p>\n<p style=\"text-align: justify;\"><strong><span style=\"color: #ff0000;\">Cumhurba\u015fkan\u0131 Esad:<\/span> <\/strong><\/p>\n<p style=\"text-align: justify;\">&#8221;Bu b\u00f6l\u00fcmle ve sekt\u00f6rel politikalarla ilgili bir sorumuz var&#8230; Yetkililer aras\u0131nda koordinasyon olmad\u0131\u011f\u0131 y\u00f6n\u00fcnde bir tabir veya \u00f6neriyi s\u0131kl\u0131kla duyuyoruz. Ger\u00e7ek \u015fu ki dengesizli\u011fin nedeni bu nokta, \u00f6zellikle sekt\u00f6rel politikalar, \u00e7\u00fcnk\u00fc kamu kurumlar\u0131ndaki yetkililer aras\u0131ndaki ili\u015fki, bir spor tak\u0131m\u0131 ile sahnedeki bir sanat tak\u0131m\u0131 aras\u0131ndaki ili\u015fki de\u011fil &#8230; Bu, yeteneklere dayal\u0131, bireysel yeteneklere dayal\u0131, insanlar aras\u0131ndaki koordinasyona ve uyuma ba\u011fl\u0131d\u0131r. &#8221;<\/p>\n<p style=\"text-align: justify;\"><strong><span style=\"color: #ff0000;\">Cumhurba\u015fkan\u0131 Esad:<\/span> <\/strong><\/p>\n<p style=\"text-align: justify;\">&#8221;Kurumlar aras\u0131 koordinasyon politikalar arac\u0131l\u0131\u011f\u0131yla sa\u011flan\u0131r. Politikalar koordine edilmedi\u011finde ekip koordinasyon sa\u011flayamaz. Biraz \u00f6nce bahsetti\u011fim bu politikalar ve \u00e7e\u015fitli mekanizmalar, net \u00e7al\u0131\u015fma mekanizmalar\u0131n\u0131 ortaya \u00e7\u0131kar\u0131yor. Burada ba\u011flant\u0131 zay\u0131f mekanizmalar ile genel olarak var olmayan veya zay\u0131f sekt\u00f6r politikalar\u0131 aras\u0131ndad\u0131r. &#8221;<\/p>\n<p style=\"text-align: justify;\"><strong><span style=\"color: #ff0000;\">Cumhurba\u015fkan\u0131 Esad:<\/span> <\/strong><\/p>\n<p style=\"text-align: justify;\">&#8221;Devlet i\u015fleri ve genel olarak h\u00fck\u00fcmet kararlar\u0131yla ilgili \u00fc\u00e7\u00fcnc\u00fc nokta ise kavramlar\u0131n \u00e7arp\u0131t\u0131lmas\u0131d\u0131r, ben sadece bir \u00f6rnek verece\u011fim, bir\u00e7ok \u00f6rne\u011fimiz olabilir. Bir kurum i\u00e7in kanun \u00e7\u0131kar\u0131yoruz ve b\u00fct\u00fcn d\u00fcnyada b\u00fct\u00fcn mant\u0131kla o bir ekonomik kurumdur diyoruz. Ekonomik kurum tek bir anlama gelir, o kurum kar amac\u0131yla kurulmu\u015f demektir. Kaybetmek i\u00e7in kurulmu\u015f hi\u00e7bir ekonomik kurum yoktur. Ama ekonomik bir kurum olarak kanunla kuruyoruz&#8230; ama politikalar\u0131m\u0131zla kaybettiriyoruz&#8230; kaybediyoruz&#8230; neden bu \u00e7eli\u015fki&#8230; Mant\u0131ksal olarak ekonomik mi, yoksa bir hizmet kurulu\u015funa m\u0131 d\u00f6n\u00fc\u015f\u00fcyor, yoksa ba\u015fka bir \u015feye mi d\u00f6n\u00fc\u015f\u00fcyor? &#8221;<\/p>\n<p style=\"text-align: justify;\"><strong><span style=\"color: #ff0000;\">Cumhurba\u015fkan\u0131 Esad:<\/span> <\/strong><\/p>\n<p style=\"text-align: justify;\">&#8221;Bir y\u00f6nde kavram, di\u011fer y\u00f6nde politika yapamay\u0131z. Bu, i\u015fin, her t\u00fcrl\u00fc i\u015fin \u00e7arp\u0131t\u0131lmas\u0131 anlam\u0131na gelir. Kavramlar\u0131n ve di\u011fer bir\u00e7ok kavram\u0131n bu \u015fekilde \u00e7arp\u0131t\u0131lmas\u0131, h\u00fck\u00fcmet ekibinin istikrarl\u0131 politikalar olu\u015fturmas\u0131na yard\u0131mc\u0131 olamaz. \u00c7\u00fcnk\u00fc onun tam tersini uygulayacak bir \u015fey in\u015fa ediyoruz&#8230; ve bu yanl\u0131\u015f. &#8221;<\/p>\n<p style=\"text-align: justify;\"><strong><span style=\"color: #ff0000;\">Cumhurba\u015fkan\u0131 Esad:<\/span> <\/strong><\/p>\n<p style=\"text-align: justify;\">&#8221;Suriye&#8217;nin yeteneklerinin s\u0131n\u0131rl\u0131 oldu\u011fu do\u011frudur ve bu durum sava\u015ftan kaynaklanmamaktad\u0131r. Suriye&#8217;nin yeteneklerinin her zaman bu \u00fclkedeki mevcut kaynaklar, b\u00f6lge ve farkl\u0131 ko\u015fullar nedeniyle s\u0131n\u0131rl\u0131 olmas\u0131 s\u00f6z konusudur&#8230; Elbette sava\u015f bu kaynaklar\u0131 daha s\u0131n\u0131rl\u0131 hale getirdi. Ama her zaman derdimin kaynak y\u00f6netimi oldu\u011funu s\u00f6yl\u00fcyorum&#8230; K\u00f6t\u00fc y\u00f6netimimiz oldu\u011funda, ister maddi ister insan kaynaklar\u0131 olsun, kaynak y\u00f6netimi de dahil olmak \u00fczere t\u00fcm sekt\u00f6rleri k\u00f6t\u00fc y\u00f6netece\u011fiz. &#8221;<\/p>\n<p style=\"text-align: justify;\"><strong><span style=\"color: #ff0000;\">Cumhurba\u015fkan\u0131 Esad:<\/span> <\/strong><\/p>\n<p style=\"text-align: justify;\">&#8221;\u00d6nce kendimize g\u00fcvenmeliyiz, ikincisi kaynaklar\u0131 etkin y\u00f6netebilecek politikalar yapabilmeliyiz. Bu nedenle bazen sorunun kaynak eksikli\u011fi olmad\u0131\u011f\u0131n\u0131, bazen de kaynaklar\u0131n toplumun kesimleri ve vatanda\u015flar aras\u0131nda yanl\u0131\u015f da\u011f\u0131t\u0131lmas\u0131 oldu\u011funu s\u00f6yl\u00fcyorum. &#8221;<\/p>\n<p style=\"text-align: justify;\"><strong><span style=\"color: #ff0000;\">Cumhurba\u015fkan\u0131 Esad:<\/span> <\/strong><\/p>\n<p style=\"text-align: justify;\">&#8221;Her sekt\u00f6re \u00f6zel birka\u00e7 kanun yerine tek bir kanunla devleti geli\u015ftirebilir miyiz? Devletin elinde kalan iyi ve yetkin kadrolar\u0131 muhafaza edemeden, bu kanunla devletin kalk\u0131nmas\u0131ndan s\u00f6z etmek m\u00fcmk\u00fcn m\u00fcd\u00fcr? Yoksa devlet daha sonra ayn\u0131 kanunla kadrolar\u0131n bir k\u0131sm\u0131n\u0131 geri getirebilir mi, se\u00e7kin kadrolar\u0131 \u00e7ekebilir mi? Bu yanl\u0131\u015f ve m\u00fcmk\u00fcn de\u011fil. &#8221;<\/p>\n<p style=\"text-align: justify;\"><strong><span style=\"color: #ff0000;\">Cumhurba\u015fkan\u0131 Esad:<\/span> <\/strong><\/p>\n<p style=\"text-align: justify;\">&#8221;\u0130dari reform da bir bakanl\u0131k politikas\u0131 de\u011fil, bir devlet politikas\u0131d\u0131r. Yedi y\u0131l i\u00e7inde somut ad\u0131mlar att\u0131k ama bu konunun yeni oldu\u011funu ve bu konudaki deneyimlerimizin s\u0131n\u0131rl\u0131 oldu\u011funu d\u00fc\u015f\u00fcn\u00fcrsek bo\u015fluklarla dolu olmas\u0131 do\u011fald\u0131r&#8230; Ve bir a\u015famadan di\u011ferine att\u0131\u011f\u0131m\u0131z her ad\u0131mda, her zaman, t\u00fcm sekt\u00f6rlerdeki herhangi bir i\u015fin bir a\u015famadan di\u011ferine ge\u00e7i\u015f oldu\u011funu varsayd\u0131m, bu da genellikle bo\u015fluklar\u0131n \u00e7ok oldu\u011fu anlam\u0131na gelir&#8230; Fikir \u00e7o\u011fu zaman uygulamayla e\u015fle\u015fmedi\u011finden olumlu y\u00f6nlerden daha fazlas\u0131 olabilir. &#8221;<\/p>\n<p style=\"text-align: justify;\"><strong><span style=\"color: #ff0000;\">Cumhurba\u015fkan\u0131 Esad:<\/span> <\/strong><\/p>\n<p style=\"text-align: justify;\">&#8221;Dolay\u0131s\u0131yla bu projeyi ba\u015ftan g\u00f6zden ge\u00e7irmek zorunday\u0131z&#8230; yedi y\u0131l sonra neredeydik&#8230; nereye ula\u015ft\u0131k&#8230; tuzaklar neler&#8230; hatalar neler&#8230; negatifler&#8230; De\u011fi\u015ftirmemiz gereken yerler neler&#8230; Esneklik kazand\u0131ran, bazen k\u0131s\u0131tlayan bir proje olmak yerine idari projeyi d\u00f6n\u00fc\u015ft\u00fcrd\u00fc\u011f\u00fcm\u00fcz yerler neler&#8230; Projeyi h\u00fck\u00fcmet d\u00fczeyinde yeniden inceleyerek teklifler yap\u0131yoruz ve nerede geli\u015ftirebilece\u011fimiz, nerede de\u011fi\u015fiklik yapabilece\u011fimiz \u00fczerinde \u00e7al\u0131\u015f\u0131yoruz. &#8221;<\/p>\n<p style=\"text-align: justify;\"><strong><span style=\"color: #ff0000;\">Cumhurba\u015fkan\u0131 Esad:<\/span> <\/strong><\/p>\n<p style=\"text-align: justify;\">&#8221;Kader ve ko\u015fullar, Siyonistlerin L\u00fcbnan&#8217;daki karde\u015flerimize y\u00f6nelik vah\u015fi sald\u0131rganl\u0131\u011f\u0131n\u0131n \u0131\u015f\u0131\u011f\u0131nda bug\u00fcn \u00e7al\u0131\u015fmaya ba\u015flaman\u0131z\u0131 istedi. S\u0131n\u0131rlar\u0131 olmayan su\u00e7lar\u0131 anlatmak veya hakk\u0131nda konu\u015fmak zordur. Ama \u00e7al\u0131\u015fmalar\u0131n\u0131z\u0131n ilk saatlerinde, \u015fu an, bu saatlerde ve o g\u00fcnlerde, t\u00fcm man\u015fetlerden \u00f6nce as\u0131l konu \u015fu olmal\u0131: Her alanda, her sekt\u00f6rde L\u00fcbnan&#8217;daki karde\u015flerimizin yan\u0131nda \u0130stisnas\u0131z ve teredd\u00fcts\u00fcz nas\u0131l \u00a0durabiliriz?&#8221;<\/p>\n<div id='gallery-1' class='gallery galleryid-309031 gallery-columns-1 gallery-size-full'><figure class='gallery-item'>\n\t\t\t<div class='gallery-icon landscape'>\n\t\t\t\t<a href='https:\/\/archive.sana.sy\/tr\/wp-content\/uploads\/2024\/09\/01-23.jpg'><img loading=\"lazy\" decoding=\"async\" width=\"1200\" height=\"800\" src=\"https:\/\/archive.sana.sy\/tr\/wp-content\/uploads\/2024\/09\/01-23.jpg\" class=\"attachment-full size-full\" alt=\"\" srcset=\"https:\/\/archive.sana.sy\/tr\/wp-content\/uploads\/2024\/09\/01-23.jpg 1200w, https:\/\/archive.sana.sy\/tr\/wp-content\/uploads\/2024\/09\/01-23-300x200.jpg 300w, https:\/\/archive.sana.sy\/tr\/wp-content\/uploads\/2024\/09\/01-23-1024x683.jpg 1024w, https:\/\/archive.sana.sy\/tr\/wp-content\/uploads\/2024\/09\/01-23-768x512.jpg 768w\" sizes=\"auto, (max-width: 1200px) 100vw, 1200px\" \/><\/a>\n\t\t\t<\/div><\/figure><figure class='gallery-item'>\n\t\t\t<div class='gallery-icon landscape'>\n\t\t\t\t<a href='https:\/\/archive.sana.sy\/tr\/wp-content\/uploads\/2024\/09\/02-3-1.jpg'><img loading=\"lazy\" decoding=\"async\" width=\"1200\" height=\"800\" src=\"https:\/\/archive.sana.sy\/tr\/wp-content\/uploads\/2024\/09\/02-3-1.jpg\" class=\"attachment-full size-full\" alt=\"\" srcset=\"https:\/\/archive.sana.sy\/tr\/wp-content\/uploads\/2024\/09\/02-3-1.jpg 1200w, https:\/\/archive.sana.sy\/tr\/wp-content\/uploads\/2024\/09\/02-3-1-300x200.jpg 300w, https:\/\/archive.sana.sy\/tr\/wp-content\/uploads\/2024\/09\/02-3-1-1024x683.jpg 1024w, https:\/\/archive.sana.sy\/tr\/wp-content\/uploads\/2024\/09\/02-3-1-768x512.jpg 768w\" sizes=\"auto, (max-width: 1200px) 100vw, 1200px\" \/><\/a>\n\t\t\t<\/div><\/figure><figure class='gallery-item'>\n\t\t\t<div class='gallery-icon landscape'>\n\t\t\t\t<a href='https:\/\/archive.sana.sy\/tr\/wp-content\/uploads\/2024\/09\/03-4.jpg'><img loading=\"lazy\" decoding=\"async\" width=\"1200\" height=\"800\" src=\"https:\/\/archive.sana.sy\/tr\/wp-content\/uploads\/2024\/09\/03-4.jpg\" class=\"attachment-full size-full\" alt=\"\" srcset=\"https:\/\/archive.sana.sy\/tr\/wp-content\/uploads\/2024\/09\/03-4.jpg 1200w, https:\/\/archive.sana.sy\/tr\/wp-content\/uploads\/2024\/09\/03-4-300x200.jpg 300w, https:\/\/archive.sana.sy\/tr\/wp-content\/uploads\/2024\/09\/03-4-1024x683.jpg 1024w, https:\/\/archive.sana.sy\/tr\/wp-content\/uploads\/2024\/09\/03-4-768x512.jpg 768w\" sizes=\"auto, (max-width: 1200px) 100vw, 1200px\" \/><\/a>\n\t\t\t<\/div><\/figure><figure class='gallery-item'>\n\t\t\t<div class='gallery-icon landscape'>\n\t\t\t\t<a href='https:\/\/archive.sana.sy\/tr\/wp-content\/uploads\/2024\/09\/04-2-1.jpg'><img loading=\"lazy\" decoding=\"async\" width=\"1200\" height=\"800\" src=\"https:\/\/archive.sana.sy\/tr\/wp-content\/uploads\/2024\/09\/04-2-1.jpg\" class=\"attachment-full size-full\" alt=\"\" srcset=\"https:\/\/archive.sana.sy\/tr\/wp-content\/uploads\/2024\/09\/04-2-1.jpg 1200w, https:\/\/archive.sana.sy\/tr\/wp-content\/uploads\/2024\/09\/04-2-1-300x200.jpg 300w, https:\/\/archive.sana.sy\/tr\/wp-content\/uploads\/2024\/09\/04-2-1-1024x683.jpg 1024w, https:\/\/archive.sana.sy\/tr\/wp-content\/uploads\/2024\/09\/04-2-1-768x512.jpg 768w\" sizes=\"auto, (max-width: 1200px) 100vw, 1200px\" \/><\/a>\n\t\t\t<\/div><\/figure><figure class='gallery-item'>\n\t\t\t<div class='gallery-icon landscape'>\n\t\t\t\t<a href='https:\/\/archive.sana.sy\/tr\/wp-content\/uploads\/2024\/09\/05.jpg'><img loading=\"lazy\" decoding=\"async\" width=\"1200\" height=\"800\" src=\"https:\/\/archive.sana.sy\/tr\/wp-content\/uploads\/2024\/09\/05.jpg\" class=\"attachment-full size-full\" alt=\"\" srcset=\"https:\/\/archive.sana.sy\/tr\/wp-content\/uploads\/2024\/09\/05.jpg 1200w, https:\/\/archive.sana.sy\/tr\/wp-content\/uploads\/2024\/09\/05-300x200.jpg 300w, https:\/\/archive.sana.sy\/tr\/wp-content\/uploads\/2024\/09\/05-1024x683.jpg 1024w, https:\/\/archive.sana.sy\/tr\/wp-content\/uploads\/2024\/09\/05-768x512.jpg 768w\" sizes=\"auto, (max-width: 1200px) 100vw, 1200px\" \/><\/a>\n\t\t\t<\/div><\/figure><figure class='gallery-item'>\n\t\t\t<div class='gallery-icon landscape'>\n\t\t\t\t<a href='https:\/\/archive.sana.sy\/tr\/wp-content\/uploads\/2024\/09\/06-1.jpg'><img loading=\"lazy\" decoding=\"async\" width=\"1200\" height=\"800\" src=\"https:\/\/archive.sana.sy\/tr\/wp-content\/uploads\/2024\/09\/06-1.jpg\" class=\"attachment-full size-full\" alt=\"\" srcset=\"https:\/\/archive.sana.sy\/tr\/wp-content\/uploads\/2024\/09\/06-1.jpg 1200w, https:\/\/archive.sana.sy\/tr\/wp-content\/uploads\/2024\/09\/06-1-300x200.jpg 300w, https:\/\/archive.sana.sy\/tr\/wp-content\/uploads\/2024\/09\/06-1-1024x683.jpg 1024w, https:\/\/archive.sana.sy\/tr\/wp-content\/uploads\/2024\/09\/06-1-768x512.jpg 768w\" sizes=\"auto, (max-width: 1200px) 100vw, 1200px\" \/><\/a>\n\t\t\t<\/div><\/figure><figure class='gallery-item'>\n\t\t\t<div class='gallery-icon landscape'>\n\t\t\t\t<a href='https:\/\/archive.sana.sy\/tr\/wp-content\/uploads\/2024\/09\/07-1.jpg'><img loading=\"lazy\" decoding=\"async\" width=\"1200\" height=\"800\" src=\"https:\/\/archive.sana.sy\/tr\/wp-content\/uploads\/2024\/09\/07-1.jpg\" class=\"attachment-full size-full\" alt=\"\" srcset=\"https:\/\/archive.sana.sy\/tr\/wp-content\/uploads\/2024\/09\/07-1.jpg 1200w, https:\/\/archive.sana.sy\/tr\/wp-content\/uploads\/2024\/09\/07-1-300x200.jpg 300w, https:\/\/archive.sana.sy\/tr\/wp-content\/uploads\/2024\/09\/07-1-1024x683.jpg 1024w, https:\/\/archive.sana.sy\/tr\/wp-content\/uploads\/2024\/09\/07-1-768x512.jpg 768w\" sizes=\"auto, (max-width: 1200px) 100vw, 1200px\" \/><\/a>\n\t\t\t<\/div><\/figure><figure class='gallery-item'>\n\t\t\t<div class='gallery-icon landscape'>\n\t\t\t\t<a href='https:\/\/archive.sana.sy\/tr\/wp-content\/uploads\/2024\/09\/08-1.jpg'><img loading=\"lazy\" decoding=\"async\" width=\"1200\" height=\"800\" src=\"https:\/\/archive.sana.sy\/tr\/wp-content\/uploads\/2024\/09\/08-1.jpg\" class=\"attachment-full size-full\" alt=\"\" srcset=\"https:\/\/archive.sana.sy\/tr\/wp-content\/uploads\/2024\/09\/08-1.jpg 1200w, https:\/\/archive.sana.sy\/tr\/wp-content\/uploads\/2024\/09\/08-1-300x200.jpg 300w, https:\/\/archive.sana.sy\/tr\/wp-content\/uploads\/2024\/09\/08-1-1024x683.jpg 1024w, https:\/\/archive.sana.sy\/tr\/wp-content\/uploads\/2024\/09\/08-1-768x512.jpg 768w\" sizes=\"auto, (max-width: 1200px) 100vw, 1200px\" \/><\/a>\n\t\t\t<\/div><\/figure><figure class='gallery-item'>\n\t\t\t<div class='gallery-icon landscape'>\n\t\t\t\t<a href='https:\/\/archive.sana.sy\/tr\/wp-content\/uploads\/2024\/09\/09-1.jpg'><img loading=\"lazy\" decoding=\"async\" width=\"1200\" height=\"800\" src=\"https:\/\/archive.sana.sy\/tr\/wp-content\/uploads\/2024\/09\/09-1.jpg\" class=\"attachment-full size-full\" alt=\"\" srcset=\"https:\/\/archive.sana.sy\/tr\/wp-content\/uploads\/2024\/09\/09-1.jpg 1200w, https:\/\/archive.sana.sy\/tr\/wp-content\/uploads\/2024\/09\/09-1-300x200.jpg 300w, https:\/\/archive.sana.sy\/tr\/wp-content\/uploads\/2024\/09\/09-1-1024x683.jpg 1024w, https:\/\/archive.sana.sy\/tr\/wp-content\/uploads\/2024\/09\/09-1-768x512.jpg 768w\" sizes=\"auto, (max-width: 1200px) 100vw, 1200px\" \/><\/a>\n\t\t\t<\/div><\/figure><figure class='gallery-item'>\n\t\t\t<div class='gallery-icon landscape'>\n\t\t\t\t<a href='https:\/\/archive.sana.sy\/tr\/wp-content\/uploads\/2024\/09\/10-7.jpg'><img loading=\"lazy\" decoding=\"async\" width=\"1200\" height=\"800\" src=\"https:\/\/archive.sana.sy\/tr\/wp-content\/uploads\/2024\/09\/10-7.jpg\" class=\"attachment-full size-full\" alt=\"\" srcset=\"https:\/\/archive.sana.sy\/tr\/wp-content\/uploads\/2024\/09\/10-7.jpg 1200w, https:\/\/archive.sana.sy\/tr\/wp-content\/uploads\/2024\/09\/10-7-300x200.jpg 300w, https:\/\/archive.sana.sy\/tr\/wp-content\/uploads\/2024\/09\/10-7-1024x683.jpg 1024w, https:\/\/archive.sana.sy\/tr\/wp-content\/uploads\/2024\/09\/10-7-768x512.jpg 768w\" sizes=\"auto, (max-width: 1200px) 100vw, 1200px\" \/><\/a>\n\t\t\t<\/div><\/figure><figure class='gallery-item'>\n\t\t\t<div class='gallery-icon landscape'>\n\t\t\t\t<a href='https:\/\/archive.sana.sy\/tr\/wp-content\/uploads\/2024\/09\/11-2-1.jpg'><img loading=\"lazy\" decoding=\"async\" width=\"1200\" height=\"800\" src=\"https:\/\/archive.sana.sy\/tr\/wp-content\/uploads\/2024\/09\/11-2-1.jpg\" class=\"attachment-full size-full\" alt=\"\" srcset=\"https:\/\/archive.sana.sy\/tr\/wp-content\/uploads\/2024\/09\/11-2-1.jpg 1200w, https:\/\/archive.sana.sy\/tr\/wp-content\/uploads\/2024\/09\/11-2-1-300x200.jpg 300w, https:\/\/archive.sana.sy\/tr\/wp-content\/uploads\/2024\/09\/11-2-1-1024x683.jpg 1024w, https:\/\/archive.sana.sy\/tr\/wp-content\/uploads\/2024\/09\/11-2-1-768x512.jpg 768w\" sizes=\"auto, (max-width: 1200px) 100vw, 1200px\" \/><\/a>\n\t\t\t<\/div><\/figure><figure class='gallery-item'>\n\t\t\t<div class='gallery-icon landscape'>\n\t\t\t\t<a href='https:\/\/archive.sana.sy\/tr\/wp-content\/uploads\/2024\/09\/12-11.jpg'><img loading=\"lazy\" decoding=\"async\" width=\"1200\" height=\"800\" src=\"https:\/\/archive.sana.sy\/tr\/wp-content\/uploads\/2024\/09\/12-11.jpg\" class=\"attachment-full size-full\" alt=\"\" srcset=\"https:\/\/archive.sana.sy\/tr\/wp-content\/uploads\/2024\/09\/12-11.jpg 1200w, https:\/\/archive.sana.sy\/tr\/wp-content\/uploads\/2024\/09\/12-11-300x200.jpg 300w, https:\/\/archive.sana.sy\/tr\/wp-content\/uploads\/2024\/09\/12-11-1024x683.jpg 1024w, https:\/\/archive.sana.sy\/tr\/wp-content\/uploads\/2024\/09\/12-11-768x512.jpg 768w\" sizes=\"auto, (max-width: 1200px) 100vw, 1200px\" \/><\/a>\n\t\t\t<\/div><\/figure><figure class='gallery-item'>\n\t\t\t<div class='gallery-icon landscape'>\n\t\t\t\t<a href='https:\/\/archive.sana.sy\/tr\/wp-content\/uploads\/2024\/09\/13-5.jpg'><img loading=\"lazy\" decoding=\"async\" width=\"1200\" height=\"800\" src=\"https:\/\/archive.sana.sy\/tr\/wp-content\/uploads\/2024\/09\/13-5.jpg\" class=\"attachment-full size-full\" alt=\"\" srcset=\"https:\/\/archive.sana.sy\/tr\/wp-content\/uploads\/2024\/09\/13-5.jpg 1200w, https:\/\/archive.sana.sy\/tr\/wp-content\/uploads\/2024\/09\/13-5-300x200.jpg 300w, https:\/\/archive.sana.sy\/tr\/wp-content\/uploads\/2024\/09\/13-5-1024x683.jpg 1024w, https:\/\/archive.sana.sy\/tr\/wp-content\/uploads\/2024\/09\/13-5-768x512.jpg 768w\" sizes=\"auto, (max-width: 1200px) 100vw, 1200px\" \/><\/a>\n\t\t\t<\/div><\/figure><figure class='gallery-item'>\n\t\t\t<div class='gallery-icon landscape'>\n\t\t\t\t<a href='https:\/\/archive.sana.sy\/tr\/wp-content\/uploads\/2024\/09\/14-10.jpg'><img loading=\"lazy\" decoding=\"async\" width=\"1200\" height=\"800\" src=\"https:\/\/archive.sana.sy\/tr\/wp-content\/uploads\/2024\/09\/14-10.jpg\" class=\"attachment-full size-full\" alt=\"\" srcset=\"https:\/\/archive.sana.sy\/tr\/wp-content\/uploads\/2024\/09\/14-10.jpg 1200w, https:\/\/archive.sana.sy\/tr\/wp-content\/uploads\/2024\/09\/14-10-300x200.jpg 300w, https:\/\/archive.sana.sy\/tr\/wp-content\/uploads\/2024\/09\/14-10-1024x683.jpg 1024w, https:\/\/archive.sana.sy\/tr\/wp-content\/uploads\/2024\/09\/14-10-768x512.jpg 768w\" sizes=\"auto, (max-width: 1200px) 100vw, 1200px\" \/><\/a>\n\t\t\t<\/div><\/figure><figure class='gallery-item'>\n\t\t\t<div class='gallery-icon landscape'>\n\t\t\t\t<a href='https:\/\/archive.sana.sy\/tr\/wp-content\/uploads\/2024\/09\/15-7.jpg'><img loading=\"lazy\" decoding=\"async\" width=\"1200\" height=\"800\" src=\"https:\/\/archive.sana.sy\/tr\/wp-content\/uploads\/2024\/09\/15-7.jpg\" class=\"attachment-full size-full\" alt=\"\" srcset=\"https:\/\/archive.sana.sy\/tr\/wp-content\/uploads\/2024\/09\/15-7.jpg 1200w, https:\/\/archive.sana.sy\/tr\/wp-content\/uploads\/2024\/09\/15-7-300x200.jpg 300w, https:\/\/archive.sana.sy\/tr\/wp-content\/uploads\/2024\/09\/15-7-1024x683.jpg 1024w, https:\/\/archive.sana.sy\/tr\/wp-content\/uploads\/2024\/09\/15-7-768x512.jpg 768w\" sizes=\"auto, (max-width: 1200px) 100vw, 1200px\" \/><\/a>\n\t\t\t<\/div><\/figure><figure class='gallery-item'>\n\t\t\t<div class='gallery-icon landscape'>\n\t\t\t\t<a href='https:\/\/archive.sana.sy\/tr\/wp-content\/uploads\/2024\/09\/16-4.jpg'><img loading=\"lazy\" decoding=\"async\" width=\"1200\" height=\"800\" src=\"https:\/\/archive.sana.sy\/tr\/wp-content\/uploads\/2024\/09\/16-4.jpg\" class=\"attachment-full size-full\" alt=\"\" srcset=\"https:\/\/archive.sana.sy\/tr\/wp-content\/uploads\/2024\/09\/16-4.jpg 1200w, https:\/\/archive.sana.sy\/tr\/wp-content\/uploads\/2024\/09\/16-4-300x200.jpg 300w, https:\/\/archive.sana.sy\/tr\/wp-content\/uploads\/2024\/09\/16-4-1024x683.jpg 1024w, https:\/\/archive.sana.sy\/tr\/wp-content\/uploads\/2024\/09\/16-4-768x512.jpg 768w\" sizes=\"auto, (max-width: 1200px) 100vw, 1200px\" \/><\/a>\n\t\t\t<\/div><\/figure><figure class='gallery-item'>\n\t\t\t<div class='gallery-icon landscape'>\n\t\t\t\t<a href='https:\/\/archive.sana.sy\/tr\/wp-content\/uploads\/2024\/09\/17-4.jpg'><img loading=\"lazy\" decoding=\"async\" width=\"1200\" height=\"800\" src=\"https:\/\/archive.sana.sy\/tr\/wp-content\/uploads\/2024\/09\/17-4.jpg\" class=\"attachment-full size-full\" alt=\"\" srcset=\"https:\/\/archive.sana.sy\/tr\/wp-content\/uploads\/2024\/09\/17-4.jpg 1200w, https:\/\/archive.sana.sy\/tr\/wp-content\/uploads\/2024\/09\/17-4-300x200.jpg 300w, https:\/\/archive.sana.sy\/tr\/wp-content\/uploads\/2024\/09\/17-4-1024x683.jpg 1024w, https:\/\/archive.sana.sy\/tr\/wp-content\/uploads\/2024\/09\/17-4-768x512.jpg 768w\" sizes=\"auto, (max-width: 1200px) 100vw, 1200px\" \/><\/a>\n\t\t\t<\/div><\/figure><figure class='gallery-item'>\n\t\t\t<div class='gallery-icon landscape'>\n\t\t\t\t<a href='https:\/\/archive.sana.sy\/tr\/wp-content\/uploads\/2024\/09\/18-2.jpg'><img loading=\"lazy\" decoding=\"async\" width=\"1200\" height=\"800\" src=\"https:\/\/archive.sana.sy\/tr\/wp-content\/uploads\/2024\/09\/18-2.jpg\" class=\"attachment-full size-full\" alt=\"\" srcset=\"https:\/\/archive.sana.sy\/tr\/wp-content\/uploads\/2024\/09\/18-2.jpg 1200w, https:\/\/archive.sana.sy\/tr\/wp-content\/uploads\/2024\/09\/18-2-300x200.jpg 300w, https:\/\/archive.sana.sy\/tr\/wp-content\/uploads\/2024\/09\/18-2-1024x683.jpg 1024w, https:\/\/archive.sana.sy\/tr\/wp-content\/uploads\/2024\/09\/18-2-768x512.jpg 768w\" sizes=\"auto, (max-width: 1200px) 100vw, 1200px\" \/><\/a>\n\t\t\t<\/div><\/figure><figure class='gallery-item'>\n\t\t\t<div class='gallery-icon landscape'>\n\t\t\t\t<a href='https:\/\/archive.sana.sy\/tr\/wp-content\/uploads\/2024\/09\/19-2.jpg'><img loading=\"lazy\" decoding=\"async\" width=\"1200\" height=\"800\" src=\"https:\/\/archive.sana.sy\/tr\/wp-content\/uploads\/2024\/09\/19-2.jpg\" class=\"attachment-full size-full\" alt=\"\" srcset=\"https:\/\/archive.sana.sy\/tr\/wp-content\/uploads\/2024\/09\/19-2.jpg 1200w, https:\/\/archive.sana.sy\/tr\/wp-content\/uploads\/2024\/09\/19-2-300x200.jpg 300w, https:\/\/archive.sana.sy\/tr\/wp-content\/uploads\/2024\/09\/19-2-1024x683.jpg 1024w, https:\/\/archive.sana.sy\/tr\/wp-content\/uploads\/2024\/09\/19-2-768x512.jpg 768w\" sizes=\"auto, (max-width: 1200px) 100vw, 1200px\" \/><\/a>\n\t\t\t<\/div><\/figure><figure class='gallery-item'>\n\t\t\t<div class='gallery-icon landscape'>\n\t\t\t\t<a href='https:\/\/archive.sana.sy\/tr\/wp-content\/uploads\/2024\/09\/20-1.jpg'><img loading=\"lazy\" decoding=\"async\" width=\"1200\" height=\"800\" src=\"https:\/\/archive.sana.sy\/tr\/wp-content\/uploads\/2024\/09\/20-1.jpg\" class=\"attachment-full size-full\" alt=\"\" srcset=\"https:\/\/archive.sana.sy\/tr\/wp-content\/uploads\/2024\/09\/20-1.jpg 1200w, https:\/\/archive.sana.sy\/tr\/wp-content\/uploads\/2024\/09\/20-1-300x200.jpg 300w, https:\/\/archive.sana.sy\/tr\/wp-content\/uploads\/2024\/09\/20-1-1024x683.jpg 1024w, https:\/\/archive.sana.sy\/tr\/wp-content\/uploads\/2024\/09\/20-1-768x512.jpg 768w\" sizes=\"auto, (max-width: 1200px) 100vw, 1200px\" \/><\/a>\n\t\t\t<\/div><\/figure><figure class='gallery-item'>\n\t\t\t<div class='gallery-icon landscape'>\n\t\t\t\t<a href='https:\/\/archive.sana.sy\/tr\/wp-content\/uploads\/2024\/09\/21-2.jpg'><img loading=\"lazy\" decoding=\"async\" width=\"1200\" height=\"800\" src=\"https:\/\/archive.sana.sy\/tr\/wp-content\/uploads\/2024\/09\/21-2.jpg\" class=\"attachment-full size-full\" alt=\"\" srcset=\"https:\/\/archive.sana.sy\/tr\/wp-content\/uploads\/2024\/09\/21-2.jpg 1200w, https:\/\/archive.sana.sy\/tr\/wp-content\/uploads\/2024\/09\/21-2-300x200.jpg 300w, https:\/\/archive.sana.sy\/tr\/wp-content\/uploads\/2024\/09\/21-2-1024x683.jpg 1024w, https:\/\/archive.sana.sy\/tr\/wp-content\/uploads\/2024\/09\/21-2-768x512.jpg 768w\" sizes=\"auto, (max-width: 1200px) 100vw, 1200px\" \/><\/a>\n\t\t\t<\/div><\/figure><figure class='gallery-item'>\n\t\t\t<div class='gallery-icon landscape'>\n\t\t\t\t<a href='https:\/\/archive.sana.sy\/tr\/wp-content\/uploads\/2024\/09\/22-8.jpg'><img loading=\"lazy\" decoding=\"async\" width=\"1200\" height=\"800\" src=\"https:\/\/archive.sana.sy\/tr\/wp-content\/uploads\/2024\/09\/22-8.jpg\" class=\"attachment-full size-full\" alt=\"\" srcset=\"https:\/\/archive.sana.sy\/tr\/wp-content\/uploads\/2024\/09\/22-8.jpg 1200w, https:\/\/archive.sana.sy\/tr\/wp-content\/uploads\/2024\/09\/22-8-300x200.jpg 300w, https:\/\/archive.sana.sy\/tr\/wp-content\/uploads\/2024\/09\/22-8-1024x683.jpg 1024w, https:\/\/archive.sana.sy\/tr\/wp-content\/uploads\/2024\/09\/22-8-768x512.jpg 768w\" sizes=\"auto, (max-width: 1200px) 100vw, 1200px\" \/><\/a>\n\t\t\t<\/div><\/figure><figure class='gallery-item'>\n\t\t\t<div class='gallery-icon landscape'>\n\t\t\t\t<a href='https:\/\/archive.sana.sy\/tr\/wp-content\/uploads\/2024\/09\/23-5.jpg'><img loading=\"lazy\" decoding=\"async\" width=\"1200\" height=\"800\" src=\"https:\/\/archive.sana.sy\/tr\/wp-content\/uploads\/2024\/09\/23-5.jpg\" class=\"attachment-full size-full\" alt=\"\" srcset=\"https:\/\/archive.sana.sy\/tr\/wp-content\/uploads\/2024\/09\/23-5.jpg 1200w, https:\/\/archive.sana.sy\/tr\/wp-content\/uploads\/2024\/09\/23-5-300x200.jpg 300w, https:\/\/archive.sana.sy\/tr\/wp-content\/uploads\/2024\/09\/23-5-1024x683.jpg 1024w, https:\/\/archive.sana.sy\/tr\/wp-content\/uploads\/2024\/09\/23-5-768x512.jpg 768w\" sizes=\"auto, (max-width: 1200px) 100vw, 1200px\" \/><\/a>\n\t\t\t<\/div><\/figure><figure class='gallery-item'>\n\t\t\t<div class='gallery-icon portrait'>\n\t\t\t\t<a href='https:\/\/archive.sana.sy\/tr\/wp-content\/uploads\/2024\/09\/24.09.24.MP-\u0642\u0633\u0645-\u0627\u0644\u062d\u0643\u0648\u0645\u0629-10-1.jpg'><img loading=\"lazy\" decoding=\"async\" width=\"1200\" height=\"1668\" src=\"https:\/\/archive.sana.sy\/tr\/wp-content\/uploads\/2024\/09\/24.09.24.MP-\u0642\u0633\u0645-\u0627\u0644\u062d\u0643\u0648\u0645\u0629-10-1.jpg\" class=\"attachment-full size-full\" alt=\"\" srcset=\"https:\/\/archive.sana.sy\/tr\/wp-content\/uploads\/2024\/09\/24.09.24.MP-\u0642\u0633\u0645-\u0627\u0644\u062d\u0643\u0648\u0645\u0629-10-1.jpg 1200w, https:\/\/archive.sana.sy\/tr\/wp-content\/uploads\/2024\/09\/24.09.24.MP-\u0642\u0633\u0645-\u0627\u0644\u062d\u0643\u0648\u0645\u0629-10-1-216x300.jpg 216w, https:\/\/archive.sana.sy\/tr\/wp-content\/uploads\/2024\/09\/24.09.24.MP-\u0642\u0633\u0645-\u0627\u0644\u062d\u0643\u0648\u0645\u0629-10-1-737x1024.jpg 737w, https:\/\/archive.sana.sy\/tr\/wp-content\/uploads\/2024\/09\/24.09.24.MP-\u0642\u0633\u0645-\u0627\u0644\u062d\u0643\u0648\u0645\u0629-10-1-768x1068.jpg 768w, https:\/\/archive.sana.sy\/tr\/wp-content\/uploads\/2024\/09\/24.09.24.MP-\u0642\u0633\u0645-\u0627\u0644\u062d\u0643\u0648\u0645\u0629-10-1-1105x1536.jpg 1105w\" sizes=\"auto, (max-width: 1200px) 100vw, 1200px\" \/><\/a>\n\t\t\t<\/div><\/figure><figure class='gallery-item'>\n\t\t\t<div class='gallery-icon landscape'>\n\t\t\t\t<a href='https:\/\/archive.sana.sy\/tr\/wp-content\/uploads\/2024\/09\/24.09.24.MP-\u0642\u0633\u0645-\u0627\u0644\u062d\u0643\u0648\u0645\u0629-52-1.jpg'><img loading=\"lazy\" decoding=\"async\" width=\"1200\" height=\"518\" src=\"https:\/\/archive.sana.sy\/tr\/wp-content\/uploads\/2024\/09\/24.09.24.MP-\u0642\u0633\u0645-\u0627\u0644\u062d\u0643\u0648\u0645\u0629-52-1.jpg\" class=\"attachment-full size-full\" alt=\"\" srcset=\"https:\/\/archive.sana.sy\/tr\/wp-content\/uploads\/2024\/09\/24.09.24.MP-\u0642\u0633\u0645-\u0627\u0644\u062d\u0643\u0648\u0645\u0629-52-1.jpg 1200w, https:\/\/archive.sana.sy\/tr\/wp-content\/uploads\/2024\/09\/24.09.24.MP-\u0642\u0633\u0645-\u0627\u0644\u062d\u0643\u0648\u0645\u0629-52-1-300x130.jpg 300w, https:\/\/archive.sana.sy\/tr\/wp-content\/uploads\/2024\/09\/24.09.24.MP-\u0642\u0633\u0645-\u0627\u0644\u062d\u0643\u0648\u0645\u0629-52-1-1024x442.jpg 1024w, https:\/\/archive.sana.sy\/tr\/wp-content\/uploads\/2024\/09\/24.09.24.MP-\u0642\u0633\u0645-\u0627\u0644\u062d\u0643\u0648\u0645\u0629-52-1-768x332.jpg 768w\" sizes=\"auto, (max-width: 1200px) 100vw, 1200px\" \/><\/a>\n\t\t\t<\/div><\/figure><figure class='gallery-item'>\n\t\t\t<div class='gallery-icon portrait'>\n\t\t\t\t<a href='https:\/\/archive.sana.sy\/tr\/wp-content\/uploads\/2024\/09\/24.09.24.MP-\u0642\u0633\u0645-\u0627\u0644\u062d\u0643\u0648\u0645\u0629-63-1.jpg'><img loading=\"lazy\" decoding=\"async\" width=\"1200\" height=\"1623\" src=\"https:\/\/archive.sana.sy\/tr\/wp-content\/uploads\/2024\/09\/24.09.24.MP-\u0642\u0633\u0645-\u0627\u0644\u062d\u0643\u0648\u0645\u0629-63-1.jpg\" class=\"attachment-full size-full\" alt=\"\" srcset=\"https:\/\/archive.sana.sy\/tr\/wp-content\/uploads\/2024\/09\/24.09.24.MP-\u0642\u0633\u0645-\u0627\u0644\u062d\u0643\u0648\u0645\u0629-63-1.jpg 1200w, https:\/\/archive.sana.sy\/tr\/wp-content\/uploads\/2024\/09\/24.09.24.MP-\u0642\u0633\u0645-\u0627\u0644\u062d\u0643\u0648\u0645\u0629-63-1-222x300.jpg 222w, https:\/\/archive.sana.sy\/tr\/wp-content\/uploads\/2024\/09\/24.09.24.MP-\u0642\u0633\u0645-\u0627\u0644\u062d\u0643\u0648\u0645\u0629-63-1-757x1024.jpg 757w, https:\/\/archive.sana.sy\/tr\/wp-content\/uploads\/2024\/09\/24.09.24.MP-\u0642\u0633\u0645-\u0627\u0644\u062d\u0643\u0648\u0645\u0629-63-1-768x1039.jpg 768w, https:\/\/archive.sana.sy\/tr\/wp-content\/uploads\/2024\/09\/24.09.24.MP-\u0642\u0633\u0645-\u0627\u0644\u062d\u0643\u0648\u0645\u0629-63-1-1136x1536.jpg 1136w\" sizes=\"auto, (max-width: 1200px) 100vw, 1200px\" \/><\/a>\n\t\t\t<\/div><\/figure><figure class='gallery-item'>\n\t\t\t<div class='gallery-icon landscape'>\n\t\t\t\t<a href='https:\/\/archive.sana.sy\/tr\/wp-content\/uploads\/2024\/09\/24-1.jpg'><img loading=\"lazy\" decoding=\"async\" width=\"1200\" height=\"800\" src=\"https:\/\/archive.sana.sy\/tr\/wp-content\/uploads\/2024\/09\/24-1.jpg\" class=\"attachment-full size-full\" alt=\"\" srcset=\"https:\/\/archive.sana.sy\/tr\/wp-content\/uploads\/2024\/09\/24-1.jpg 1200w, https:\/\/archive.sana.sy\/tr\/wp-content\/uploads\/2024\/09\/24-1-300x200.jpg 300w, https:\/\/archive.sana.sy\/tr\/wp-content\/uploads\/2024\/09\/24-1-1024x683.jpg 1024w, https:\/\/archive.sana.sy\/tr\/wp-content\/uploads\/2024\/09\/24-1-768x512.jpg 768w\" sizes=\"auto, (max-width: 1200px) 100vw, 1200px\" \/><\/a>\n\t\t\t<\/div><\/figure><figure class='gallery-item'>\n\t\t\t<div class='gallery-icon landscape'>\n\t\t\t\t<a href='https:\/\/archive.sana.sy\/tr\/wp-content\/uploads\/2024\/09\/25-2.jpg'><img loading=\"lazy\" decoding=\"async\" width=\"1200\" height=\"800\" src=\"https:\/\/archive.sana.sy\/tr\/wp-content\/uploads\/2024\/09\/25-2.jpg\" class=\"attachment-full size-full\" alt=\"\" srcset=\"https:\/\/archive.sana.sy\/tr\/wp-content\/uploads\/2024\/09\/25-2.jpg 1200w, https:\/\/archive.sana.sy\/tr\/wp-content\/uploads\/2024\/09\/25-2-300x200.jpg 300w, https:\/\/archive.sana.sy\/tr\/wp-content\/uploads\/2024\/09\/25-2-1024x683.jpg 1024w, https:\/\/archive.sana.sy\/tr\/wp-content\/uploads\/2024\/09\/25-2-768x512.jpg 768w\" sizes=\"auto, (max-width: 1200px) 100vw, 1200px\" \/><\/a>\n\t\t\t<\/div><\/figure><figure class='gallery-item'>\n\t\t\t<div class='gallery-icon landscape'>\n\t\t\t\t<a href='https:\/\/archive.sana.sy\/tr\/wp-content\/uploads\/2024\/09\/26-1.jpg'><img loading=\"lazy\" decoding=\"async\" width=\"1200\" height=\"800\" src=\"https:\/\/archive.sana.sy\/tr\/wp-content\/uploads\/2024\/09\/26-1.jpg\" class=\"attachment-full size-full\" alt=\"\" srcset=\"https:\/\/archive.sana.sy\/tr\/wp-content\/uploads\/2024\/09\/26-1.jpg 1200w, https:\/\/archive.sana.sy\/tr\/wp-content\/uploads\/2024\/09\/26-1-300x200.jpg 300w, https:\/\/archive.sana.sy\/tr\/wp-content\/uploads\/2024\/09\/26-1-1024x683.jpg 1024w, https:\/\/archive.sana.sy\/tr\/wp-content\/uploads\/2024\/09\/26-1-768x512.jpg 768w\" sizes=\"auto, (max-width: 1200px) 100vw, 1200px\" \/><\/a>\n\t\t\t<\/div><\/figure><figure class='gallery-item'>\n\t\t\t<div class='gallery-icon landscape'>\n\t\t\t\t<a href='https:\/\/archive.sana.sy\/tr\/wp-content\/uploads\/2024\/09\/27-2.jpg'><img loading=\"lazy\" decoding=\"async\" width=\"1200\" height=\"800\" src=\"https:\/\/archive.sana.sy\/tr\/wp-content\/uploads\/2024\/09\/27-2.jpg\" class=\"attachment-full size-full\" alt=\"\" srcset=\"https:\/\/archive.sana.sy\/tr\/wp-content\/uploads\/2024\/09\/27-2.jpg 1200w, https:\/\/archive.sana.sy\/tr\/wp-content\/uploads\/2024\/09\/27-2-300x200.jpg 300w, https:\/\/archive.sana.sy\/tr\/wp-content\/uploads\/2024\/09\/27-2-1024x683.jpg 1024w, https:\/\/archive.sana.sy\/tr\/wp-content\/uploads\/2024\/09\/27-2-768x512.jpg 768w\" sizes=\"auto, (max-width: 1200px) 100vw, 1200px\" \/><\/a>\n\t\t\t<\/div><\/figure><figure class='gallery-item'>\n\t\t\t<div class='gallery-icon landscape'>\n\t\t\t\t<a href='https:\/\/archive.sana.sy\/tr\/wp-content\/uploads\/2024\/09\/28-3.jpg'><img loading=\"lazy\" decoding=\"async\" width=\"1200\" height=\"800\" src=\"https:\/\/archive.sana.sy\/tr\/wp-content\/uploads\/2024\/09\/28-3.jpg\" class=\"attachment-full size-full\" alt=\"\" srcset=\"https:\/\/archive.sana.sy\/tr\/wp-content\/uploads\/2024\/09\/28-3.jpg 1200w, https:\/\/archive.sana.sy\/tr\/wp-content\/uploads\/2024\/09\/28-3-300x200.jpg 300w, https:\/\/archive.sana.sy\/tr\/wp-content\/uploads\/2024\/09\/28-3-1024x683.jpg 1024w, https:\/\/archive.sana.sy\/tr\/wp-content\/uploads\/2024\/09\/28-3-768x512.jpg 768w\" sizes=\"auto, (max-width: 1200px) 100vw, 1200px\" \/><\/a>\n\t\t\t<\/div><\/figure>\n\t\t<\/div>\n\n","protected":false},"excerpt":{"rendered":"<p>\u015eAM (SANA) \u2013 Cumhurba\u015fkan\u0131 Be\u015f\u015far Esad, \u00d6n\u00fcnde Yemin Ettikten Sonra Yeni Kabinenin Y\u00f6nlendirme Toplant\u0131s\u0131na Ba\u015fkanl\u0131k Etti. Cumhurba\u015fkan\u0131 Esad&#8217;\u0131n y\u00f6nlendirici konu\u015fmas\u0131ndan \u00f6ne \u00e7\u0131kanlar \u015f\u00f6yle: &#8221;Yeni h\u00fck\u00fcmetin Suriye vatanda\u015flar\u0131n\u0131n b\u00fcy\u00fck umutlar\u0131n\u0131 kar\u015f\u0131layaca\u011f\u0131n\u0131 umuyorum. De\u011fi\u015fiklik veya de\u011fi\u015ftirme ba\u015fl\u0131 ba\u015f\u0131na bir ama\u00e7 de\u011fildir, daha ziyade bir ara\u00e7 ve yenilenme i\u00e7in yeni bir f\u0131rsatt\u0131r&#8230; \u00dclkedeki genel durumu geli\u015ftirmek ve ilerletmek &hellip;<\/p>\n","protected":false},"author":43,"featured_media":309033,"comment_status":"closed","ping_status":"closed","sticky":false,"template":"","format":"standard","meta":{"footnotes":""},"categories":[606,6459,605,17988],"tags":[],"class_list":["post-309031","post","type-post","status-publish","format-standard","has-post-thumbnail","","category-cumhurbaskani","category-sana-fotolarl","category-sayin-cumhurbaskani","category-son-haberler"],"_links":{"self":[{"href":"https:\/\/archive.sana.sy\/tr\/index.php?rest_route=\/wp\/v2\/posts\/309031","targetHints":{"allow":["GET"]}}],"collection":[{"href":"https:\/\/archive.sana.sy\/tr\/index.php?rest_route=\/wp\/v2\/posts"}],"about":[{"href":"https:\/\/archive.sana.sy\/tr\/index.php?rest_route=\/wp\/v2\/types\/post"}],"author":[{"embeddable":true,"href":"https:\/\/archive.sana.sy\/tr\/index.php?rest_route=\/wp\/v2\/users\/43"}],"replies":[{"embeddable":true,"href":"https:\/\/archive.sana.sy\/tr\/index.php?rest_route=%2Fwp%2Fv2%2Fcomments&post=309031"}],"version-history":[{"count":11,"href":"https:\/\/archive.sana.sy\/tr\/index.php?rest_route=\/wp\/v2\/posts\/309031\/revisions"}],"predecessor-version":[{"id":309125,"href":"https:\/\/archive.sana.sy\/tr\/index.php?rest_route=\/wp\/v2\/posts\/309031\/revisions\/309125"}],"wp:featuredmedia":[{"embeddable":true,"href":"https:\/\/archive.sana.sy\/tr\/index.php?rest_route=\/wp\/v2\/media\/309033"}],"wp:attachment":[{"href":"https:\/\/archive.sana.sy\/tr\/index.php?rest_route=%2Fwp%2Fv2%2Fmedia&parent=309031"}],"wp:term":[{"taxonomy":"category","embeddable":true,"href":"https:\/\/archive.sana.sy\/tr\/index.php?rest_route=%2Fwp%2Fv2%2Fcategories&post=309031"},{"taxonomy":"post_tag","embeddable":true,"href":"https:\/\/archive.sana.sy\/tr\/index.php?rest_route=%2Fwp%2Fv2%2Ftags&post=309031"}],"curies":[{"name":"wp","href":"https:\/\/api.w.org\/{rel}","templated":true}]}}