{"id":3091,"date":"2014-06-15T12:10:15","date_gmt":"2014-06-15T09:10:15","guid":{"rendered":"http:\/\/sanasyria.org\/tr\/?p=3091"},"modified":"2014-06-15T12:10:40","modified_gmt":"2014-06-15T09:10:40","slug":"somali-halki-ve-hukumetinden-kutlama-mesaji","status":"publish","type":"post","link":"https:\/\/archive.sana.sy\/tr\/?p=3091","title":{"rendered":"Somali Halk\u0131 ve H\u00fck\u00fcmetinden Kutlama Mesaj\u0131"},"content":{"rendered":"<p><span style=\"color: #800000\">\u015eAM \u2013<\/span> \u015eam\u2019da bulunan Somali Federasyonu B\u00fcy\u00fckel\u00e7ili\u011fi, Somali halk\u0131 ve h\u00fck\u00fcmeti ad\u0131na; Cumhurba\u015fkan\u0131 Be\u015f\u015far el Esad\u2019\u0131n yeniden cumhurba\u015fkan\u0131 se\u00e7ilmesi m\u00fcnasebetiyle tebrik etti.<\/p>\n<p>D\u0131\u015fi\u015fleri ve Gurbet\u00e7iler Bakanl\u0131\u011f\u0131na d\u00fcn yaz\u0131l\u0131 bir mesaj ileten Somali Federasyonu B\u00fcy\u00fckel\u00e7ili\u011fi; Somali Federasyonu halk\u0131 ve h\u00fck\u00fcmetinin Suriye ile olan karde\u015flik ili\u015fkilerini peki\u015ftirme iste\u011fini dile getirdi.<\/p>\n<p>Suriye halk\u0131n\u0131n hak etti\u011fi huzur ve g\u00fcvenlik ortam\u0131na biran \u00f6nce kavu\u015fmas\u0131 temennilerini ifade eden Somali Federasyonu B\u00fcy\u00fckel\u00e7ili\u011fi; fitne, komplo ve yabanc\u0131 m\u00fcdahalelerin Suriye topraklar\u0131 ve halk\u0131ndan uzak olmas\u0131 dileklerini vurgulad\u0131.<\/p>\n","protected":false},"excerpt":{"rendered":"<p>\u015eAM \u2013 \u015eam\u2019da bulunan Somali Federasyonu B\u00fcy\u00fckel\u00e7ili\u011fi, Somali halk\u0131 ve h\u00fck\u00fcmeti ad\u0131na; Cumhurba\u015fkan\u0131 Be\u015f\u015far el Esad\u2019\u0131n yeniden cumhurba\u015fkan\u0131 se\u00e7ilmesi m\u00fcnasebetiyle tebrik etti. D\u0131\u015fi\u015fleri ve Gurbet\u00e7iler Bakanl\u0131\u011f\u0131na d\u00fcn yaz\u0131l\u0131 bir mesaj ileten Somali Federasyonu B\u00fcy\u00fckel\u00e7ili\u011fi; Somali Federasyonu halk\u0131 ve h\u00fck\u00fcmetinin Suriye ile olan karde\u015flik ili\u015fkilerini peki\u015ftirme iste\u011fini dile getirdi. Suriye halk\u0131n\u0131n hak etti\u011fi huzur ve g\u00fcvenlik &hellip;<\/p>\n","protected":false},"author":1,"featured_media":3092,"comment_status":"closed","ping_status":"closed","sticky":false,"template":"","format":"standard","meta":{"footnotes":""},"categories":[458,459],"tags":[687],"class_list":["post-3091","post","type-post","status-publish","format-standard","has-post-thumbnail","","category-dunya1","category-haberler-arap-uluslararasi-politika","tag-somali-halki-ve-hukumetinden-kutlama-mesaji"],"_links":{"self":[{"href":"https:\/\/archive.sana.sy\/tr\/index.php?rest_route=\/wp\/v2\/posts\/3091","targetHints":{"allow":["GET"]}}],"collection":[{"href":"https:\/\/archive.sana.sy\/tr\/index.php?rest_route=\/wp\/v2\/posts"}],"about":[{"href":"https:\/\/archive.sana.sy\/tr\/index.php?rest_route=\/wp\/v2\/types\/post"}],"author":[{"embeddable":true,"href":"https:\/\/archive.sana.sy\/tr\/index.php?rest_route=\/wp\/v2\/users\/1"}],"replies":[{"embeddable":true,"href":"https:\/\/archive.sana.sy\/tr\/index.php?rest_route=%2Fwp%2Fv2%2Fcomments&post=3091"}],"version-history":[{"count":0,"href":"https:\/\/archive.sana.sy\/tr\/index.php?rest_route=\/wp\/v2\/posts\/3091\/revisions"}],"wp:featuredmedia":[{"embeddable":true,"href":"https:\/\/archive.sana.sy\/tr\/index.php?rest_route=\/wp\/v2\/media\/3092"}],"wp:attachment":[{"href":"https:\/\/archive.sana.sy\/tr\/index.php?rest_route=%2Fwp%2Fv2%2Fmedia&parent=3091"}],"wp:term":[{"taxonomy":"category","embeddable":true,"href":"https:\/\/archive.sana.sy\/tr\/index.php?rest_route=%2Fwp%2Fv2%2Fcategories&post=3091"},{"taxonomy":"post_tag","embeddable":true,"href":"https:\/\/archive.sana.sy\/tr\/index.php?rest_route=%2Fwp%2Fv2%2Ftags&post=3091"}],"curies":[{"name":"wp","href":"https:\/\/api.w.org\/{rel}","templated":true}]}}