{"id":30920,"date":"2015-04-26T08:33:57","date_gmt":"2015-04-26T05:33:57","guid":{"rendered":"http:\/\/www.sana.sy\/tr\/?p=30920"},"modified":"2015-04-26T08:33:57","modified_gmt":"2015-04-26T05:33:57","slug":"askeri-kaynak-ordu-birliklerimizin-idlibin-cisr-el-sugur-ve-hamanin-kuzey-kirsalinda-bulunan-askeri-kontrol-noktalarina-sizan-teroristlere-yonelik-gece-duzenledikleri-baskinlar-sonu","status":"publish","type":"post","link":"https:\/\/archive.sana.sy\/tr\/?p=30920","title":{"rendered":"Askeri kaynak, ordu birliklerimizin \u0130dlib\u2019in Cisr el \u015eu\u011fur ve Hama\u2019n\u0131n kuzey k\u0131rsal\u0131nda bulunan askeri kontrol noktalar\u0131na s\u0131zan ter\u00f6ristlere y\u00f6nelik gece d\u00fczenledikleri bask\u0131nlar sonucunda ter\u00f6ristleri say\u0131 ve te\u00e7hizat bak\u0131m\u0131ndan a\u011f\u0131r kay\u0131plara u\u011fratt\u0131klar\u0131n\u0131, ka\u00e7an art\u0131klar\u0131n\u0131 da kovalamay\u0131 s\u00fcrd\u00fcrd\u00fcklerini s\u00f6yledi."},"content":{"rendered":"<p>Askeri kaynak, ordu birliklerimizin \u0130dlib\u2019in Cisr el \u015eu\u011fur ve Hama\u2019n\u0131n kuzey k\u0131rsal\u0131nda bulunan askeri kontrol noktalar\u0131na s\u0131zan ter\u00f6ristlere y\u00f6nelik gece d\u00fczenledikleri bask\u0131nlar sonucunda ter\u00f6ristleri say\u0131 ve te\u00e7hizat bak\u0131m\u0131ndan a\u011f\u0131r kay\u0131plara u\u011fratt\u0131klar\u0131n\u0131, ka\u00e7an art\u0131klar\u0131n\u0131 da kovalamay\u0131 s\u00fcrd\u00fcrd\u00fcklerini s\u00f6yledi.<\/p>\n","protected":false},"excerpt":{"rendered":"<p>Askeri kaynak, ordu birliklerimizin \u0130dlib\u2019in Cisr el \u015eu\u011fur ve Hama\u2019n\u0131n kuzey k\u0131rsal\u0131nda bulunan askeri kontrol noktalar\u0131na s\u0131zan ter\u00f6ristlere y\u00f6nelik gece d\u00fczenledikleri bask\u0131nlar sonucunda ter\u00f6ristleri say\u0131 ve te\u00e7hizat bak\u0131m\u0131ndan a\u011f\u0131r kay\u0131plara u\u011fratt\u0131klar\u0131n\u0131, ka\u00e7an art\u0131klar\u0131n\u0131 da kovalamay\u0131 s\u00fcrd\u00fcrd\u00fcklerini s\u00f6yledi.<\/p>\n","protected":false},"author":1,"featured_media":0,"comment_status":"closed","ping_status":"closed","sticky":false,"template":"","format":"standard","meta":{"footnotes":""},"categories":[1],"tags":[1031,14034,14033],"class_list":["post-30920","post","type-post","status-publish","format-standard","","category-news-not-sorted","tag-askeri-kaynak","tag-kacan-artiklarini-da-kovalamayi-surdurduklerini-soyledi","tag-ordu-birliklerimizin-idlibin-cisr-el-sugur-ve-hamanin-kuzey-kirsalinda-bulunan-askeri-kontrol-noktalarina-sizan-teroristlere-yonelik-gece-duzenledikleri-baskinlar-sonucunda-teroristl"],"_links":{"self":[{"href":"https:\/\/archive.sana.sy\/tr\/index.php?rest_route=\/wp\/v2\/posts\/30920","targetHints":{"allow":["GET"]}}],"collection":[{"href":"https:\/\/archive.sana.sy\/tr\/index.php?rest_route=\/wp\/v2\/posts"}],"about":[{"href":"https:\/\/archive.sana.sy\/tr\/index.php?rest_route=\/wp\/v2\/types\/post"}],"author":[{"embeddable":true,"href":"https:\/\/archive.sana.sy\/tr\/index.php?rest_route=\/wp\/v2\/users\/1"}],"replies":[{"embeddable":true,"href":"https:\/\/archive.sana.sy\/tr\/index.php?rest_route=%2Fwp%2Fv2%2Fcomments&post=30920"}],"version-history":[{"count":0,"href":"https:\/\/archive.sana.sy\/tr\/index.php?rest_route=\/wp\/v2\/posts\/30920\/revisions"}],"wp:attachment":[{"href":"https:\/\/archive.sana.sy\/tr\/index.php?rest_route=%2Fwp%2Fv2%2Fmedia&parent=30920"}],"wp:term":[{"taxonomy":"category","embeddable":true,"href":"https:\/\/archive.sana.sy\/tr\/index.php?rest_route=%2Fwp%2Fv2%2Fcategories&post=30920"},{"taxonomy":"post_tag","embeddable":true,"href":"https:\/\/archive.sana.sy\/tr\/index.php?rest_route=%2Fwp%2Fv2%2Ftags&post=30920"}],"curies":[{"name":"wp","href":"https:\/\/api.w.org\/{rel}","templated":true}]}}