{"id":309283,"date":"2024-09-28T15:27:37","date_gmt":"2024-09-28T12:27:37","guid":{"rendered":"https:\/\/sana.sy\/tr\/?p=309283"},"modified":"2024-09-29T16:59:23","modified_gmt":"2024-09-29T13:59:23","slug":"hizbullah-hizbullah-genel-sekreteri-hasan-nasrullahin-sehadetini-duyurdu","status":"publish","type":"post","link":"https:\/\/archive.sana.sy\/tr\/?p=309283","title":{"rendered":"Hizbullah, Hizbullah Genel Sekreteri Hasan Nasrullah&#8217;\u0131n \u015eehadetini Duyurdu"},"content":{"rendered":"<p style=\"text-align: justify;\"><strong>BEYRUT (SANA) \u2013<\/strong> L\u00fcbnan\u2019l\u0131 Hizbullah, \u0130srail&#8217;in L\u00fcbnan&#8217;a y\u00f6nelik sald\u0131r\u0131s\u0131 s\u0131ras\u0131nda Genel Sekreteri Seyyid Hasan Nasrullah&#8217;\u0131n \u015fehit edildi\u011fini duyurdu.<\/p>\n<p style=\"text-align: justify;\">Hizbullah bug\u00fcn yapt\u0131\u011f\u0131 a\u00e7\u0131klamada \u015funlar\u0131 s\u00f6yledi: &#8220;Direni\u015fin lideri, Allah\u2019\u0131n salih kulu, b\u00fcy\u00fck bir \u015fehit, kahraman bir lider, cesur, bilge, anlay\u0131\u015fl\u0131 ve inan\u00e7l\u0131 bir ki\u015fi olarak \u015fehit d\u00fc\u015ft\u00fc.\u201d<\/p>\n<p style=\"text-align: justify;\">A\u00e7\u0131klamada \u015funlar kaydedildi: \u201cHizbullah Genel Sekreteri Muhterem Seyyid Hasan Nasrullah, yakla\u015f\u0131k otuz y\u0131l boyunca yolculu\u011funu y\u00fcr\u00fctt\u00fc\u011f\u00fc b\u00fcy\u00fck ve \u00f6l\u00fcms\u00fcz \u015fehit yolda\u015flar\u0131na kat\u0131ld\u0131. \u00a01992&#8217;de \u0130slami Direni\u015f \u015fehitlerinin efendisinin yerine ge\u00e7erek, 2000&#8217;de L\u00fcbnan&#8217;\u0131n kurtulu\u015funa, 2006&#8217;da ilahi ve kal\u0131c\u0131 zafere ve di\u011fer t\u00fcm onur ve kurtulu\u015f sava\u015flar\u0131na kadar onlar\u0131 zaferden zafere g\u00f6t\u00fcrd\u00fc. Bu, Filistin&#8217;e, Gazze&#8217;ye ve ezilen Filistin halk\u0131na destek ve kahramanl\u0131k m\u00fccadelesine yol a\u00e7t\u0131.\u2019\u2019<\/p>\n<p style=\"text-align: justify;\">A\u00e7\u0131klamada ayr\u0131ca \u015fu ifadelere yer verildi: \u00a0\u201cM\u00fccahitlere, m\u00fcminlere, direni\u015f milletimize, sab\u0131rl\u0131 ve m\u00fccadeleci L\u00fcbnan halk\u0131na, t\u00fcm \u0130slam milletine, d\u00fcnyadaki t\u00fcm \u00f6zg\u00fcr ve mazlumlara, \u015ferefli ve sab\u0131rl\u0131 ailesine ba\u015fsa\u011fl\u0131\u011f\u0131 diliyoruz. Hizbullah Genel Sekreteri Say\u0131n Hasan Nasrullah&#8217;\u0131 Kud\u00fcs ve Filistin yolunda \u015fehit olarak en y\u00fcksek ilahi \u015fereflere lay\u0131k g\u00f6r\u00fcld\u00fc\u011f\u00fc, en k\u0131ymetli dileklerini yerine getirdi\u011fi, saf iman ve inanc\u0131n en y\u00fcksek mertebelerini ger\u00e7ekle\u015ftirdi\u011fi i\u00e7in tebrik ediyoruz. \u00a0Dahiye\u2019deki hain Siyonist sald\u0131r\u0131s\u0131n\u0131n ard\u0131ndan onun pak ve kutsal yoluna kat\u0131lan \u015fehitler i\u00e7in tebriklerimizi sunuyoruz \u00a0ve Allah\u2019tan onlara rahmet diliyoruz.&#8221;<\/p>\n<p style=\"text-align: justify;\">Hizbullah a\u00e7\u0131klamas\u0131n\u0131 \u015fu ifadelerle tamamlad\u0131: \u2018\u2019Hizbullah liderli\u011fi, d\u00fc\u015fmanla m\u00fccadelede, Gazze ve Filistin&#8217;e destek, L\u00fcbnan ve halk\u0131n\u0131 savunmada cihad\u0131na devam etmek i\u00e7in fedakarl\u0131klarla ve \u015fehitlerle dolu yolculu\u011fumuzda en y\u00fcksek, en kutsal ve en de\u011ferli \u015fehidi an\u0131yor\u2026 Onurlu m\u00fccahitlere ve direni\u015fin muzaffer kahramanlar\u0131na, sizlerin, kurtar\u0131lm\u0131\u015f \u015fehidin emaneti oldu\u011funuzu ve onun zaptedilemez kalkan\u0131 ve kahramanl\u0131k ve kurtulu\u015fun ta\u00e7 m\u00fccevheri olan onun karde\u015fleri oldu\u011funuzu s\u00f6yl\u00fcyoruz&#8230; Say\u0131n \u00d6nderimiz, d\u00fc\u015f\u00fcncesiyle, ruhuyla, \u00e7izgisiyle, kutsal yakla\u015f\u0131m\u0131yla h\u00e2l\u00e2 aram\u0131zdad\u0131r ve siz Zafere kadar direni\u015fe ve fedakarl\u0131\u011fa sadakat ve ba\u011fl\u0131l\u0131\u011fa ba\u011fl\u0131s\u0131n\u0131z.\u201d<\/p>\n<p style=\"text-align: center;\"><strong><a href=\"https:\/\/t.me\/SuriyeArapHaberAjansI\">Telegram Kanal\u0131m\u0131z\u00a0<\/a>||<a href=\"https:\/\/twitter.com\/arap_ajans\">X Platformumuz\u00a0<\/a>||<a href=\"https:\/\/www.facebook.com\/SANAHaberAjansi\/\">Facebook Sayfam\u0131z<\/a><\/strong><\/p>\n","protected":false},"excerpt":{"rendered":"<p>BEYRUT (SANA) \u2013 L\u00fcbnan\u2019l\u0131 Hizbullah, \u0130srail&#8217;in L\u00fcbnan&#8217;a y\u00f6nelik sald\u0131r\u0131s\u0131 s\u0131ras\u0131nda Genel Sekreteri Seyyid Hasan Nasrullah&#8217;\u0131n \u015fehit edildi\u011fini duyurdu. Hizbullah bug\u00fcn yapt\u0131\u011f\u0131 a\u00e7\u0131klamada \u015funlar\u0131 s\u00f6yledi: &#8220;Direni\u015fin lideri, Allah\u2019\u0131n salih kulu, b\u00fcy\u00fck bir \u015fehit, kahraman bir lider, cesur, bilge, anlay\u0131\u015fl\u0131 ve inan\u00e7l\u0131 bir ki\u015fi olarak \u015fehit d\u00fc\u015ft\u00fc.\u201d A\u00e7\u0131klamada \u015funlar kaydedildi: \u201cHizbullah Genel Sekreteri Muhterem Seyyid Hasan Nasrullah, &hellip;<\/p>\n","protected":false},"author":41,"featured_media":309284,"comment_status":"closed","ping_status":"closed","sticky":false,"template":"","format":"standard","meta":{"footnotes":""},"categories":[458,589,459,17988],"tags":[42500,42503,19722,42499,42501,42502],"class_list":["post-309283","post","type-post","status-publish","format-standard","has-post-thumbnail","","category-dunya1","category-haber-seridi","category-haberler-arap-uluslararasi-politika","category-son-haberler","tag-hasan-nasrallah-olduruldu","tag-hasan-nasrallahtan-sonra-kim-geleceki","tag-hizbullah","tag-hizbullah-genel-sekreteri-hasan-nasrullahin-sehadetini-duyurdu","tag-hizbullahin-lideri","tag-lubnandaki-hizbullahin-yeni-lideri-kimdir"],"_links":{"self":[{"href":"https:\/\/archive.sana.sy\/tr\/index.php?rest_route=\/wp\/v2\/posts\/309283","targetHints":{"allow":["GET"]}}],"collection":[{"href":"https:\/\/archive.sana.sy\/tr\/index.php?rest_route=\/wp\/v2\/posts"}],"about":[{"href":"https:\/\/archive.sana.sy\/tr\/index.php?rest_route=\/wp\/v2\/types\/post"}],"author":[{"embeddable":true,"href":"https:\/\/archive.sana.sy\/tr\/index.php?rest_route=\/wp\/v2\/users\/41"}],"replies":[{"embeddable":true,"href":"https:\/\/archive.sana.sy\/tr\/index.php?rest_route=%2Fwp%2Fv2%2Fcomments&post=309283"}],"version-history":[{"count":1,"href":"https:\/\/archive.sana.sy\/tr\/index.php?rest_route=\/wp\/v2\/posts\/309283\/revisions"}],"predecessor-version":[{"id":309285,"href":"https:\/\/archive.sana.sy\/tr\/index.php?rest_route=\/wp\/v2\/posts\/309283\/revisions\/309285"}],"wp:featuredmedia":[{"embeddable":true,"href":"https:\/\/archive.sana.sy\/tr\/index.php?rest_route=\/wp\/v2\/media\/309284"}],"wp:attachment":[{"href":"https:\/\/archive.sana.sy\/tr\/index.php?rest_route=%2Fwp%2Fv2%2Fmedia&parent=309283"}],"wp:term":[{"taxonomy":"category","embeddable":true,"href":"https:\/\/archive.sana.sy\/tr\/index.php?rest_route=%2Fwp%2Fv2%2Fcategories&post=309283"},{"taxonomy":"post_tag","embeddable":true,"href":"https:\/\/archive.sana.sy\/tr\/index.php?rest_route=%2Fwp%2Fv2%2Ftags&post=309283"}],"curies":[{"name":"wp","href":"https:\/\/api.w.org\/{rel}","templated":true}]}}