{"id":309286,"date":"2024-09-28T16:09:25","date_gmt":"2024-09-28T13:09:25","guid":{"rendered":"https:\/\/sana.sy\/tr\/?p=309286"},"modified":"2024-09-28T16:09:25","modified_gmt":"2024-09-28T13:09:25","slug":"iran-disisleri-bakanligi-sehit-seyyid-hasan-nasrullahin-izledigi-yol-devam-edecektir","status":"publish","type":"post","link":"https:\/\/archive.sana.sy\/tr\/?p=309286","title":{"rendered":"\u0130ran D\u0131\u015fi\u015fleri Bakanl\u0131\u011f\u0131: \u015eehit Seyyid Hasan Nasrullah&#8217;\u0131n \u0130zledi\u011fi Yol Devam Edecekt\u0131r"},"content":{"rendered":"<p style=\"text-align: justify;\"><strong>TAHRAN (SANA)<\/strong> &#8211; \u00a0\u0130ran D\u0131\u015fi\u015fleri Bakanl\u0131\u011f\u0131 s\u00f6zc\u00fcs\u00fc Nas\u0131r Kenani, Hizbullah Genel Sekreteri Hasan Nasralluh&#8217;\u0131n izledi\u011fi yolun devam edece\u011fini ve amac\u0131na ula\u015f\u0131laca\u011f\u0131n\u0131 do\u011frulad\u0131.<\/p>\n<p style=\"text-align: justify;\">Kenani, Hizbullah Genel Sekreteri Hasan Nasrullah&#8217;\u0131n \u015fehadeti nedeniyle taziyelerini iletti ve X platformundaki hesab\u0131ndan \u015funlar\u0131 yazd\u0131: \u2018\u2019Direni\u015f lideri Seyyid Hasan Nasrallah&#8217;\u0131n \u015fanl\u0131 yolu devam edecek ve onun Kud\u00fcs&#8217;\u00fc \u00f6zg\u00fcrle\u015ftirme y\u00f6n\u00fcndeki kutsal hedefine ula\u015f\u0131lacakt\u0131r.&#8221;<\/p>\n<p style=\"text-align: justify;\">Bug\u00fcn L\u00fcbnan&#8217;daki Hizbullah, \u0130srail&#8217;in L\u00fcbnan&#8217;a y\u00f6nelik sald\u0131r\u0131s\u0131 s\u0131ras\u0131nda Genel Sekreteri Hasan Nasrullah&#8217;\u0131n \u015fehit edildi\u011fini duyurmu\u015ftu.<\/p>\n<p style=\"text-align: center;\"><strong><a href=\"https:\/\/t.me\/SuriyeArapHaberAjansI\">Telegram Kanal\u0131m\u0131z\u00a0<\/a>||<a href=\"https:\/\/twitter.com\/arap_ajans\">X Platformumuz\u00a0<\/a>||<a href=\"https:\/\/www.facebook.com\/SANAHaberAjansi\/\">Facebook Sayfam\u0131z<\/a><\/strong><\/p>\n","protected":false},"excerpt":{"rendered":"<p>TAHRAN (SANA) &#8211; \u00a0\u0130ran D\u0131\u015fi\u015fleri Bakanl\u0131\u011f\u0131 s\u00f6zc\u00fcs\u00fc Nas\u0131r Kenani, Hizbullah Genel Sekreteri Hasan Nasralluh&#8217;\u0131n izledi\u011fi yolun devam edece\u011fini ve amac\u0131na ula\u015f\u0131laca\u011f\u0131n\u0131 do\u011frulad\u0131. Kenani, Hizbullah Genel Sekreteri Hasan Nasrullah&#8217;\u0131n \u015fehadeti nedeniyle taziyelerini iletti ve X platformundaki hesab\u0131ndan \u015funlar\u0131 yazd\u0131: \u2018\u2019Direni\u015f lideri Seyyid Hasan Nasrallah&#8217;\u0131n \u015fanl\u0131 yolu devam edecek ve onun Kud\u00fcs&#8217;\u00fc \u00f6zg\u00fcrle\u015ftirme y\u00f6n\u00fcndeki kutsal hedefine ula\u015f\u0131lacakt\u0131r.&#8221; &hellip;<\/p>\n","protected":false},"author":41,"featured_media":309287,"comment_status":"closed","ping_status":"closed","sticky":false,"template":"","format":"standard","meta":{"footnotes":""},"categories":[458,589,459,17988],"tags":[42504],"class_list":["post-309286","post","type-post","status-publish","format-standard","has-post-thumbnail","","category-dunya1","category-haber-seridi","category-haberler-arap-uluslararasi-politika","category-son-haberler","tag-iran-disisleri-bakanligi-sehit-seyyid-hasan-nasrullahin-izledigi-yol-devam-edecektir"],"_links":{"self":[{"href":"https:\/\/archive.sana.sy\/tr\/index.php?rest_route=\/wp\/v2\/posts\/309286","targetHints":{"allow":["GET"]}}],"collection":[{"href":"https:\/\/archive.sana.sy\/tr\/index.php?rest_route=\/wp\/v2\/posts"}],"about":[{"href":"https:\/\/archive.sana.sy\/tr\/index.php?rest_route=\/wp\/v2\/types\/post"}],"author":[{"embeddable":true,"href":"https:\/\/archive.sana.sy\/tr\/index.php?rest_route=\/wp\/v2\/users\/41"}],"replies":[{"embeddable":true,"href":"https:\/\/archive.sana.sy\/tr\/index.php?rest_route=%2Fwp%2Fv2%2Fcomments&post=309286"}],"version-history":[{"count":1,"href":"https:\/\/archive.sana.sy\/tr\/index.php?rest_route=\/wp\/v2\/posts\/309286\/revisions"}],"predecessor-version":[{"id":309288,"href":"https:\/\/archive.sana.sy\/tr\/index.php?rest_route=\/wp\/v2\/posts\/309286\/revisions\/309288"}],"wp:featuredmedia":[{"embeddable":true,"href":"https:\/\/archive.sana.sy\/tr\/index.php?rest_route=\/wp\/v2\/media\/309287"}],"wp:attachment":[{"href":"https:\/\/archive.sana.sy\/tr\/index.php?rest_route=%2Fwp%2Fv2%2Fmedia&parent=309286"}],"wp:term":[{"taxonomy":"category","embeddable":true,"href":"https:\/\/archive.sana.sy\/tr\/index.php?rest_route=%2Fwp%2Fv2%2Fcategories&post=309286"},{"taxonomy":"post_tag","embeddable":true,"href":"https:\/\/archive.sana.sy\/tr\/index.php?rest_route=%2Fwp%2Fv2%2Ftags&post=309286"}],"curies":[{"name":"wp","href":"https:\/\/api.w.org\/{rel}","templated":true}]}}