{"id":309290,"date":"2024-09-28T18:14:19","date_gmt":"2024-09-28T15:14:19","guid":{"rendered":"https:\/\/sana.sy\/tr\/?p=309290"},"modified":"2024-09-28T18:14:19","modified_gmt":"2024-09-28T15:14:19","slug":"hamaney-siyonist-suclular-hizbullahin-guclu-yapisina-zarar-veremeyecek-kadar-kucuktur","status":"publish","type":"post","link":"https:\/\/archive.sana.sy\/tr\/?p=309290","title":{"rendered":"Hamaney: Siyonist Su\u00e7lular Hizbullah&#8217;\u0131n G\u00fc\u00e7l\u00fc Yap\u0131s\u0131na Zarar Veremeyecek Kadar K\u00fc\u00e7\u00fckt\u00fcr"},"content":{"rendered":"<p style=\"text-align: justify;\"><strong>TAHRAN (SANA) &#8211;<\/strong>\u00a0 \u0130ran \u0130slam Devrimi Lideri Seyyid Ali Hamaney, Siyonist d\u00fc\u015fman\u0131n L\u00fcbnan&#8217;daki savunmas\u0131z halka kar\u015f\u0131 yapt\u0131\u011f\u0131 katliam\u0131n, bu kudurmu\u015f yap\u0131n\u0131n vah\u015fi do\u011fas\u0131n\u0131 bir kez daha herkesin g\u00f6z\u00fc \u00f6n\u00fcnde ortaya \u00e7\u0131kard\u0131\u011f\u0131n\u0131 do\u011frulad\u0131.<\/p>\n<p style=\"text-align: justify;\">Hamaney, bug\u00fcn L\u00fcbnan&#8217;daki duruma ili\u015fkin bir mesaj\u0131nda \u200b\u200b\u015funlar\u0131 s\u00f6yledi: \u201cSiyonist varl\u0131ktaki iktidardaki ter\u00f6r \u00e7etesi, Gazze&#8217;de bir y\u0131ld\u0131r s\u00fcrd\u00fcrd\u00fc\u011f\u00fc canice sava\u015ftan ders \u00e7\u0131karmad\u0131 ve kad\u0131nlar\u0131n, \u00e7ocuklar\u0131n, sivillerin toplu katledilmesinin direni\u015fin g\u00fc\u00e7l\u00fc yap\u0131s\u0131n\u0131 etkilemeyece\u011fini, y\u0131kamayaca\u011f\u0131n\u0131 idrak edemedi ve \u015fimdi de ayn\u0131 aptalca politikay\u0131 L\u00fcbnan&#8217;da denetliyorlar.\u201d<\/p>\n<p style=\"text-align: justify;\">Hamaney \u015funu ekledi: \u201cSiyonist su\u00e7lular, Hizbullah&#8217;\u0131n g\u00fc\u00e7l\u00fc yap\u0131s\u0131na ciddi zarar veremeyecek kadar k\u00fc\u00e7\u00fck olduklar\u0131n\u0131 bilmeliler.\u2019\u2019<\/p>\n<p style=\"text-align: justify;\">Hamaney ayr\u0131ca, b\u00f6lgedeki t\u00fcm direni\u015f g\u00fc\u00e7leri Hizbullah&#8217;\u0131n yan\u0131nda ve desteklemektedir\u201d diyerek, bu b\u00f6lgenin kaderinin, muzaffer Hizbullah \u00f6nderli\u011findeki direni\u015f g\u00fc\u00e7lerinin belirleyece\u011fini vurgulad\u0131.<\/p>\n<p style=\"text-align: justify;\">Hamaney, &#8220;L\u00fcbnan halk\u0131, Siyonist varl\u0131\u011f\u0131 ma\u011flup eden ve L\u00fcbnan&#8217;\u0131 y\u00fccelten ve gururland\u0131ran\u0131n Hizbullah oldu\u011funu unutmad\u0131&#8221; ifadelerini kullan\u0131rken de, \u201cL\u00fcbnan, g\u00fcn\u00fcm\u00fcz\u00fcn sald\u0131rgan, k\u00f6t\u00fc ve korkak d\u00fc\u015fman\u0131n\u0131 pi\u015fman edecek. G\u00fcc\u00fcyle L\u00fcbnan halk\u0131n\u0131n ve muzaffer Hizbullah&#8217;\u0131n yan\u0131nda yer almak ve bu gasp\u00e7\u0131 olu\u015fumla m\u00fccadelede onlara yard\u0131m etmek t\u00fcm M\u00fcsl\u00fcmanlar\u0131n g\u00f6revidir\u2019\u2019 ifadelerini s\u00f6zlerine ekledi.<\/p>\n<p style=\"text-align: center;\"><strong><a href=\"https:\/\/t.me\/SuriyeArapHaberAjansI\">Telegram Kanal\u0131m\u0131z\u00a0<\/a>||<a href=\"https:\/\/twitter.com\/arap_ajans\">X Platformumuz\u00a0<\/a>||<a href=\"https:\/\/www.facebook.com\/SANAHaberAjansi\/\">Facebook Sayfam\u0131z<\/a><\/strong><\/p>\n","protected":false},"excerpt":{"rendered":"<p>TAHRAN (SANA) &#8211;\u00a0 \u0130ran \u0130slam Devrimi Lideri Seyyid Ali Hamaney, Siyonist d\u00fc\u015fman\u0131n L\u00fcbnan&#8217;daki savunmas\u0131z halka kar\u015f\u0131 yapt\u0131\u011f\u0131 katliam\u0131n, bu kudurmu\u015f yap\u0131n\u0131n vah\u015fi do\u011fas\u0131n\u0131 bir kez daha herkesin g\u00f6z\u00fc \u00f6n\u00fcnde ortaya \u00e7\u0131kard\u0131\u011f\u0131n\u0131 do\u011frulad\u0131. Hamaney, bug\u00fcn L\u00fcbnan&#8217;daki duruma ili\u015fkin bir mesaj\u0131nda \u200b\u200b\u015funlar\u0131 s\u00f6yledi: \u201cSiyonist varl\u0131ktaki iktidardaki ter\u00f6r \u00e7etesi, Gazze&#8217;de bir y\u0131ld\u0131r s\u00fcrd\u00fcrd\u00fc\u011f\u00fc canice sava\u015ftan ders \u00e7\u0131karmad\u0131 ve &hellip;<\/p>\n","protected":false},"author":41,"featured_media":309291,"comment_status":"closed","ping_status":"closed","sticky":false,"template":"","format":"standard","meta":{"footnotes":""},"categories":[458,589,459,17988],"tags":[42505],"class_list":["post-309290","post","type-post","status-publish","format-standard","has-post-thumbnail","","category-dunya1","category-haber-seridi","category-haberler-arap-uluslararasi-politika","category-son-haberler","tag-hamaney-siyonist-suclular-hizbullahin-guclu-yapisina-zarar-veremeyecek-kadar-kucuktur"],"_links":{"self":[{"href":"https:\/\/archive.sana.sy\/tr\/index.php?rest_route=\/wp\/v2\/posts\/309290","targetHints":{"allow":["GET"]}}],"collection":[{"href":"https:\/\/archive.sana.sy\/tr\/index.php?rest_route=\/wp\/v2\/posts"}],"about":[{"href":"https:\/\/archive.sana.sy\/tr\/index.php?rest_route=\/wp\/v2\/types\/post"}],"author":[{"embeddable":true,"href":"https:\/\/archive.sana.sy\/tr\/index.php?rest_route=\/wp\/v2\/users\/41"}],"replies":[{"embeddable":true,"href":"https:\/\/archive.sana.sy\/tr\/index.php?rest_route=%2Fwp%2Fv2%2Fcomments&post=309290"}],"version-history":[{"count":1,"href":"https:\/\/archive.sana.sy\/tr\/index.php?rest_route=\/wp\/v2\/posts\/309290\/revisions"}],"predecessor-version":[{"id":309292,"href":"https:\/\/archive.sana.sy\/tr\/index.php?rest_route=\/wp\/v2\/posts\/309290\/revisions\/309292"}],"wp:featuredmedia":[{"embeddable":true,"href":"https:\/\/archive.sana.sy\/tr\/index.php?rest_route=\/wp\/v2\/media\/309291"}],"wp:attachment":[{"href":"https:\/\/archive.sana.sy\/tr\/index.php?rest_route=%2Fwp%2Fv2%2Fmedia&parent=309290"}],"wp:term":[{"taxonomy":"category","embeddable":true,"href":"https:\/\/archive.sana.sy\/tr\/index.php?rest_route=%2Fwp%2Fv2%2Fcategories&post=309290"},{"taxonomy":"post_tag","embeddable":true,"href":"https:\/\/archive.sana.sy\/tr\/index.php?rest_route=%2Fwp%2Fv2%2Ftags&post=309290"}],"curies":[{"name":"wp","href":"https:\/\/api.w.org\/{rel}","templated":true}]}}