{"id":309293,"date":"2024-09-28T18:31:23","date_gmt":"2024-09-28T15:31:23","guid":{"rendered":"https:\/\/sana.sy\/tr\/?p=309293"},"modified":"2024-09-28T18:31:23","modified_gmt":"2024-09-28T15:31:23","slug":"pezeskiyan-hizbullah-her-zamankinden-daha-fazla-gunes-gibi-parlayacak-ve-adaletsizlikle-mucadele-bayragi-dusmeyecek","status":"publish","type":"post","link":"https:\/\/archive.sana.sy\/tr\/?p=309293","title":{"rendered":"Peze\u015fkiyan: Hizbullah Her Zamankinden Daha Fazla G\u00fcne\u015f Gibi Parlayacak Ve Adaletsizlikle M\u00fccadele Bayra\u011f\u0131 D\u00fc\u015fmeyecek"},"content":{"rendered":"<p style=\"text-align: justify;\"><strong>TAHRAN (SANA) &#8211;<\/strong>\u00a0 \u0130ran Cumhurba\u015fkan\u0131 Mesud Peze\u015fkyian, L\u00fcbnan Hizbullah\u0131&#8217;n\u0131n her zamankinden daha fazla g\u00fcne\u015f gibi parlayaca\u011f\u0131n\u0131 do\u011frulayarak, Seyyid Hasan Nasrallah \u00f6nderli\u011findeki direni\u015f sembollerinin \u015fehadetinin, direni\u015f soy a\u011fac\u0131n\u0131 her zamankinden daha g\u00fc\u00e7l\u00fc hale getirdi\u011fine i\u015faret etti.<\/p>\n<p style=\"text-align: justify;\">\u0130ran Cumhurba\u015fkan\u0131 ay\u0131ca, \u0130ran haber ajans\u0131 IRNA&#8217;n\u0131n aktard\u0131\u011f\u0131 a\u00e7\u0131klamada, L\u00fcbnan Hizbullah\u0131 Genel Sekreteri&#8217;nin direni\u015fin sembol\u00fc oldu\u011funu, bu liderin cesaretini, yi\u011fitli\u011fini ve \u00e7abalar\u0131n\u0131 anlatmaya kelimelerin yetmedi\u011fini vurgulad\u0131.<\/p>\n<p style=\"text-align: justify;\">\u0130srail&#8217;in bu ter\u00f6r sald\u0131r\u0131s\u0131 emrinin New York&#8217;tan geldi\u011fini uluslararas\u0131 toplumun unutmayaca\u011f\u0131n\u0131, Amerikal\u0131lar\u0131n kendilerini Siyonistlerle gizli anla\u015fmaktan muaf tutamayacaklar\u0131n\u0131 belirten \u0130ran Cumhurba\u015fkan\u0131, \u2018\u2019L\u00fcbnan Hizbullah&#8217;\u0131 her zamankinden daha fazla g\u00fcne\u015f gibi parlayacak ve zalimle m\u00fccadele bayra\u011f\u0131n\u0131n d\u00fc\u015fmeyece\u011fine \u015f\u00fcphe yoktur\u2019\u2019 ifadelerini kulland\u0131.<\/p>\n<p style=\"text-align: center;\"><strong><a href=\"https:\/\/t.me\/SuriyeArapHaberAjansI\">Telegram Kanal\u0131m\u0131z\u00a0<\/a>||<a href=\"https:\/\/twitter.com\/arap_ajans\">X Platformumuz\u00a0<\/a>||<a href=\"https:\/\/www.facebook.com\/SANAHaberAjansi\/\">Facebook Sayfam\u0131z<\/a><\/strong><\/p>\n","protected":false},"excerpt":{"rendered":"<p>TAHRAN (SANA) &#8211;\u00a0 \u0130ran Cumhurba\u015fkan\u0131 Mesud Peze\u015fkyian, L\u00fcbnan Hizbullah\u0131&#8217;n\u0131n her zamankinden daha fazla g\u00fcne\u015f gibi parlayaca\u011f\u0131n\u0131 do\u011frulayarak, Seyyid Hasan Nasrallah \u00f6nderli\u011findeki direni\u015f sembollerinin \u015fehadetinin, direni\u015f soy a\u011fac\u0131n\u0131 her zamankinden daha g\u00fc\u00e7l\u00fc hale getirdi\u011fine i\u015faret etti. \u0130ran Cumhurba\u015fkan\u0131 ay\u0131ca, \u0130ran haber ajans\u0131 IRNA&#8217;n\u0131n aktard\u0131\u011f\u0131 a\u00e7\u0131klamada, L\u00fcbnan Hizbullah\u0131 Genel Sekreteri&#8217;nin direni\u015fin sembol\u00fc oldu\u011funu, bu liderin cesaretini, yi\u011fitli\u011fini &hellip;<\/p>\n","protected":false},"author":41,"featured_media":309294,"comment_status":"closed","ping_status":"closed","sticky":false,"template":"","format":"standard","meta":{"footnotes":""},"categories":[458,589,459,17988],"tags":[33732,42507,42506],"class_list":["post-309293","post","type-post","status-publish","format-standard","has-post-thumbnail","","category-dunya1","category-haber-seridi","category-haberler-arap-uluslararasi-politika","category-son-haberler","tag-hasan-nasrallah","tag-iran-cumhurbaskani-mesud-pezeskyian","tag-pezeskiyan-hizbullah-her-zamankinden-daha-fazla-gunes-gibi-parlayacak-ve-adaletsizlikle-mucadele-bayragi-dusmeyecek"],"_links":{"self":[{"href":"https:\/\/archive.sana.sy\/tr\/index.php?rest_route=\/wp\/v2\/posts\/309293","targetHints":{"allow":["GET"]}}],"collection":[{"href":"https:\/\/archive.sana.sy\/tr\/index.php?rest_route=\/wp\/v2\/posts"}],"about":[{"href":"https:\/\/archive.sana.sy\/tr\/index.php?rest_route=\/wp\/v2\/types\/post"}],"author":[{"embeddable":true,"href":"https:\/\/archive.sana.sy\/tr\/index.php?rest_route=\/wp\/v2\/users\/41"}],"replies":[{"embeddable":true,"href":"https:\/\/archive.sana.sy\/tr\/index.php?rest_route=%2Fwp%2Fv2%2Fcomments&post=309293"}],"version-history":[{"count":1,"href":"https:\/\/archive.sana.sy\/tr\/index.php?rest_route=\/wp\/v2\/posts\/309293\/revisions"}],"predecessor-version":[{"id":309295,"href":"https:\/\/archive.sana.sy\/tr\/index.php?rest_route=\/wp\/v2\/posts\/309293\/revisions\/309295"}],"wp:featuredmedia":[{"embeddable":true,"href":"https:\/\/archive.sana.sy\/tr\/index.php?rest_route=\/wp\/v2\/media\/309294"}],"wp:attachment":[{"href":"https:\/\/archive.sana.sy\/tr\/index.php?rest_route=%2Fwp%2Fv2%2Fmedia&parent=309293"}],"wp:term":[{"taxonomy":"category","embeddable":true,"href":"https:\/\/archive.sana.sy\/tr\/index.php?rest_route=%2Fwp%2Fv2%2Fcategories&post=309293"},{"taxonomy":"post_tag","embeddable":true,"href":"https:\/\/archive.sana.sy\/tr\/index.php?rest_route=%2Fwp%2Fv2%2Ftags&post=309293"}],"curies":[{"name":"wp","href":"https:\/\/api.w.org\/{rel}","templated":true}]}}