{"id":309296,"date":"2024-09-28T18:48:40","date_gmt":"2024-09-28T15:48:40","guid":{"rendered":"https:\/\/sana.sy\/tr\/?p=309296"},"modified":"2024-09-29T17:01:29","modified_gmt":"2024-09-29T14:01:29","slug":"lab-ve-ilim-ve-fikih-konseyi-seyyid-hasan-nasrullahin-kaniyla-anlattigi-kudus-ve-filistin-yolu-zafere-giden-yolumuz-olarak-kalacaktir","status":"publish","type":"post","link":"https:\/\/archive.sana.sy\/tr\/?p=309296","title":{"rendered":"LAB Ve \u0130lim Ve F\u0131k\u0131h Konseyi: Seyyid Hasan Nasrullah&#8217;\u0131n Kan\u0131yla Anlatt\u0131\u011f\u0131 Kud\u00fcs Ve Filistin Yolu, Zafere Giden Yolumuz Olarak Kalacakt\u0131r"},"content":{"rendered":"<p style=\"text-align: justify;\"><strong>\u015eAM (SANA) &#8211;<\/strong> Levant Alimleri Birli\u011fi, Vak\u0131flar Bakanl\u0131\u011f\u0131 \u0130lim ve F\u0131k\u0131h Konseyi ve Suriye Arap Cumhuriyeti alimleri, Seyyid Hasan Nasrullah&#8217;\u0131n bayra\u011f\u0131n\u0131n d\u00fc\u015fmeyece\u011fini, direni\u015fini y\u00fckseltti\u011fi yakla\u015f\u0131m\u0131n kaybolmayaca\u011f\u0131n\u0131, ba\u011f\u0131rd\u0131\u011f\u0131 hakikatin sesinin Siyonistler kar\u015f\u0131s\u0131nda deprem olarak kalaca\u011f\u0131n\u0131, kan\u0131yla anlatt\u0131\u011f\u0131 Kud\u00fcs ve Filistin yolunun zafere ve kurtulu\u015fa kadar hepimizin yolu olarak kalaca\u011f\u0131n\u0131 vurgulad\u0131.<\/p>\n<p style=\"text-align: justify;\">Birlik, SANA&#8217;n\u0131n bir n\u00fcshas\u0131n\u0131 ald\u0131\u011f\u0131 a\u00e7\u0131klamada \u015funlar\u0131 s\u00f6yledi: &#8220;Hizbullah&#8217;a, Arap ve \u0130slam milletine, d\u00fcnyan\u0131n t\u00fcm \u00f6zg\u00fcr halklar\u0131na ba\u015fsa\u011fl\u0131\u011f\u0131 dileklerimizi iletiyor, Seyyid Hasan Nasrullah&#8217;\u0131n bayra\u011f\u0131n\u0131n d\u00fc\u015fmeyece\u011fini, direni\u015fi y\u00fckseltti\u011fi yakla\u015f\u0131m\u0131n d\u00fc\u015fmeyece\u011fini vurguluyoruz. Onun hayk\u0131rd\u0131\u011f\u0131 hakikatin sesinin Siyonistler kar\u015f\u0131s\u0131nda deprem olarak kalaca\u011f\u0131n\u0131, kan\u0131yla anlatt\u0131\u011f\u0131 Kud\u00fcs ve Filistin yolunun zafere kadar hepimizin yolu olarak kalaca\u011f\u0131n\u0131 beyan ediyoruz ve onun saf ve pak kan\u0131n\u0131n, direni\u015f halk\u0131na yol g\u00f6sterecek bir \u0131\u015f\u0131k, cani Siyonistleri yakacak bir ate\u015f olaca\u011f\u0131n\u0131 teyit ediyoruz.\u201d<\/p>\n<p style=\"text-align: justify;\">A\u00e7\u0131klamada \u015funlar kaydedildi: &#8220;Seyyid Hasan Nasrullah, bu d\u00fcnyada g\u00fcnlerini ve y\u0131llar\u0131n\u0131 hakikat yolunda y\u00fcr\u00fcyerek, Kud\u00fcs yolunda m\u00fccadele ederek, direni\u015f bayra\u011f\u0131n\u0131 ta\u015f\u0131yarak, \u0130slam&#8217;\u0131n izzetini temsil ederek ge\u00e7irdikten sonra Allah&#8217;a y\u00f6neldi. Filistin davas\u0131n\u0131 kalbiyle ve y\u00fcre\u011fiyle kucaklayarak milletin de\u011fi\u015fmezlerini savunurken, sonu\u00e7 kald\u0131, Allah&#8217;\u0131n onun i\u00e7in se\u00e7ti\u011fi sonu\u00e7, onun \u015fehit olarak terfi etti.\u2019\u2019<\/p>\n<p style=\"text-align: center;\"><strong><a href=\"https:\/\/t.me\/SuriyeArapHaberAjansI\">Telegram Kanal\u0131m\u0131z\u00a0<\/a>||<a href=\"https:\/\/twitter.com\/arap_ajans\">X Platformumuz\u00a0<\/a>||<a href=\"https:\/\/www.facebook.com\/SANAHaberAjansi\/\">Facebook Sayfam\u0131z<\/a><\/strong><\/p>\n","protected":false},"excerpt":{"rendered":"<p>\u015eAM (SANA) &#8211; Levant Alimleri Birli\u011fi, Vak\u0131flar Bakanl\u0131\u011f\u0131 \u0130lim ve F\u0131k\u0131h Konseyi ve Suriye Arap Cumhuriyeti alimleri, Seyyid Hasan Nasrullah&#8217;\u0131n bayra\u011f\u0131n\u0131n d\u00fc\u015fmeyece\u011fini, direni\u015fini y\u00fckseltti\u011fi yakla\u015f\u0131m\u0131n kaybolmayaca\u011f\u0131n\u0131, ba\u011f\u0131rd\u0131\u011f\u0131 hakikatin sesinin Siyonistler kar\u015f\u0131s\u0131nda deprem olarak kalaca\u011f\u0131n\u0131, kan\u0131yla anlatt\u0131\u011f\u0131 Kud\u00fcs ve Filistin yolunun zafere ve kurtulu\u015fa kadar hepimizin yolu olarak kalaca\u011f\u0131n\u0131 vurgulad\u0131. Birlik, SANA&#8217;n\u0131n bir n\u00fcshas\u0131n\u0131 ald\u0131\u011f\u0131 a\u00e7\u0131klamada &hellip;<\/p>\n","protected":false},"author":41,"featured_media":309297,"comment_status":"closed","ping_status":"closed","sticky":false,"template":"","format":"standard","meta":{"footnotes":""},"categories":[589,479,17988,478],"tags":[42508,42046,42509],"class_list":["post-309296","post","type-post","status-publish","format-standard","has-post-thumbnail","","category-haber-seridi","category-haberler-yerel","category-son-haberler","category-yerel","tag-lab-ve-ilim-ve-fikih-konseyi-seyyid-hasan-nasrullahin-kaniyla-anlattigi-kudus-ve-filistin-yolu","tag-seyyid-hasan-nasrullah","tag-zafere-giden-yolumuz-olarak-kalacaktir"],"_links":{"self":[{"href":"https:\/\/archive.sana.sy\/tr\/index.php?rest_route=\/wp\/v2\/posts\/309296","targetHints":{"allow":["GET"]}}],"collection":[{"href":"https:\/\/archive.sana.sy\/tr\/index.php?rest_route=\/wp\/v2\/posts"}],"about":[{"href":"https:\/\/archive.sana.sy\/tr\/index.php?rest_route=\/wp\/v2\/types\/post"}],"author":[{"embeddable":true,"href":"https:\/\/archive.sana.sy\/tr\/index.php?rest_route=\/wp\/v2\/users\/41"}],"replies":[{"embeddable":true,"href":"https:\/\/archive.sana.sy\/tr\/index.php?rest_route=%2Fwp%2Fv2%2Fcomments&post=309296"}],"version-history":[{"count":1,"href":"https:\/\/archive.sana.sy\/tr\/index.php?rest_route=\/wp\/v2\/posts\/309296\/revisions"}],"predecessor-version":[{"id":309298,"href":"https:\/\/archive.sana.sy\/tr\/index.php?rest_route=\/wp\/v2\/posts\/309296\/revisions\/309298"}],"wp:featuredmedia":[{"embeddable":true,"href":"https:\/\/archive.sana.sy\/tr\/index.php?rest_route=\/wp\/v2\/media\/309297"}],"wp:attachment":[{"href":"https:\/\/archive.sana.sy\/tr\/index.php?rest_route=%2Fwp%2Fv2%2Fmedia&parent=309296"}],"wp:term":[{"taxonomy":"category","embeddable":true,"href":"https:\/\/archive.sana.sy\/tr\/index.php?rest_route=%2Fwp%2Fv2%2Fcategories&post=309296"},{"taxonomy":"post_tag","embeddable":true,"href":"https:\/\/archive.sana.sy\/tr\/index.php?rest_route=%2Fwp%2Fv2%2Ftags&post=309296"}],"curies":[{"name":"wp","href":"https:\/\/api.w.org\/{rel}","templated":true}]}}