{"id":309299,"date":"2024-09-28T19:19:27","date_gmt":"2024-09-28T16:19:27","guid":{"rendered":"https:\/\/sana.sy\/tr\/?p=309299"},"modified":"2024-09-30T19:04:16","modified_gmt":"2024-09-30T16:04:16","slug":"suriye-arap-cumhuriyeti-israilin-suc-niteligindeki-saldirganligini-en-guclu-ifadelerle-kinadi","status":"publish","type":"post","link":"https:\/\/archive.sana.sy\/tr\/?p=309299","title":{"rendered":"Suriye Arap Cumhuriyeti, \u0130srail&#8217;in Su\u00e7 Niteli\u011findeki Sald\u0131rganl\u0131\u011f\u0131n\u0131 En G\u00fc\u00e7l\u00fc \u0130fadelerle K\u0131nad\u0131"},"content":{"rendered":"<p style=\"text-align: justify;\"><strong>\u015eAM (SANA) \u2013<\/strong> \u00a0Suriye Arap Cumhuriyeti, \u0130srail&#8217;in su\u00e7 niteli\u011findeki sald\u0131rganl\u0131\u011f\u0131n\u0131 en g\u00fc\u00e7l\u00fc ifadelerle k\u0131nad\u0131 ve bunun a\u011f\u0131r sonu\u00e7lar\u0131ndan tamamen i\u015fgalci birimi sorumlu tuttu.<\/p>\n<p style=\"text-align: justify;\">D\u0131\u015fi\u015fleri ve Gurbe\u00e7iler Bakanl\u0131\u011f\u0131 \u00a0bug\u00fcn SANA\u2019n\u0131n bir n\u00fcshas\u0131n\u0131 ald\u0131\u011f\u0131 a\u00e7\u0131kamada \u015fu ifadeleri kulland\u0131: \u2018\u2019Bug\u00fcn karde\u015f L\u00fcbnan, \u0130srail&#8217;in ba\u015fkent Beyrut&#8217;un Dahiye Mahallesindeki bir yerle\u015fim b\u00f6lgesini tonlarca y\u0131k\u0131c\u0131 bombayla hedef alan ac\u0131mas\u0131z ve korkak sald\u0131rganl\u0131\u011f\u0131 sonucunda Hizbullah Genel Sekreteri Seyyid Hasan Nasrullah&#8217;\u0131 kaybetti. Bu da onun \u00e7ok say\u0131da masum siville birlikte \u015fehit olmas\u0131na yol a\u00e7t\u0131.\u2019\u2019<\/p>\n<p style=\"text-align: justify;\">Bakanl\u0131k a\u00e7\u0131klamas\u0131nda ayr\u0131ca, \u2018\u2019Siyonist varl\u0131k, bu al\u00e7ak sald\u0131rganl\u0131kla, \u00fczerinde b\u00fcy\u00fcd\u00fc\u011f\u00fc ihanet, korkakl\u0131k ve ter\u00f6rizm \u00f6zelliklerini, sahip oldu\u011fu hi\u00e7bir ahlaki de\u011ferden yoksunlu\u011fu, barbarl\u0131\u011f\u0131 ve t\u00fcm uluslararas\u0131 standart ve kanunlar\u0131 hi\u00e7e saymay\u0131 bir kez daha teyit etmektedir\u2019\u2019 ifadelerini kulland\u0131.<\/p>\n<p style=\"text-align: justify;\">D\u0131\u015fi\u015fleri Bakanl\u0131\u011f\u0131, \u2018\u2019Hizbullah Genel Sekreteri&#8217;nin \u015fehadeti ile bu topraklar\u0131 \u00f6zg\u00fcrle\u015ftirmek, egemenlik ve ba\u011f\u0131ms\u0131zl\u0131\u011f\u0131n\u0131 korumak i\u00e7in m\u00fccadele eden herkes, sald\u0131rganlara kar\u015f\u0131 m\u00fccadelede ve i\u015fgalcilere kar\u015f\u0131 direni\u015fte kendilerine bir rol model olan bayraklar\u0131ndan birini kaybetmi\u015f oldu\u2019\u2019 a\u00e7\u0131klamas\u0131nda bulunurken \u015fu ifadelerle devam etti: \u2018\u2019Say\u0131n Nasrullah, Filistin halk\u0131n\u0131n davas\u0131na destek vererek kendisinden \u00f6nce gelen \u015fehit arkada\u015flar\u0131na kat\u0131ld\u0131 ve y\u0131llar boyunca g\u00f6zlerini Kud\u00fcs&#8217;\u00fc gasp\u00e7\u0131lar\u0131n elinden kurtarmaya odaklayarak, \u00a0bu milletin tarihine zaferler ve parlak sayfalar kaydettiler.\u2019\u2019<\/p>\n<p style=\"text-align: justify;\">\u2018\u2019Suriye Arap Cumhuriyeti, \u0130srail&#8217;in bu cani eylemini en g\u00fc\u00e7l\u00fc ifadelerle k\u0131n\u0131yor ve L\u00fcbnan Ulusal Direni\u015finin liderinin \u015fehadetinden dolay\u0131 karde\u015f L\u00fcbnan&#8217;a ve d\u00fcnyadaki t\u00fcm \u00f6zg\u00fcr insanlara ba\u015fsa\u011fl\u0131\u011f\u0131 dileklerini iletiyor\u2019\u2019 a\u00e7\u0131klamas\u0131nd bulunurken bakanl\u0131k, \u2018\u2019\u0130\u015fgalci g\u00fc\u00e7, bunun a\u011f\u0131r sonu\u00e7lar\u0131n\u0131n t\u00fcm sorumlulu\u011funu \u00fcstlenmektedir\u2019\u2019 ifadelerini s\u00f6zlerine ekledi.<\/p>\n<p style=\"text-align: justify;\">Bakanl\u0131k a\u00e7\u0131klamas\u0131n\u0131 \u015fu ifadelerle tamamlad\u0131: \u2018\u2019Seyyid Nasrullah&#8217;\u0131n \u015fehadet haberinin her yerdeki \u00f6zg\u00fcr insanlar aras\u0131nda ve onun destekleyici tutumunu hi\u00e7bir zaman unutmayan Suriye halk\u0131 aras\u0131nda yay\u0131lmas\u0131ndan duyulan elem ve \u00fcz\u00fcnt\u00fc duygular\u0131na ra\u011fmen, onnun kahramanca kariyeri, gelecek nesiller i\u00e7in, i\u015fgal alt\u0131ndaki t\u00fcm Arap topraklar\u0131n\u0131 kurtarmak ve \u0130srail&#8217;in utan\u00e7 verici eylemlerinden sorumlu tutulmas\u0131n\u0131 sa\u011flamak i\u00e7in m\u00fccadelelerini s\u00fcrd\u00fcrmeleri konusunda bir yol g\u00f6sterici olmaya devam edecektir.\u2019\u2019<\/p>\n<p style=\"text-align: center;\"><strong><a href=\"https:\/\/t.me\/SuriyeArapHaberAjansI\">Telegram Kanal\u0131m\u0131z\u00a0<\/a>||<a href=\"https:\/\/twitter.com\/arap_ajans\">X Platformumuz\u00a0<\/a>||<a href=\"https:\/\/www.facebook.com\/SANAHaberAjansi\/\">Facebook Sayfam\u0131z<\/a><\/strong><\/p>\n","protected":false},"excerpt":{"rendered":"<p>\u015eAM (SANA) \u2013 \u00a0Suriye Arap Cumhuriyeti, \u0130srail&#8217;in su\u00e7 niteli\u011findeki sald\u0131rganl\u0131\u011f\u0131n\u0131 en g\u00fc\u00e7l\u00fc ifadelerle k\u0131nad\u0131 ve bunun a\u011f\u0131r sonu\u00e7lar\u0131ndan tamamen i\u015fgalci birimi sorumlu tuttu. D\u0131\u015fi\u015fleri ve Gurbe\u00e7iler Bakanl\u0131\u011f\u0131 \u00a0bug\u00fcn SANA\u2019n\u0131n bir n\u00fcshas\u0131n\u0131 ald\u0131\u011f\u0131 a\u00e7\u0131kamada \u015fu ifadeleri kulland\u0131: \u2018\u2019Bug\u00fcn karde\u015f L\u00fcbnan, \u0130srail&#8217;in ba\u015fkent Beyrut&#8217;un Dahiye Mahallesindeki bir yerle\u015fim b\u00f6lgesini tonlarca y\u0131k\u0131c\u0131 bombayla hedef alan ac\u0131mas\u0131z ve korkak &hellip;<\/p>\n","protected":false},"author":41,"featured_media":309300,"comment_status":"closed","ping_status":"closed","sticky":false,"template":"","format":"standard","meta":{"footnotes":""},"categories":[458,589,459,17988],"tags":[42510,19844],"class_list":["post-309299","post","type-post","status-publish","format-standard","has-post-thumbnail","","category-dunya1","category-haber-seridi","category-haberler-arap-uluslararasi-politika","category-son-haberler","tag-israilin-suc-niteligindeki-saldirganligini-en-guclu-ifadelerle-kinadi","tag-suriye-arap-cumhuriyeti"],"_links":{"self":[{"href":"https:\/\/archive.sana.sy\/tr\/index.php?rest_route=\/wp\/v2\/posts\/309299","targetHints":{"allow":["GET"]}}],"collection":[{"href":"https:\/\/archive.sana.sy\/tr\/index.php?rest_route=\/wp\/v2\/posts"}],"about":[{"href":"https:\/\/archive.sana.sy\/tr\/index.php?rest_route=\/wp\/v2\/types\/post"}],"author":[{"embeddable":true,"href":"https:\/\/archive.sana.sy\/tr\/index.php?rest_route=\/wp\/v2\/users\/41"}],"replies":[{"embeddable":true,"href":"https:\/\/archive.sana.sy\/tr\/index.php?rest_route=%2Fwp%2Fv2%2Fcomments&post=309299"}],"version-history":[{"count":2,"href":"https:\/\/archive.sana.sy\/tr\/index.php?rest_route=\/wp\/v2\/posts\/309299\/revisions"}],"predecessor-version":[{"id":309319,"href":"https:\/\/archive.sana.sy\/tr\/index.php?rest_route=\/wp\/v2\/posts\/309299\/revisions\/309319"}],"wp:featuredmedia":[{"embeddable":true,"href":"https:\/\/archive.sana.sy\/tr\/index.php?rest_route=\/wp\/v2\/media\/309300"}],"wp:attachment":[{"href":"https:\/\/archive.sana.sy\/tr\/index.php?rest_route=%2Fwp%2Fv2%2Fmedia&parent=309299"}],"wp:term":[{"taxonomy":"category","embeddable":true,"href":"https:\/\/archive.sana.sy\/tr\/index.php?rest_route=%2Fwp%2Fv2%2Fcategories&post=309299"},{"taxonomy":"post_tag","embeddable":true,"href":"https:\/\/archive.sana.sy\/tr\/index.php?rest_route=%2Fwp%2Fv2%2Ftags&post=309299"}],"curies":[{"name":"wp","href":"https:\/\/api.w.org\/{rel}","templated":true}]}}