{"id":309305,"date":"2024-09-28T21:18:10","date_gmt":"2024-09-28T18:18:10","guid":{"rendered":"https:\/\/sana.sy\/tr\/?p=309305"},"modified":"2024-09-29T09:21:04","modified_gmt":"2024-09-29T06:21:04","slug":"suriye-seyyid-hasan-nasrullahin-sehadeti-nedeniyle-uc-gunluk-resmi-yas-ilan-etti-2","status":"publish","type":"post","link":"https:\/\/archive.sana.sy\/tr\/?p=309305","title":{"rendered":"Suriye, Seyyid Hasan Nasrullah&#8217;\u0131n \u015eehadeti Nedeniyle \u00dc\u00e7 G\u00fcnl\u00fck Resmi Yas \u0130lan Etti"},"content":{"rendered":"<p><strong>\u015eAM (SANA)<\/strong> &#8211;\u00a0 Suriye Arap Cumhuriyeti, Hizbullah Genel Sekreteri Seyyid Hasan Nasrullah&#8217;\u0131n \u015fehadetiyle karde\u015f L\u00fcbnan halk\u0131n\u0131n ya\u015fad\u0131\u011f\u0131 b\u00fcy\u00fck kay\u0131ptan duydu\u011fu \u00fcz\u00fcnt\u00fcy\u00fc payla\u015fmaktad\u0131r.<\/p>\n<p>Suriye Arap Cumhuriyeti h\u00fck\u00fcmeti \u00fc\u00e7 g\u00fcnl\u00fck bir s\u00fcre boyunca resmi genel yas ilan edecek ve bu s\u00fcre boyunca Suriye Arap Cumhuriyeti genelinde ve yurt d\u0131\u015f\u0131ndaki t\u00fcm b\u00fcy\u00fckel\u00e7iliklerde ve diplomatik kurumlarda bayraklar yar\u0131ya indirilecek.<\/p>\n","protected":false},"excerpt":{"rendered":"<p>\u015eAM (SANA) &#8211;\u00a0 Suriye Arap Cumhuriyeti, Hizbullah Genel Sekreteri Seyyid Hasan Nasrullah&#8217;\u0131n \u015fehadetiyle karde\u015f L\u00fcbnan halk\u0131n\u0131n ya\u015fad\u0131\u011f\u0131 b\u00fcy\u00fck kay\u0131ptan duydu\u011fu \u00fcz\u00fcnt\u00fcy\u00fc payla\u015fmaktad\u0131r. Suriye Arap Cumhuriyeti h\u00fck\u00fcmeti \u00fc\u00e7 g\u00fcnl\u00fck bir s\u00fcre boyunca resmi genel yas ilan edecek ve bu s\u00fcre boyunca Suriye Arap Cumhuriyeti genelinde ve yurt d\u0131\u015f\u0131ndaki t\u00fcm b\u00fcy\u00fckel\u00e7iliklerde ve diplomatik kurumlarda bayraklar yar\u0131ya indirilecek.<\/p>\n","protected":false},"author":41,"featured_media":309306,"comment_status":"closed","ping_status":"closed","sticky":false,"template":"","format":"standard","meta":{"footnotes":""},"categories":[1],"tags":[],"class_list":["post-309305","post","type-post","status-publish","format-standard","has-post-thumbnail","","category-news-not-sorted"],"_links":{"self":[{"href":"https:\/\/archive.sana.sy\/tr\/index.php?rest_route=\/wp\/v2\/posts\/309305","targetHints":{"allow":["GET"]}}],"collection":[{"href":"https:\/\/archive.sana.sy\/tr\/index.php?rest_route=\/wp\/v2\/posts"}],"about":[{"href":"https:\/\/archive.sana.sy\/tr\/index.php?rest_route=\/wp\/v2\/types\/post"}],"author":[{"embeddable":true,"href":"https:\/\/archive.sana.sy\/tr\/index.php?rest_route=\/wp\/v2\/users\/41"}],"replies":[{"embeddable":true,"href":"https:\/\/archive.sana.sy\/tr\/index.php?rest_route=%2Fwp%2Fv2%2Fcomments&post=309305"}],"version-history":[{"count":1,"href":"https:\/\/archive.sana.sy\/tr\/index.php?rest_route=\/wp\/v2\/posts\/309305\/revisions"}],"predecessor-version":[{"id":309307,"href":"https:\/\/archive.sana.sy\/tr\/index.php?rest_route=\/wp\/v2\/posts\/309305\/revisions\/309307"}],"wp:featuredmedia":[{"embeddable":true,"href":"https:\/\/archive.sana.sy\/tr\/index.php?rest_route=\/wp\/v2\/media\/309306"}],"wp:attachment":[{"href":"https:\/\/archive.sana.sy\/tr\/index.php?rest_route=%2Fwp%2Fv2%2Fmedia&parent=309305"}],"wp:term":[{"taxonomy":"category","embeddable":true,"href":"https:\/\/archive.sana.sy\/tr\/index.php?rest_route=%2Fwp%2Fv2%2Fcategories&post=309305"},{"taxonomy":"post_tag","embeddable":true,"href":"https:\/\/archive.sana.sy\/tr\/index.php?rest_route=%2Fwp%2Fv2%2Ftags&post=309305"}],"curies":[{"name":"wp","href":"https:\/\/api.w.org\/{rel}","templated":true}]}}