{"id":309310,"date":"2024-09-29T09:39:25","date_gmt":"2024-09-29T06:39:25","guid":{"rendered":"https:\/\/sana.sy\/tr\/?p=309310"},"modified":"2024-10-01T08:31:38","modified_gmt":"2024-10-01T05:31:38","slug":"dusman-israilin-lubnanin-guneyindeki-teyrdaba-kasabasina-duzenledigi-hava-saldirisinda-4-kisi-sehit-dusu","status":"publish","type":"post","link":"https:\/\/archive.sana.sy\/tr\/?p=309310","title":{"rendered":"D\u00fc\u015fman \u0130srail&#8217;in L\u00fcbnan&#8217;\u0131n G\u00fcneyindeki Teyrdaba Kasabas\u0131na D\u00fczenledi\u011fi Hava Sald\u0131r\u0131s\u0131nda 4 Ki\u015fi \u015eehit D\u00fc\u015f\u00fc"},"content":{"rendered":"<p style=\"text-align: justify;\"><strong>BEYRUT (SANA)<\/strong> \u2013 D\u00fc\u015fman \u0130srail&#8217;in L\u00fcbnan&#8217;\u0131n g\u00fcneyindeki Teyrdaba kasabas\u0131na d\u00fczenledi\u011fi hava sald\u0131r\u0131s\u0131 sonucu 4 ki\u015fi \u015fehit d\u00fc\u015ft\u00fc.<\/p>\n<p style=\"text-align: justify;\">L\u00fcbnan Ulusal Haber Ajans\u0131, d\u00fc\u015fman sava\u015f u\u00e7aklar\u0131n\u0131n Teyrdaba kasabas\u0131nda &#8220;Ke\u015fafit E\u015f Resala El Eslamiye&#8221; Derne\u011fi&#8217;ne ba\u011fl\u0131 bir sivil savunma merkezine hava sald\u0131r\u0131s\u0131 d\u00fczenledi\u011fini, bunun sonucunda 4 \u015fehit ve \u00e7ok say\u0131da yaral\u0131n\u0131n bulundu\u011funu bildirdi.<\/p>\n<p style=\"text-align: justify;\">D\u00fc\u015fman sava\u015f u\u00e7aklar\u0131 da sabah saat 05.00&#8217;ten itibaren Baalbek kenti ve il\u00e7eye ba\u011fl\u0131 k\u00f6yleri hedef alarak fabrikalar\u0131, depolar\u0131, d\u00fckkanlar\u0131, \u00e7iftlikleri ve yerle\u015fim yerlerini esirgemedi.<\/p>\n<p style=\"text-align: justify;\">D\u00fc\u015fman u\u00e7aklar\u0131 ayr\u0131ca Bekaa&#8217;n\u0131n kuzeyindeki bir\u00e7ok k\u00f6y\u00fcn yan\u0131 s\u0131ra \u015eaat, Serin, Eyn El Suda, El Nanayyih, Yunin, Tariya, Budai ve Hermel kasabalar\u0131n\u0131 da hedef ald\u0131.<\/p>\n<p style=\"text-align: center;\"><strong><a href=\"https:\/\/t.me\/SuriyeArapHaberAjansI\">Telegram Kanal\u0131m\u0131z\u00a0<\/a>||<a href=\"https:\/\/twitter.com\/arap_ajans\">X Platformumuz\u00a0<\/a>||<a href=\"https:\/\/www.facebook.com\/SANAHaberAjansi\/\">Facebook Sayfam\u0131z<\/a><\/strong><\/p>\n<p>&nbsp;<\/p>\n","protected":false},"excerpt":{"rendered":"<p>BEYRUT (SANA) \u2013 D\u00fc\u015fman \u0130srail&#8217;in L\u00fcbnan&#8217;\u0131n g\u00fcneyindeki Teyrdaba kasabas\u0131na d\u00fczenledi\u011fi hava sald\u0131r\u0131s\u0131 sonucu 4 ki\u015fi \u015fehit d\u00fc\u015ft\u00fc. L\u00fcbnan Ulusal Haber Ajans\u0131, d\u00fc\u015fman sava\u015f u\u00e7aklar\u0131n\u0131n Teyrdaba kasabas\u0131nda &#8220;Ke\u015fafit E\u015f Resala El Eslamiye&#8221; Derne\u011fi&#8217;ne ba\u011fl\u0131 bir sivil savunma merkezine hava sald\u0131r\u0131s\u0131 d\u00fczenledi\u011fini, bunun sonucunda 4 \u015fehit ve \u00e7ok say\u0131da yaral\u0131n\u0131n bulundu\u011funu bildirdi. D\u00fc\u015fman sava\u015f u\u00e7aklar\u0131 da sabah &hellip;<\/p>\n","protected":false},"author":39,"featured_media":309311,"comment_status":"closed","ping_status":"closed","sticky":false,"template":"","format":"standard","meta":{"footnotes":""},"categories":[458,459,17988],"tags":[42515,42516],"class_list":["post-309310","post","type-post","status-publish","format-standard","has-post-thumbnail","","category-dunya1","category-haberler-arap-uluslararasi-politika","category-son-haberler","tag-dusman-israilin-lubnanin-guneyindeki-teyrdaba-kasabasina-duzenledigi-hava-saldirisinda-4-kisi-sehit-dusu","tag-israil-lubnana-saldirisi"],"_links":{"self":[{"href":"https:\/\/archive.sana.sy\/tr\/index.php?rest_route=\/wp\/v2\/posts\/309310","targetHints":{"allow":["GET"]}}],"collection":[{"href":"https:\/\/archive.sana.sy\/tr\/index.php?rest_route=\/wp\/v2\/posts"}],"about":[{"href":"https:\/\/archive.sana.sy\/tr\/index.php?rest_route=\/wp\/v2\/types\/post"}],"author":[{"embeddable":true,"href":"https:\/\/archive.sana.sy\/tr\/index.php?rest_route=\/wp\/v2\/users\/39"}],"replies":[{"embeddable":true,"href":"https:\/\/archive.sana.sy\/tr\/index.php?rest_route=%2Fwp%2Fv2%2Fcomments&post=309310"}],"version-history":[{"count":2,"href":"https:\/\/archive.sana.sy\/tr\/index.php?rest_route=\/wp\/v2\/posts\/309310\/revisions"}],"predecessor-version":[{"id":309313,"href":"https:\/\/archive.sana.sy\/tr\/index.php?rest_route=\/wp\/v2\/posts\/309310\/revisions\/309313"}],"wp:featuredmedia":[{"embeddable":true,"href":"https:\/\/archive.sana.sy\/tr\/index.php?rest_route=\/wp\/v2\/media\/309311"}],"wp:attachment":[{"href":"https:\/\/archive.sana.sy\/tr\/index.php?rest_route=%2Fwp%2Fv2%2Fmedia&parent=309310"}],"wp:term":[{"taxonomy":"category","embeddable":true,"href":"https:\/\/archive.sana.sy\/tr\/index.php?rest_route=%2Fwp%2Fv2%2Fcategories&post=309310"},{"taxonomy":"post_tag","embeddable":true,"href":"https:\/\/archive.sana.sy\/tr\/index.php?rest_route=%2Fwp%2Fv2%2Ftags&post=309310"}],"curies":[{"name":"wp","href":"https:\/\/api.w.org\/{rel}","templated":true}]}}