{"id":309315,"date":"2024-09-29T09:47:10","date_gmt":"2024-09-29T06:47:10","guid":{"rendered":"https:\/\/sana.sy\/tr\/?p=309315"},"modified":"2024-10-01T08:31:40","modified_gmt":"2024-10-01T05:31:40","slug":"77ler-grubu-ve-cinin-disisleri-bakanlari-israilin-isgal-edilen-suriye-golanindaki-yerlesim-faaliyetlerine-son-verilmesini-talep-etti","status":"publish","type":"post","link":"https:\/\/archive.sana.sy\/tr\/?p=309315","title":{"rendered":"77&#8217;ler Grubu Ve \u00c7in&#8217;in D\u0131\u015fi\u015fleri Bakanlar\u0131 \u0130srail&#8217;in \u0130\u015fgal Edilen Suriye Golan&#8217;\u0131ndaki yerle\u015fim Faaliyetlerine Son Verilmesini Talep Etti"},"content":{"rendered":"<p style=\"text-align: justify;\"><strong>\u015eAM (SANA) &#8211;<\/strong> \u00a077&#8217;ler Grubu ve \u00c7in&#8217;in bakanlar\u0131, \u0130srail i\u015fgal varl\u0131\u011f\u0131n\u0131n Suriye Golan&#8217;\u0131ndan ve i\u015fgal alt\u0131ndaki Arap topraklar\u0131ndan derhal ve tamamen \u00e7ekilmesi y\u00f6n\u00fcndeki taleplerini yineledi.<\/p>\n<p style=\"text-align: justify;\">Grubun bakanlar\u0131, D\u0131\u015fi\u015fleri ve Gurbe\u00e7iler Bakan\u0131 Bessam Sabba\u011f&#8217;\u0131n kat\u0131l\u0131m\u0131yla New York&#8217;ta ger\u00e7ekle\u015fen g\u00f6r\u00fc\u015fmede, grubun kurulu\u015funun altm\u0131\u015f\u0131nc\u0131 y\u0131ld\u00f6n\u00fcm\u00fc m\u00fcnasebetiyle bir bakanl\u0131k bildirisi kabul ederek, ge\u00e7en Temmuz ay\u0131nda \u0130srail i\u015fgal otoro taraf\u0131ndan i\u015fgal alt\u0131ndaki Suriye Golan&#8217;\u0131ndaki Mecdal \u015eems k\u00f6y\u00fcne d\u00fczenlenen sald\u0131r\u0131y\u0131 g\u00fc\u00e7l\u00fc bir \u015fekilde k\u0131nad\u0131klar\u0131n\u0131 ifade ettiler.<\/p>\n<p style=\"text-align: justify;\">Bakanlar\u0131 ayr\u0131ca, \u0130srail&#8217;in Suriye&#8217;deki sivil tesislerine ve konut binalar\u0131na y\u00f6nelik sald\u0131r\u0131lar\u0131n\u0131, Birle\u015fmi\u015f Milletler T\u00fcz\u00fc\u011f\u00fc ilkelerinin ve uluslararas\u0131 hukukun ihlali ve sivillerin hayat\u0131na y\u00f6nelik bir tehdit olarak de\u011ferlendirerek k\u0131nad\u0131lar.<\/p>\n<p style=\"text-align: justify;\">\u0130\u015fgal alt\u0131ndaki Suriye Golan&#8217;\u0131ndaki yerle\u015fim faaliyetlerinin derhal durdurulmas\u0131 ve yasa d\u0131\u015f\u0131 yerle\u015fim yerlerinin kald\u0131r\u0131lmas\u0131 \u00e7a\u011fr\u0131s\u0131nda bulunan yetkililer, \u0130srail&#8217;in burada ve i\u015fgal alt\u0131ndaki Filistin topraklar\u0131nda demografik de\u011fi\u015fim yaratmaya y\u00f6nelik tedbir ve uygulamalar\u0131n\u0131 k\u0131nayan bakanlar da, bu t\u00fcr tek tarafl\u0131 \u00f6nlemlerin hukuki bir etkisi olmad\u0131\u011f\u0131n\u0131 ve ilgili G\u00fcvenlik Konseyi kararlar\u0131na g\u00f6re h\u00fck\u00fcms\u00fcz oldu\u011funu vurgulad\u0131lar.<\/p>\n<p style=\"text-align: justify;\">Bakanlar, i\u015fgalci g\u00fc\u00e7 \u0130srail&#8217;in i\u015fgal alt\u0131ndaki Filistin topraklar\u0131nda i\u015fledi\u011fi uluslararas\u0131 hukuk ve uluslararas\u0131 insanc\u0131l hukukun a\u011f\u0131r ihlallerinden duyduklar\u0131 derin endi\u015feyi dile getirdi.<\/p>\n<p style=\"text-align: justify;\">Bakanlar, bu ihlallerden sorumlu tutulmas\u0131 gerekti\u011fini vurgulayarak, G\u00fcvenlik Konseyi&#8217;ni Birle\u015fmi\u015f Milletler \u015eart\u0131 uyar\u0131nca sorumluluklar\u0131n\u0131 yerine getirmeye ve cezas\u0131zl\u0131k durumuna son vermeye \u00e7a\u011f\u0131rd\u0131lar.<\/p>\n<p style=\"text-align: justify;\">\u0130srail&#8217;in L\u00fcbnan&#8217;\u0131n egemenli\u011fini ihlal etmesine ve L\u00fcbnan&#8217;\u0131n g\u00fcvenlik ve istikrar\u0131na y\u00f6nelik tehditlerine son verilmesi \u00e7a\u011fr\u0131s\u0131nda bulundu ve \u0130srail sald\u0131r\u0131lar\u0131n\u0131n onlarca sivilin \u00f6l\u00fcm\u00fcyle sonu\u00e7lanmas\u0131ndan duyduklar\u0131 derin endi\u015feyi dile getirirken Bakanlar, Filistin halk\u0131n\u0131n ve i\u015fgal alt\u0131ndaki Suriye Golan halk\u0131n\u0131n toprak, su ve enerji kaynaklar\u0131 da dahil olmak \u00fczere do\u011fal kaynaklar \u00fczerindeki devredilemez haklar\u0131n\u0131 vurgulad\u0131lar.<\/p>\n<p style=\"text-align: justify;\">Bakanlar, Suriye halk\u0131n\u0131n kalk\u0131nmas\u0131n\u0131 ve refah\u0131n\u0131 olumsuz y\u00f6nde etkileyen, Suriye&#8217;ye uygulanan tek tarafl\u0131 zorlay\u0131c\u0131 ekonomik tedbirleri reddettiklerini yineleyerek, bunlar\u0131n derhal kald\u0131r\u0131lmas\u0131 gerekti\u011fini kaydettiler.<\/p>\n<p style=\"text-align: center;\"><strong><a href=\"https:\/\/t.me\/SuriyeArapHaberAjansI\">Telegram Kanal\u0131m\u0131z\u00a0<\/a>||<a href=\"https:\/\/twitter.com\/arap_ajans\">X Platformumuz\u00a0<\/a>||<a href=\"https:\/\/www.facebook.com\/SANAHaberAjansi\/\">Facebook Sayfam\u0131z<\/a><\/strong><\/p>\n<p>&nbsp;<\/p>\n","protected":false},"excerpt":{"rendered":"<p>\u015eAM (SANA) &#8211; \u00a077&#8217;ler Grubu ve \u00c7in&#8217;in bakanlar\u0131, \u0130srail i\u015fgal varl\u0131\u011f\u0131n\u0131n Suriye Golan&#8217;\u0131ndan ve i\u015fgal alt\u0131ndaki Arap topraklar\u0131ndan derhal ve tamamen \u00e7ekilmesi y\u00f6n\u00fcndeki taleplerini yineledi. Grubun bakanlar\u0131, D\u0131\u015fi\u015fleri ve Gurbe\u00e7iler Bakan\u0131 Bessam Sabba\u011f&#8217;\u0131n kat\u0131l\u0131m\u0131yla New York&#8217;ta ger\u00e7ekle\u015fen g\u00f6r\u00fc\u015fmede, grubun kurulu\u015funun altm\u0131\u015f\u0131nc\u0131 y\u0131ld\u00f6n\u00fcm\u00fc m\u00fcnasebetiyle bir bakanl\u0131k bildirisi kabul ederek, ge\u00e7en Temmuz ay\u0131nda \u0130srail i\u015fgal otoro taraf\u0131ndan &hellip;<\/p>\n","protected":false},"author":41,"featured_media":309316,"comment_status":"closed","ping_status":"closed","sticky":false,"template":"","format":"standard","meta":{"footnotes":""},"categories":[458,459,17988],"tags":[],"class_list":["post-309315","post","type-post","status-publish","format-standard","has-post-thumbnail","","category-dunya1","category-haberler-arap-uluslararasi-politika","category-son-haberler"],"_links":{"self":[{"href":"https:\/\/archive.sana.sy\/tr\/index.php?rest_route=\/wp\/v2\/posts\/309315","targetHints":{"allow":["GET"]}}],"collection":[{"href":"https:\/\/archive.sana.sy\/tr\/index.php?rest_route=\/wp\/v2\/posts"}],"about":[{"href":"https:\/\/archive.sana.sy\/tr\/index.php?rest_route=\/wp\/v2\/types\/post"}],"author":[{"embeddable":true,"href":"https:\/\/archive.sana.sy\/tr\/index.php?rest_route=\/wp\/v2\/users\/41"}],"replies":[{"embeddable":true,"href":"https:\/\/archive.sana.sy\/tr\/index.php?rest_route=%2Fwp%2Fv2%2Fcomments&post=309315"}],"version-history":[{"count":1,"href":"https:\/\/archive.sana.sy\/tr\/index.php?rest_route=\/wp\/v2\/posts\/309315\/revisions"}],"predecessor-version":[{"id":309317,"href":"https:\/\/archive.sana.sy\/tr\/index.php?rest_route=\/wp\/v2\/posts\/309315\/revisions\/309317"}],"wp:featuredmedia":[{"embeddable":true,"href":"https:\/\/archive.sana.sy\/tr\/index.php?rest_route=\/wp\/v2\/media\/309316"}],"wp:attachment":[{"href":"https:\/\/archive.sana.sy\/tr\/index.php?rest_route=%2Fwp%2Fv2%2Fmedia&parent=309315"}],"wp:term":[{"taxonomy":"category","embeddable":true,"href":"https:\/\/archive.sana.sy\/tr\/index.php?rest_route=%2Fwp%2Fv2%2Fcategories&post=309315"},{"taxonomy":"post_tag","embeddable":true,"href":"https:\/\/archive.sana.sy\/tr\/index.php?rest_route=%2Fwp%2Fv2%2Ftags&post=309315"}],"curies":[{"name":"wp","href":"https:\/\/api.w.org\/{rel}","templated":true}]}}