{"id":309320,"date":"2024-09-29T10:15:45","date_gmt":"2024-09-29T07:15:45","guid":{"rendered":"https:\/\/sana.sy\/tr\/?p=309320"},"modified":"2024-09-29T10:15:45","modified_gmt":"2024-09-29T07:15:45","slug":"suriye-ve-endonezya-diplomatik-pasaport-sahiplerinin-giris-vizelerinden-karsilikli-olarak-muaf-tutulmasina-iliskin-bir-anlasma-imzaladi","status":"publish","type":"post","link":"https:\/\/archive.sana.sy\/tr\/?p=309320","title":{"rendered":"Suriye Ve Endonezya, Diplomatik Pasaport Sahiplerinin Giri\u015f Vizelerinden Kar\u015f\u0131l\u0131kl\u0131 Olarak Muaf Tutulmas\u0131na \u0130li\u015fkin Bir Anla\u015fma \u0130mzalad\u0131"},"content":{"rendered":"<p style=\"text-align: justify;\"><strong>NEW YORK (SANA)<\/strong> &#8211; Suriye ve Endonezya, diplomatik pasaport sahiplerinin giri\u015f vizesinden kar\u015f\u0131l\u0131kl\u0131 olarak muaf tutulmas\u0131n\u0131 i\u00e7eren bir anla\u015fma imzalad\u0131 .Bu, D\u0131\u015fi\u015fleri ve Gurbe\u00e7iler Bakan\u0131 Bessam Sabba\u011f ile Endonezya Cumhuriyeti D\u0131\u015fi\u015fleri Bakan\u0131 Retno Marsudi&#8217;nin New York&#8217;ta bir araya geldi\u011fi toplant\u0131 s\u0131ras\u0131nda ger\u00e7ekle\u015fti. Bu da, iki \u00fclke h\u00fck\u00fcmetlerinin aralar\u0131ndaki ikili ili\u015fkileri g\u00fc\u00e7lendirme ve g\u00fc\u00e7lendirme isteklerinin teyit edildi\u011fini yans\u0131t\u0131yor.<\/p>\n<p style=\"text-align: justify;\"><img loading=\"lazy\" decoding=\"async\" class=\"size-full wp-image-309322 alignright\" src=\"http:\/\/sana.sy\/tr\/wp-content\/uploads\/2024\/09\/tunisia-sabag-300x168-1.jpg\" alt=\"\" width=\"300\" height=\"168\" \/>G\u00f6r\u00fc\u015fme s\u0131ras\u0131nda iki bakan, \u0130srail&#8217;in Filistinlilere y\u00f6nelik sald\u0131rganl\u0131\u011f\u0131, L\u00fcbnan&#8217;a y\u00f6nelik son d\u00f6nemdeki gerginlik ve Suriye&#8217;ye y\u00f6nelik tekrarlanan sald\u0131r\u0131lar \u0131\u015f\u0131\u011f\u0131nda b\u00f6lgedeki durumdaki geli\u015fmeleri de ele ald\u0131.<\/p>\n<p style=\"text-align: justify;\">\u00d6te yandan D\u0131\u015fi\u015fleri ve Gurbet\u00e7iler Bakan\u0131 Bessam Sabba\u011f, Tunus D\u0131\u015fi\u015fleri Bakan\u0131 Muhammed Ali El Nafti ile Suriye ve Tunus aras\u0131ndaki ikili ili\u015fkilerin \u00e7e\u015fitli y\u00f6nlerini ve bunlar\u0131 \u00e7e\u015fitli alanlarda g\u00fc\u00e7lendirmek i\u00e7in \u00e7al\u0131\u015fman\u0131n yollar\u0131n\u0131 de\u011ferlendirdi.<\/p>\n<p style=\"text-align: justify;\">Bakan Sabba\u011f ayr\u0131ca Venez\u00fcela D\u0131\u015fi\u015fleri Bakan\u0131 Evan Hale ile iki \u00fclke aras\u0131ndaki ikili ili\u015fkilerin \u00e7e\u015fitli y\u00f6nlerini i\u00e7eren bir dizi g\u00f6r\u00fc\u015fme ger\u00e7ekle\u015ftirdi. \u00a0G\u00f6r\u00fc\u015fmede ortak zorluklarla, \u00f6zellikle de Amerika Birle\u015fik Devletleri&#8217;nin dayatt\u0131\u011f\u0131 tek tarafl\u0131 zorlay\u0131c\u0131 tedbirlerle y\u00fczle\u015fmek i\u00e7in mevcut t\u00fcm yeteneklerini kullanma ihtiyac\u0131 vurguland\u0131.<\/p>\n<p style=\"text-align: justify;\"><img loading=\"lazy\" decoding=\"async\" class=\"size-full wp-image-309323 alignright\" src=\"http:\/\/sana.sy\/tr\/wp-content\/uploads\/2024\/09\/venezwella-sabag-300x171-1.jpg\" alt=\"\" width=\"300\" height=\"171\" \/>\u0130ki bakan ayr\u0131ca, Amerikan hegemonik politikalar\u0131na ve di\u011fer \u00fclkelerin i\u00e7 i\u015flerine m\u00fcdahale etme giri\u015fimlerine kar\u015f\u0131 koymak i\u00e7in dost ve benzer d\u00fc\u015f\u00fcncelere sahip \u00fclkelerle i\u015fbirli\u011fi i\u00e7inde mevcut \u00e7al\u0131\u015fma mekanizmalar\u0131n\u0131n g\u00fc\u00e7lendirilmesi ihtiyac\u0131n\u0131 da kaydettiler.<\/p>\n<p style=\"text-align: justify;\">Bu ba\u011flamda Bakan Sabba\u011f, ABD&#8217;nin Venez\u00fcela&#8217;n\u0131n i\u00e7 i\u015flerine m\u00fcdahale etme giri\u015fimlerini k\u0131nad\u0131 ve Suriye&#8217;nin Venezuela&#8217;y\u0131 ve onun me\u015fru h\u00fck\u00fcmetini destekleme konusundaki kararl\u0131 konumunu vurgulad\u0131.<\/p>\n<p style=\"text-align: justify;\">Bakan Hale de buna kar\u015f\u0131l\u0131k Suriye&#8217;nin ter\u00f6rle m\u00fccadelede ve egemenli\u011fini, ba\u011f\u0131ms\u0131zl\u0131\u011f\u0131n\u0131 ve toprak b\u00fct\u00fcnl\u00fc\u011f\u00fcn\u00fc savunmadaki kahramanca kararl\u0131l\u0131\u011f\u0131n\u0131 \u00f6vd\u00fc.<\/p>\n<p style=\"text-align: justify;\"><img loading=\"lazy\" decoding=\"async\" class=\"size-full wp-image-309324 alignright\" src=\"http:\/\/sana.sy\/tr\/wp-content\/uploads\/2024\/09\/cuba-sabag-300x160-1.jpg\" alt=\"\" width=\"300\" height=\"160\" \/>Bakan Sabba\u011f ayr\u0131ca K\u00fcbal\u0131 mevkida\u015f\u0131 Bruno Rodriguez ile de bir araya geldi ve iki \u00fclke aras\u0131ndaki mevcut ili\u015fkilerin \u00e7e\u015fitli y\u00f6nlerini ve Genel Kurul&#8217;un mevcut oturumunun g\u00fcndemindeki konular\u0131 ele ald\u0131lar.<\/p>\n<p style=\"text-align: justify;\">Sabba\u011f K\u00fcbal\u0131 mevkida\u015f ile \u00a0ya\u011ft\u0131\u011f\u0131 g\u00f6r\u00fc\u015fmede, \u00fclkelerin i\u00e7 i\u015flerine y\u00f6nelik d\u0131\u015f m\u00fcdahalelerle m\u00fccadelede ortaya \u00e7\u0131kan benzer zorluklara y\u00f6nelik \u00e7abalar\u0131 birle\u015ftirmek de dahil olmak \u00fczere, ortak endi\u015fe verici konularda aralar\u0131ndaki koordinasyon ve i\u015fbirli\u011fini yo\u011funla\u015ft\u0131rma ihtiyac\u0131n\u0131 vurgulad\u0131lar.<\/p>\n<p style=\"text-align: center;\"><strong><a href=\"https:\/\/t.me\/SuriyeArapHaberAjansI\">Telegram Kanal\u0131m\u0131z\u00a0<\/a>||<a href=\"https:\/\/twitter.com\/arap_ajans\">X Platformumuz\u00a0<\/a>||<a href=\"https:\/\/www.facebook.com\/SANAHaberAjansi\/\">Facebook Sayfam\u0131z<\/a><\/strong><\/p>\n","protected":false},"excerpt":{"rendered":"<p>NEW YORK (SANA) &#8211; Suriye ve Endonezya, diplomatik pasaport sahiplerinin giri\u015f vizesinden kar\u015f\u0131l\u0131kl\u0131 olarak muaf tutulmas\u0131n\u0131 i\u00e7eren bir anla\u015fma imzalad\u0131 .Bu, D\u0131\u015fi\u015fleri ve Gurbe\u00e7iler Bakan\u0131 Bessam Sabba\u011f ile Endonezya Cumhuriyeti D\u0131\u015fi\u015fleri Bakan\u0131 Retno Marsudi&#8217;nin New York&#8217;ta bir araya geldi\u011fi toplant\u0131 s\u0131ras\u0131nda ger\u00e7ekle\u015fti. Bu da, iki \u00fclke h\u00fck\u00fcmetlerinin aralar\u0131ndaki ikili ili\u015fkileri g\u00fc\u00e7lendirme ve g\u00fc\u00e7lendirme isteklerinin teyit &hellip;<\/p>\n","protected":false},"author":41,"featured_media":309321,"comment_status":"closed","ping_status":"closed","sticky":false,"template":"","format":"standard","meta":{"footnotes":""},"categories":[458,589,459,17988],"tags":[],"class_list":["post-309320","post","type-post","status-publish","format-standard","has-post-thumbnail","","category-dunya1","category-haber-seridi","category-haberler-arap-uluslararasi-politika","category-son-haberler"],"_links":{"self":[{"href":"https:\/\/archive.sana.sy\/tr\/index.php?rest_route=\/wp\/v2\/posts\/309320","targetHints":{"allow":["GET"]}}],"collection":[{"href":"https:\/\/archive.sana.sy\/tr\/index.php?rest_route=\/wp\/v2\/posts"}],"about":[{"href":"https:\/\/archive.sana.sy\/tr\/index.php?rest_route=\/wp\/v2\/types\/post"}],"author":[{"embeddable":true,"href":"https:\/\/archive.sana.sy\/tr\/index.php?rest_route=\/wp\/v2\/users\/41"}],"replies":[{"embeddable":true,"href":"https:\/\/archive.sana.sy\/tr\/index.php?rest_route=%2Fwp%2Fv2%2Fcomments&post=309320"}],"version-history":[{"count":1,"href":"https:\/\/archive.sana.sy\/tr\/index.php?rest_route=\/wp\/v2\/posts\/309320\/revisions"}],"predecessor-version":[{"id":309325,"href":"https:\/\/archive.sana.sy\/tr\/index.php?rest_route=\/wp\/v2\/posts\/309320\/revisions\/309325"}],"wp:featuredmedia":[{"embeddable":true,"href":"https:\/\/archive.sana.sy\/tr\/index.php?rest_route=\/wp\/v2\/media\/309321"}],"wp:attachment":[{"href":"https:\/\/archive.sana.sy\/tr\/index.php?rest_route=%2Fwp%2Fv2%2Fmedia&parent=309320"}],"wp:term":[{"taxonomy":"category","embeddable":true,"href":"https:\/\/archive.sana.sy\/tr\/index.php?rest_route=%2Fwp%2Fv2%2Fcategories&post=309320"},{"taxonomy":"post_tag","embeddable":true,"href":"https:\/\/archive.sana.sy\/tr\/index.php?rest_route=%2Fwp%2Fv2%2Ftags&post=309320"}],"curies":[{"name":"wp","href":"https:\/\/api.w.org\/{rel}","templated":true}]}}