{"id":309326,"date":"2024-09-29T08:00:43","date_gmt":"2024-09-29T05:00:43","guid":{"rendered":"https:\/\/sana.sy\/tr\/?p=309326"},"modified":"2024-09-29T10:26:53","modified_gmt":"2024-09-29T07:26:53","slug":"rusya-seyyid-hasan-nasrullah-suikastini-siddetle-kinadi-ve-gerilimin-tirmanmasindan-israili-tamamen-sorumlu-tuttu","status":"publish","type":"post","link":"https:\/\/archive.sana.sy\/tr\/?p=309326","title":{"rendered":"Rusya, Seyyid Hasan Nasrullah Suikast\u0131n\u0131 \u015eiddetle K\u0131nad\u0131 Ve Gerilimin T\u0131rmanmas\u0131ndan \u0130srail&#8217;i Tamamen Sorumlu Tuttu"},"content":{"rendered":"<p style=\"text-align: justify;\"><strong>MOSKOVA (SANA) \u2013<\/strong> Rusya, Hizbullah Genel Sekreteri Hasan Nasrullah&#8217;\u0131n \u0130srail taraf\u0131ndan \u00f6ld\u00fcr\u00fclmesini \u015fiddetle k\u0131nayarak, bu su\u00e7un L\u00fcbnan&#8217;a ve t\u00fcm Ortado\u011fu&#8217;ya yans\u0131malar\u0131 konusunda uyar\u0131da bulunuldu.<\/p>\n<p style=\"text-align: justify;\">Rusya D\u0131\u015fi\u015fleri Bakanl\u0131\u011f\u0131 yapt\u0131\u011f\u0131 a\u00e7\u0131klamada, bu eylemin L\u00fcbnan ve Orta Do\u011fu b\u00f6lgesinin tamam\u0131 i\u00e7in b\u00fcy\u00fck trajik sonu\u00e7lar do\u011furaca\u011f\u0131n\u0131, bu tehlikeye ra\u011fmen \u0130srail&#8217;in bu ad\u0131m\u0131 att\u0131\u011f\u0131n\u0131 ve b\u00f6lgede daha sonra ya\u015fanacak gerginlikten tamamen \u0130srail&#8217;i sorumlu tuttu\u011funu belirtti.<\/p>\n<p style=\"text-align: justify;\">Rusya D\u0131\u015fi\u015fleri Bakanl\u0131\u011f\u0131, i\u015fgalci tarafa d\u00fc\u015fmanl\u0131klar\u0131 derhal durdurmas\u0131, kan d\u00f6k\u00fclmesini durdurmas\u0131 ve diplomatik siyasi \u00e7\u00f6z\u00fcm i\u00e7in gerekli ko\u015fullar\u0131 sa\u011flamas\u0131 \u00e7a\u011fr\u0131s\u0131n\u0131 yineledi.<\/p>\n<p style=\"text-align: justify;\">Rusya D\u0131\u015fi\u015fleri Bakanl\u0131\u011f\u0131, uluslararas\u0131 topluma sorumlu davranma ve b\u00f6lgedeki durumun patlamas\u0131n\u0131 \u00f6nlemek i\u00e7in elinden gelen her \u015feyi yapma \u00e7a\u011fr\u0131s\u0131nda bulunarak, \u0130srail&#8217;in Beyrut&#8217;un yo\u011fun n\u00fcfuslu mahallelerinde a\u011f\u0131r bombalar kulland\u0131\u011f\u0131n\u0131, bunun da konut binalar\u0131n\u0131n y\u0131k\u0131lmas\u0131na ve yerle bir olmas\u0131na yol a\u00e7t\u0131\u011f\u0131n\u0131, ayr\u0131ca onlarca sivilin hayat\u0131n\u0131 kaybetti\u011fine i\u015faret etti.<\/p>\n<p style=\"text-align: center;\"><strong><a href=\"https:\/\/t.me\/SuriyeArapHaberAjansI\">Telegram Kanal\u0131m\u0131z\u00a0<\/a>||<a href=\"https:\/\/twitter.com\/arap_ajans\">X Platformumuz\u00a0<\/a>||<a href=\"https:\/\/www.facebook.com\/SANAHaberAjansi\/\">Facebook Sayfam\u0131z<\/a><\/strong><\/p>\n","protected":false},"excerpt":{"rendered":"<p>MOSKOVA (SANA) \u2013 Rusya, Hizbullah Genel Sekreteri Hasan Nasrullah&#8217;\u0131n \u0130srail taraf\u0131ndan \u00f6ld\u00fcr\u00fclmesini \u015fiddetle k\u0131nayarak, bu su\u00e7un L\u00fcbnan&#8217;a ve t\u00fcm Ortado\u011fu&#8217;ya yans\u0131malar\u0131 konusunda uyar\u0131da bulunuldu. Rusya D\u0131\u015fi\u015fleri Bakanl\u0131\u011f\u0131 yapt\u0131\u011f\u0131 a\u00e7\u0131klamada, bu eylemin L\u00fcbnan ve Orta Do\u011fu b\u00f6lgesinin tamam\u0131 i\u00e7in b\u00fcy\u00fck trajik sonu\u00e7lar do\u011furaca\u011f\u0131n\u0131, bu tehlikeye ra\u011fmen \u0130srail&#8217;in bu ad\u0131m\u0131 att\u0131\u011f\u0131n\u0131 ve b\u00f6lgede daha sonra ya\u015fanacak gerginlikten &hellip;<\/p>\n","protected":false},"author":39,"featured_media":309327,"comment_status":"closed","ping_status":"closed","sticky":false,"template":"","format":"standard","meta":{"footnotes":""},"categories":[458,589,459,17988],"tags":[],"class_list":["post-309326","post","type-post","status-publish","format-standard","has-post-thumbnail","","category-dunya1","category-haber-seridi","category-haberler-arap-uluslararasi-politika","category-son-haberler"],"_links":{"self":[{"href":"https:\/\/archive.sana.sy\/tr\/index.php?rest_route=\/wp\/v2\/posts\/309326","targetHints":{"allow":["GET"]}}],"collection":[{"href":"https:\/\/archive.sana.sy\/tr\/index.php?rest_route=\/wp\/v2\/posts"}],"about":[{"href":"https:\/\/archive.sana.sy\/tr\/index.php?rest_route=\/wp\/v2\/types\/post"}],"author":[{"embeddable":true,"href":"https:\/\/archive.sana.sy\/tr\/index.php?rest_route=\/wp\/v2\/users\/39"}],"replies":[{"embeddable":true,"href":"https:\/\/archive.sana.sy\/tr\/index.php?rest_route=%2Fwp%2Fv2%2Fcomments&post=309326"}],"version-history":[{"count":1,"href":"https:\/\/archive.sana.sy\/tr\/index.php?rest_route=\/wp\/v2\/posts\/309326\/revisions"}],"predecessor-version":[{"id":309328,"href":"https:\/\/archive.sana.sy\/tr\/index.php?rest_route=\/wp\/v2\/posts\/309326\/revisions\/309328"}],"wp:featuredmedia":[{"embeddable":true,"href":"https:\/\/archive.sana.sy\/tr\/index.php?rest_route=\/wp\/v2\/media\/309327"}],"wp:attachment":[{"href":"https:\/\/archive.sana.sy\/tr\/index.php?rest_route=%2Fwp%2Fv2%2Fmedia&parent=309326"}],"wp:term":[{"taxonomy":"category","embeddable":true,"href":"https:\/\/archive.sana.sy\/tr\/index.php?rest_route=%2Fwp%2Fv2%2Fcategories&post=309326"},{"taxonomy":"post_tag","embeddable":true,"href":"https:\/\/archive.sana.sy\/tr\/index.php?rest_route=%2Fwp%2Fv2%2Ftags&post=309326"}],"curies":[{"name":"wp","href":"https:\/\/api.w.org\/{rel}","templated":true}]}}