{"id":309345,"date":"2024-09-29T16:50:14","date_gmt":"2024-09-29T13:50:14","guid":{"rendered":"https:\/\/sana.sy\/tr\/?p=309345"},"modified":"2024-09-29T17:53:01","modified_gmt":"2024-09-29T14:53:01","slug":"lubnan-direnisi-ali-kerkinin-sehadetini-duyurdu","status":"publish","type":"post","link":"https:\/\/archive.sana.sy\/tr\/?p=309345","title":{"rendered":"L\u00fcbnan Direni\u015fi Ali Kerki&#8217;nin \u015eehadetini Duyurdu"},"content":{"rendered":"<p style=\"text-align: justify;\"><strong>BEYRUT (SANA) &#8211;<\/strong> \u00a0L\u00fcbnan direni\u015fi, \u0130srail&#8217;in Beyrut&#8217;un g\u00fcney banliy\u00f6s\u00fcne y\u00f6nelik hain sald\u0131r\u0131s\u0131 s\u0131ras\u0131nda, Hizbullah&#8217;\u0131n \u015fehit Genel Sekreteri Seyyid Hasan Nasrallah&#8217;\u0131n da e\u015flik etti\u011fi bir grup direni\u015f sava\u015f\u00e7\u0131s\u0131n\u0131n \u015fehit oldu\u011fu direni\u015f lideri Ali Kerki&#8217;nin \u015fehadetini duyurdu.<\/p>\n<p style=\"text-align: justify;\">Direni\u015f bug\u00fcn yapt\u0131\u011f\u0131 a\u00e7\u0131klamada \u015funlar\u0131 s\u00f6yledi: \u201cT\u00fcm gurur ve iftiharla, Haret Hureyik&#8217;e y\u00f6nelik cani Siyonist sald\u0131r\u0131s\u0131nda Hizbullah Genel Sekreteri Seyyid Hasan Nasrullah dahil bir grup m\u00fccahit karde\u015fiyle birlikte b\u00fcy\u00fck cihat\u00e7\u0131 ve lider Hac Ali Kerki\u2019nin (Ebu El Fad\u0131l) \u00a0\u015fehit d\u00fc\u015ft\u00fc\u011f\u00fcn\u00fc sizlere duyuruyoruz.\u2019\u2019<\/p>\n<p style=\"text-align: justify;\">A\u00e7\u0131klamaya g\u00f6re Kerki, 1982&#8217;deki Siyonist i\u015fgalinden bu yana g\u00fcneydeki direni\u015f sava\u015f\u00e7\u0131lar\u0131n\u0131n liderli\u011fini \u00fcstlendi,\u00a0 Siyonist d\u00fc\u015fmanla yap\u0131lan t\u00fcm kahramanca \u00e7at\u0131\u015fmalara kat\u0131ld\u0131 ve 2000 y\u0131l\u0131ndaki kurtulu\u015fta ve Temmuz 2006&#8217;daki zaferde tarihi rol\u00fcne \u00f6nc\u00fcl\u00fck etti. Kendisi de 8 Ekim 2023&#8217;ten \u015fehadetine kadar G\u00fcney Cephesi&#8217;nin t\u00fcm eksen ve birimleriyle Destek Cephesi&#8217;ndeki liderli\u011finden do\u011frudan ve saha sorumlusu olarak g\u00f6rev yapt\u0131.<\/p>\n<p style=\"text-align: center;\"><strong><a href=\"https:\/\/t.me\/SuriyeArapHaberAjansI\">Telegram Kanal\u0131m\u0131z\u00a0<\/a>||<a href=\"https:\/\/twitter.com\/arap_ajans\">X Platformumuz\u00a0<\/a>||<a href=\"https:\/\/www.facebook.com\/SANAHaberAjansi\/\">Facebook Sayfam\u0131z<\/a><\/strong><\/p>\n","protected":false},"excerpt":{"rendered":"<p>BEYRUT (SANA) &#8211; \u00a0L\u00fcbnan direni\u015fi, \u0130srail&#8217;in Beyrut&#8217;un g\u00fcney banliy\u00f6s\u00fcne y\u00f6nelik hain sald\u0131r\u0131s\u0131 s\u0131ras\u0131nda, Hizbullah&#8217;\u0131n \u015fehit Genel Sekreteri Seyyid Hasan Nasrallah&#8217;\u0131n da e\u015flik etti\u011fi bir grup direni\u015f sava\u015f\u00e7\u0131s\u0131n\u0131n \u015fehit oldu\u011fu direni\u015f lideri Ali Kerki&#8217;nin \u015fehadetini duyurdu. Direni\u015f bug\u00fcn yapt\u0131\u011f\u0131 a\u00e7\u0131klamada \u015funlar\u0131 s\u00f6yledi: \u201cT\u00fcm gurur ve iftiharla, Haret Hureyik&#8217;e y\u00f6nelik cani Siyonist sald\u0131r\u0131s\u0131nda Hizbullah Genel Sekreteri Seyyid &hellip;<\/p>\n","protected":false},"author":41,"featured_media":309346,"comment_status":"closed","ping_status":"closed","sticky":false,"template":"","format":"standard","meta":{"footnotes":""},"categories":[458,589,459,17988],"tags":[42511],"class_list":["post-309345","post","type-post","status-publish","format-standard","has-post-thumbnail","","category-dunya1","category-haber-seridi","category-haberler-arap-uluslararasi-politika","category-son-haberler","tag-lubnan-direnisi-ali-kerkinin-sehadetini-duyurdu"],"_links":{"self":[{"href":"https:\/\/archive.sana.sy\/tr\/index.php?rest_route=\/wp\/v2\/posts\/309345","targetHints":{"allow":["GET"]}}],"collection":[{"href":"https:\/\/archive.sana.sy\/tr\/index.php?rest_route=\/wp\/v2\/posts"}],"about":[{"href":"https:\/\/archive.sana.sy\/tr\/index.php?rest_route=\/wp\/v2\/types\/post"}],"author":[{"embeddable":true,"href":"https:\/\/archive.sana.sy\/tr\/index.php?rest_route=\/wp\/v2\/users\/41"}],"replies":[{"embeddable":true,"href":"https:\/\/archive.sana.sy\/tr\/index.php?rest_route=%2Fwp%2Fv2%2Fcomments&post=309345"}],"version-history":[{"count":1,"href":"https:\/\/archive.sana.sy\/tr\/index.php?rest_route=\/wp\/v2\/posts\/309345\/revisions"}],"predecessor-version":[{"id":309347,"href":"https:\/\/archive.sana.sy\/tr\/index.php?rest_route=\/wp\/v2\/posts\/309345\/revisions\/309347"}],"wp:featuredmedia":[{"embeddable":true,"href":"https:\/\/archive.sana.sy\/tr\/index.php?rest_route=\/wp\/v2\/media\/309346"}],"wp:attachment":[{"href":"https:\/\/archive.sana.sy\/tr\/index.php?rest_route=%2Fwp%2Fv2%2Fmedia&parent=309345"}],"wp:term":[{"taxonomy":"category","embeddable":true,"href":"https:\/\/archive.sana.sy\/tr\/index.php?rest_route=%2Fwp%2Fv2%2Fcategories&post=309345"},{"taxonomy":"post_tag","embeddable":true,"href":"https:\/\/archive.sana.sy\/tr\/index.php?rest_route=%2Fwp%2Fv2%2Ftags&post=309345"}],"curies":[{"name":"wp","href":"https:\/\/api.w.org\/{rel}","templated":true}]}}