{"id":309348,"date":"2024-09-29T14:59:37","date_gmt":"2024-09-29T11:59:37","guid":{"rendered":"https:\/\/sana.sy\/tr\/?p=309348"},"modified":"2024-09-29T16:06:22","modified_gmt":"2024-09-29T13:06:22","slug":"imha-savasinin-baslangicindan-bu-yana-gazze-seridinde-41-595-sehit","status":"publish","type":"post","link":"https:\/\/archive.sana.sy\/tr\/?p=309348","title":{"rendered":"\u0130mha Sava\u015f\u0131n\u0131n Ba\u015flang\u0131c\u0131ndan Bu Yana Gazze \u015eeridi&#8217;nde 41.595 \u015eehit"},"content":{"rendered":"<p style=\"text-align: justify;\"><strong>\u0130\u015eGAL ED\u0130LEN KUD\u00dcS (SANA)<\/strong> &#8211;\u00a0 Filistin Sa\u011fl\u0131k Bakanl\u0131\u011f\u0131, \u0130srail&#8217;in Gazze \u015eeridi&#8217;ne son 24 saatte d\u00fczenledi\u011fi sald\u0131r\u0131 sonucu 9 Filistinlinin \u00a0\u015fehit d\u00fc\u015ft\u00fc\u011f\u00fcn\u00fc, 41 Filistinlinin de yaraland\u0131\u011f\u0131n\u0131 duyurdu.<\/p>\n<p style=\"text-align: justify;\">Bakanl\u0131k bug\u00fcn yapt\u0131\u011f\u0131 a\u00e7\u0131klamada \u015funlar\u0131 s\u00f6yledi: \u2018\u2019Gazze \u015eeridi&#8217;nde 359&#8217;uncu g\u00fcn\u00fcnde devam eden i\u015fgal sald\u0131r\u0131s\u0131nda \u015fehit say\u0131s\u0131 41 bin 595&#8217;e, yaral\u0131 say\u0131s\u0131 ise 96 bin 251&#8217;e y\u00fckseldi. \u00c7ok say\u0131da ma\u011fdur halen enkaz alt\u0131nda ve yollardayken, ambulans ve sivil savunma ekipleri onlara ula\u015fam\u0131yor.\u2019\u2019<\/p>\n<p style=\"text-align: justify;\">Gazze \u015eeridi&#8217;nin kuzeyindeki Beyt Lahia&#8217;da bir evin i\u015fgalci bombard\u0131man\u0131 sonucu bir Filistinli \u015fehit oldu, \u00e7ok say\u0131da ki\u015fi de yaraland\u0131.<\/p>\n<p style=\"text-align: center;\"><strong><a href=\"https:\/\/t.me\/SuriyeArapHaberAjansI\">Telegram Kanal\u0131m\u0131z\u00a0<\/a>||<a href=\"https:\/\/twitter.com\/arap_ajans\">X Platformumuz\u00a0<\/a>||<a href=\"https:\/\/www.facebook.com\/SANAHaberAjansi\/\">Facebook Sayfam\u0131z<\/a><\/strong><\/p>\n","protected":false},"excerpt":{"rendered":"<p>\u0130\u015eGAL ED\u0130LEN KUD\u00dcS (SANA) &#8211;\u00a0 Filistin Sa\u011fl\u0131k Bakanl\u0131\u011f\u0131, \u0130srail&#8217;in Gazze \u015eeridi&#8217;ne son 24 saatte d\u00fczenledi\u011fi sald\u0131r\u0131 sonucu 9 Filistinlinin \u00a0\u015fehit d\u00fc\u015ft\u00fc\u011f\u00fcn\u00fc, 41 Filistinlinin de yaraland\u0131\u011f\u0131n\u0131 duyurdu. Bakanl\u0131k bug\u00fcn yapt\u0131\u011f\u0131 a\u00e7\u0131klamada \u015funlar\u0131 s\u00f6yledi: \u2018\u2019Gazze \u015eeridi&#8217;nde 359&#8217;uncu g\u00fcn\u00fcnde devam eden i\u015fgal sald\u0131r\u0131s\u0131nda \u015fehit say\u0131s\u0131 41 bin 595&#8217;e, yaral\u0131 say\u0131s\u0131 ise 96 bin 251&#8217;e y\u00fckseldi. \u00c7ok say\u0131da ma\u011fdur &hellip;<\/p>\n","protected":false},"author":41,"featured_media":309349,"comment_status":"closed","ping_status":"closed","sticky":false,"template":"","format":"standard","meta":{"footnotes":""},"categories":[458,589,459,17988],"tags":[],"class_list":["post-309348","post","type-post","status-publish","format-standard","has-post-thumbnail","","category-dunya1","category-haber-seridi","category-haberler-arap-uluslararasi-politika","category-son-haberler"],"_links":{"self":[{"href":"https:\/\/archive.sana.sy\/tr\/index.php?rest_route=\/wp\/v2\/posts\/309348","targetHints":{"allow":["GET"]}}],"collection":[{"href":"https:\/\/archive.sana.sy\/tr\/index.php?rest_route=\/wp\/v2\/posts"}],"about":[{"href":"https:\/\/archive.sana.sy\/tr\/index.php?rest_route=\/wp\/v2\/types\/post"}],"author":[{"embeddable":true,"href":"https:\/\/archive.sana.sy\/tr\/index.php?rest_route=\/wp\/v2\/users\/41"}],"replies":[{"embeddable":true,"href":"https:\/\/archive.sana.sy\/tr\/index.php?rest_route=%2Fwp%2Fv2%2Fcomments&post=309348"}],"version-history":[{"count":1,"href":"https:\/\/archive.sana.sy\/tr\/index.php?rest_route=\/wp\/v2\/posts\/309348\/revisions"}],"predecessor-version":[{"id":309350,"href":"https:\/\/archive.sana.sy\/tr\/index.php?rest_route=\/wp\/v2\/posts\/309348\/revisions\/309350"}],"wp:featuredmedia":[{"embeddable":true,"href":"https:\/\/archive.sana.sy\/tr\/index.php?rest_route=\/wp\/v2\/media\/309349"}],"wp:attachment":[{"href":"https:\/\/archive.sana.sy\/tr\/index.php?rest_route=%2Fwp%2Fv2%2Fmedia&parent=309348"}],"wp:term":[{"taxonomy":"category","embeddable":true,"href":"https:\/\/archive.sana.sy\/tr\/index.php?rest_route=%2Fwp%2Fv2%2Fcategories&post=309348"},{"taxonomy":"post_tag","embeddable":true,"href":"https:\/\/archive.sana.sy\/tr\/index.php?rest_route=%2Fwp%2Fv2%2Ftags&post=309348"}],"curies":[{"name":"wp","href":"https:\/\/api.w.org\/{rel}","templated":true}]}}