{"id":309351,"date":"2024-09-29T16:25:14","date_gmt":"2024-09-29T13:25:14","guid":{"rendered":"https:\/\/sana.sy\/tr\/?p=309351"},"modified":"2024-09-29T16:28:22","modified_gmt":"2024-09-29T13:28:22","slug":"bakan-sabbag-iranli-mevkidasi-ile-israilin-lubnana-yonelik-saldirganliginin-yansimalarini-gorustu","status":"publish","type":"post","link":"https:\/\/archive.sana.sy\/tr\/?p=309351","title":{"rendered":"Bakan Sabba\u011f, \u0130ranl\u0131 Mevkida\u015f\u0131 \u0130le \u0130srail&#8217;in L\u00fcbnan&#8217;a Y\u00f6nelik Sald\u0131rganl\u0131\u011f\u0131n\u0131n Yans\u0131malar\u0131n\u0131 G\u00f6r\u00fc\u015ft\u00fc"},"content":{"rendered":"<p style=\"text-align: justify;\"><strong>NEW YORK (SANA)<\/strong>\u00a0 &#8211;\u00a0 D\u0131\u015fi\u015fleri ve Gurbet\u00e7iler Bakan\u0131 Bessam Sabba\u011f, Birle\u015fmi\u015f Milletler Genel Kurulu Y\u00fcksek D\u00fczey Haftas\u0131 \u00e7al\u0131\u015fmalar\u0131na kat\u0131l\u0131m\u0131 marj\u0131nda New York&#8217;ta d\u00fczenledi\u011fi g\u00f6r\u00fc\u015fmeleri s\u00fcrd\u00fcrd\u00fc.<\/p>\n<p style=\"text-align: justify;\"><img loading=\"lazy\" decoding=\"async\" class=\"size-medium wp-image-309353 alignright\" src=\"http:\/\/sana.sy\/tr\/wp-content\/uploads\/2024\/09\/photo_2024-09-29_15-54-16-300x150.jpg\" alt=\"\" width=\"300\" height=\"150\" srcset=\"https:\/\/archive.sana.sy\/tr\/wp-content\/uploads\/2024\/09\/photo_2024-09-29_15-54-16-300x150.jpg 300w, https:\/\/archive.sana.sy\/tr\/wp-content\/uploads\/2024\/09\/photo_2024-09-29_15-54-16.jpg 660w\" sizes=\"auto, (max-width: 300px) 100vw, 300px\" \/>Bakan Sabba\u00fc bug\u00fcn \u0130ran D\u0131\u015fi\u015fleri Bakan\u0131 Abbas Erak\u00e7\u0131 ile bir araya geldi ve onunla \u0130srail&#8217;in karde\u015f L\u00fcbnan&#8217;a y\u00f6nelik Hizbullah Genel Sekreteri Hasan Nasrullah&#8217;\u0131n \u015fehadetiyle sonu\u00e7lanan hain ve korkak sald\u0131r\u0131s\u0131n\u0131n yans\u0131malar\u0131n\u0131 g\u00f6r\u00fc\u015ft\u00fc.<\/p>\n<p style=\"text-align: justify;\">\u0130ki bakan \u0130srail varl\u0131\u011f\u0131n\u0131n ger\u00e7ekle\u015ftirdi\u011fi ter\u00f6r su\u00e7unu k\u0131nayarak, Filistin davas\u0131na verdi\u011fi destek de dahil olmak \u00fczere, hayat\u0131n\u0131 i\u015fgalci \u0130srail\u2019e direnmeye adayan Seyyid Nasrullah&#8217;\u0131n \u015fehadeti, direni\u015fi y\u0131ld\u0131rmayaca\u011f\u0131n\u0131, yolda\u015flar\u0131n\u0131n onun onurlu m\u00fccadele yolunu takip edece\u011fini vurgulad\u0131.<\/p>\n<p style=\"text-align: justify;\">\u0130ki taraf ayr\u0131ca, Siyonist varl\u0131\u011f\u0131n b\u00f6lge halklar\u0131na kar\u015f\u0131 i\u015fledi\u011fi su\u00e7lara son vermek ve onlara kar\u015f\u0131 hesap verebilirli\u011fi sa\u011flamak i\u00e7in gerekli b\u00f6lgesel ve uluslararas\u0131 \u00e7abalar\u0131 harekete ge\u00e7irmek amac\u0131yla koordinasyon ve ileti\u015fimi yo\u011funla\u015ft\u0131rma konusunda mutabakata vard\u0131.<\/p>\n<p style=\"text-align: center;\"><strong><a href=\"https:\/\/t.me\/SuriyeArapHaberAjansI\">Telegram Kanal\u0131m\u0131z\u00a0<\/a>||<a href=\"https:\/\/twitter.com\/arap_ajans\">X Platformumuz\u00a0<\/a>||<a href=\"https:\/\/www.facebook.com\/SANAHaberAjansi\/\">Facebook Sayfam\u0131z<\/a><\/strong><\/p>\n","protected":false},"excerpt":{"rendered":"<p>NEW YORK (SANA)\u00a0 &#8211;\u00a0 D\u0131\u015fi\u015fleri ve Gurbet\u00e7iler Bakan\u0131 Bessam Sabba\u011f, Birle\u015fmi\u015f Milletler Genel Kurulu Y\u00fcksek D\u00fczey Haftas\u0131 \u00e7al\u0131\u015fmalar\u0131na kat\u0131l\u0131m\u0131 marj\u0131nda New York&#8217;ta d\u00fczenledi\u011fi g\u00f6r\u00fc\u015fmeleri s\u00fcrd\u00fcrd\u00fc. Bakan Sabba\u00fc bug\u00fcn \u0130ran D\u0131\u015fi\u015fleri Bakan\u0131 Abbas Erak\u00e7\u0131 ile bir araya geldi ve onunla \u0130srail&#8217;in karde\u015f L\u00fcbnan&#8217;a y\u00f6nelik Hizbullah Genel Sekreteri Hasan Nasrullah&#8217;\u0131n \u015fehadetiyle sonu\u00e7lanan hain ve korkak sald\u0131r\u0131s\u0131n\u0131n yans\u0131malar\u0131n\u0131 &hellip;<\/p>\n","protected":false},"author":41,"featured_media":309352,"comment_status":"closed","ping_status":"closed","sticky":false,"template":"","format":"standard","meta":{"footnotes":""},"categories":[458,589,459,17988],"tags":[42486,39034,42512],"class_list":["post-309351","post","type-post","status-publish","format-standard","has-post-thumbnail","","category-dunya1","category-haber-seridi","category-haberler-arap-uluslararasi-politika","category-son-haberler","tag-bakan-sabbag","tag-iran-ile-suriye-arasindaki-iliskiler","tag-iranli-mevkidasi-ile-israilin-lubnana-yonelik-saldirganliginin-yansimalarini-gorustu"],"_links":{"self":[{"href":"https:\/\/archive.sana.sy\/tr\/index.php?rest_route=\/wp\/v2\/posts\/309351","targetHints":{"allow":["GET"]}}],"collection":[{"href":"https:\/\/archive.sana.sy\/tr\/index.php?rest_route=\/wp\/v2\/posts"}],"about":[{"href":"https:\/\/archive.sana.sy\/tr\/index.php?rest_route=\/wp\/v2\/types\/post"}],"author":[{"embeddable":true,"href":"https:\/\/archive.sana.sy\/tr\/index.php?rest_route=\/wp\/v2\/users\/41"}],"replies":[{"embeddable":true,"href":"https:\/\/archive.sana.sy\/tr\/index.php?rest_route=%2Fwp%2Fv2%2Fcomments&post=309351"}],"version-history":[{"count":1,"href":"https:\/\/archive.sana.sy\/tr\/index.php?rest_route=\/wp\/v2\/posts\/309351\/revisions"}],"predecessor-version":[{"id":309354,"href":"https:\/\/archive.sana.sy\/tr\/index.php?rest_route=\/wp\/v2\/posts\/309351\/revisions\/309354"}],"wp:featuredmedia":[{"embeddable":true,"href":"https:\/\/archive.sana.sy\/tr\/index.php?rest_route=\/wp\/v2\/media\/309352"}],"wp:attachment":[{"href":"https:\/\/archive.sana.sy\/tr\/index.php?rest_route=%2Fwp%2Fv2%2Fmedia&parent=309351"}],"wp:term":[{"taxonomy":"category","embeddable":true,"href":"https:\/\/archive.sana.sy\/tr\/index.php?rest_route=%2Fwp%2Fv2%2Fcategories&post=309351"},{"taxonomy":"post_tag","embeddable":true,"href":"https:\/\/archive.sana.sy\/tr\/index.php?rest_route=%2Fwp%2Fv2%2Ftags&post=309351"}],"curies":[{"name":"wp","href":"https:\/\/api.w.org\/{rel}","templated":true}]}}