{"id":309357,"date":"2024-09-29T16:57:43","date_gmt":"2024-09-29T13:57:43","guid":{"rendered":"https:\/\/sana.sy\/tr\/?p=309357"},"modified":"2024-10-01T08:24:25","modified_gmt":"2024-10-01T05:24:25","slug":"cumhurbaskani-esad-direnis-liderinin-sehadetiyle-zayiflamayacak-sehit-nasrullah-suriyelilerin-anisinda-kalacak","status":"publish","type":"post","link":"https:\/\/archive.sana.sy\/tr\/?p=309357","title":{"rendered":"Cumhurba\u015fkan\u0131 Esad: Direni\u015f, Liderinin \u015eehadetiyle Zay\u0131flamayacak&#8230; \u015eehit Nasrullah Suriyelilerin An\u0131s\u0131nda Kalacak"},"content":{"rendered":"<p style=\"text-align: justify;\"><strong>\u015eAM (SANA)<\/strong> &#8211; Cumhurba\u015fkan\u0131 Be\u015f\u015far Esad, liderinin \u015fehit olmas\u0131yla direni\u015fin zay\u0131flamad\u0131\u011f\u0131n\u0131, \u00e7\u00fcnk\u00fc \u00fcst d\u00fczey liderlerin arkalar\u0131nda entelekt\u00fcel bir sistem ile direni\u015f ve onur konusunda pratik bir yakla\u015f\u0131m b\u0131rakt\u0131klar\u0131n\u0131 vurgulayarak, \u2018\u2019Direni\u015f bir fikir ve d\u00fc\u015f\u00fcncedir, \u015fehit Nasrullah ise onun an\u0131s\u0131 ve tarihidir\u2019\u2019 ifadelerini kulland\u0131.<\/p>\n<p style=\"text-align: justify;\">Cumhhurba\u015fkan\u0131 Esad,\u00a0 \u015eehit Nasrullah&#8217;\u0131n, ta\u015f\u0131d\u0131\u011f\u0131 \u00e7at\u0131\u015fma y\u00fck\u00fcne ra\u011fmen Siyonizmin ara\u00e7lar\u0131na kar\u015f\u0131 sava\u015f\u0131nda Suriye&#8217;nin yan\u0131nda L\u00fcbnan ulusal direni\u015finin ba\u015f\u0131nda yer almas\u0131na olan ba\u011fl\u0131l\u0131\u011f\u0131 nedeniyle Suriyelilerin an\u0131s\u0131nda kalaca\u011f\u0131n\u0131 kaydetti.<\/p>\n<p style=\"text-align: justify;\"><span style=\"color: #0000ff;\"><strong>Cumhurba\u015fkan\u0131 Esad&#8217;\u0131n L\u00fcbnan Ulusal Direni\u015fi&#8217;ne ve \u015fehit Hasan Nasrullah&#8217;\u0131n ailesine g\u00f6nderdi\u011fi taziye telgraf\u0131n\u0131n tam metni \u015f\u00f6yle:<\/strong><\/span><\/p>\n<p style=\"text-align: justify;\"><strong>L\u00fcbnan Ulusal Direni\u015fi<\/strong><\/p>\n<p style=\"text-align: justify;\"><strong>\u015eehit Hasan Nasrullah&#8217;\u0131n ailesi<\/strong><\/p>\n<p style=\"text-align: justify;\">Mektubum direni\u015f liderinin \u015fehadetinden dolay\u0131 ba\u015fsa\u011fl\u0131\u011f\u0131 dilemek de\u011fildir. Ge\u00e7ti\u011fimiz on y\u0131llar boyunca, ne kadar b\u00fcy\u00fck olursa olsun sizi her t\u00fcrl\u00fc felaketten daha g\u00fc\u00e7l\u00fc ve dayan\u0131kl\u0131 k\u0131lan dayan\u0131kl\u0131l\u0131k, kuvvet, kararl\u0131l\u0131k ve uyum g\u00f6sterdiniz. Siz ne kadar de\u011ferli ve pahal\u0131 olursa olsun, hak yolunda sadece \u0131srar ve sebat\u0131 bilecek m\u00fccadele ekol\u00fcndensiniz. Asil ve pak kan, yaln\u0131zca hakikat ve onun sebepleri u\u011fruna d\u00f6k\u00fcl\u00fcr.<\/p>\n<p style=\"text-align: justify;\">Direni\u015f, liderinin \u015fehadeti ile zay\u0131flamamakta, aksine g\u00f6n\u00fcllerde ve zihinlerde k\u00f6k salmaya devam etmektedir. \u00a0\u00c7\u00fcnk\u00fc b\u00fcy\u00fck liderler ya\u015famlar\u0131nda m\u00fccadele \u00f6\u011fretisini, yakla\u015f\u0131m\u0131n\u0131 ve yolunu in\u015fa ederler ve geride entelekt\u00fcel bir sistem, pratik bir direni\u015f ve onur yakla\u015f\u0131m\u0131 b\u0131rak\u0131rlar. \u015eans eseri gelmeyen, ders ve sonucu olan ka\u00e7\u0131n\u0131lmaz kader saatini in\u015fa ediyorlar. Bu onlar\u0131 nesilden nesile m\u00fccadelede rol model olarak aram\u0131zdaki ge\u00e7ici bir varl\u0131k olmaktan \u00e7\u0131kar\u0131p, vicdanlar\u0131m\u0131zda ve zihinlerimizde kal\u0131c\u0131 sonsuzlu\u011fa ta\u015f\u0131maktad\u0131r.<\/p>\n<p style=\"text-align: justify;\">Direni\u015f bir fikir ve d\u00fc\u015f\u00fcncedir, \u015fehit Nasrullah ise onun an\u0131s\u0131 ve tarihidir. Hi\u00e7bir zaman bir efsane olmayacak, kalbi direni\u015f, \u00f6z\u00fc gurur olan bir ger\u00e7ekli\u011fi dayatan bir hakikat \u00fcreten bir yakla\u015f\u0131m olarak kalacakt\u0131r.<\/p>\n<p style=\"text-align: justify;\">L\u00fcbnan Ulusal Direni\u015finin i\u015fgal kar\u015f\u0131s\u0131nda m\u00fccadele ve hakikat yoluna devam edece\u011finden eminiz. Filistin halk\u0131n\u0131n hakl\u0131 davas\u0131 u\u011fruna verdi\u011fi m\u00fccadelede destek veren omuz olmaya devam edecektir. \u015eehit Nasrullah, ta\u015f\u0131d\u0131\u011f\u0131 \u00e7at\u0131\u015fma y\u00fck\u00fcne ra\u011fmen, Siyonizmin ara\u00e7lar\u0131na kar\u015f\u0131 sava\u015f\u0131nda Suriye&#8217;nin yan\u0131nda L\u00fcbnan ulusal direni\u015finin ba\u015f\u0131nda yer almas\u0131yla Suriyelilerin an\u0131s\u0131nda kalacakt\u0131r. Bu vefan\u0131n temelinde \u015fehit Hasan Nasrullah&#8217;\u0131n ad\u0131 \u00f6l\u00fcms\u00fcz kalacakt\u0131r.<\/p>\n<p style=\"text-align: justify;\">29\/09\/2024<\/p>\n<p style=\"text-align: center;\"><strong>Cumhurba\u015fkan\u0131 Be\u015f\u015far Esad<\/strong><\/p>\n<p>&nbsp;<\/p>\n<p style=\"text-align: center;\"><strong><a href=\"https:\/\/t.me\/SuriyeArapHaberAjansI\">Telegram Kanal\u0131m\u0131z\u00a0<\/a><span style=\"color: #ff0000;\">||<\/span><a href=\"https:\/\/twitter.com\/arap_ajans\">X Platformumuz\u00a0<\/a><span style=\"color: #ff0000;\">||<\/span><a href=\"https:\/\/www.facebook.com\/SANAHaberAjansi\/\">Facebook Sayfam\u0131z<\/a><\/strong><\/p>\n","protected":false},"excerpt":{"rendered":"<p>\u015eAM (SANA) &#8211; Cumhurba\u015fkan\u0131 Be\u015f\u015far Esad, liderinin \u015fehit olmas\u0131yla direni\u015fin zay\u0131flamad\u0131\u011f\u0131n\u0131, \u00e7\u00fcnk\u00fc \u00fcst d\u00fczey liderlerin arkalar\u0131nda entelekt\u00fcel bir sistem ile direni\u015f ve onur konusunda pratik bir yakla\u015f\u0131m b\u0131rakt\u0131klar\u0131n\u0131 vurgulayarak, \u2018\u2019Direni\u015f bir fikir ve d\u00fc\u015f\u00fcncedir, \u015fehit Nasrullah ise onun an\u0131s\u0131 ve tarihidir\u2019\u2019 ifadelerini kulland\u0131. Cumhhurba\u015fkan\u0131 Esad,\u00a0 \u015eehit Nasrullah&#8217;\u0131n, ta\u015f\u0131d\u0131\u011f\u0131 \u00e7at\u0131\u015fma y\u00fck\u00fcne ra\u011fmen Siyonizmin ara\u00e7lar\u0131na kar\u015f\u0131 sava\u015f\u0131nda &hellip;<\/p>\n","protected":false},"author":41,"featured_media":309358,"comment_status":"closed","ping_status":"closed","sticky":false,"template":"","format":"standard","meta":{"footnotes":""},"categories":[605,613],"tags":[38219,19977,42513],"class_list":["post-309357","post","type-post","status-publish","format-standard","has-post-thumbnail","","category-sayin-cumhurbaskani","category-telgraflar","tag-cumhurbaskani-esad","tag-hasan-nasrullah","tag-suriye-ile-hizbullah"],"_links":{"self":[{"href":"https:\/\/archive.sana.sy\/tr\/index.php?rest_route=\/wp\/v2\/posts\/309357","targetHints":{"allow":["GET"]}}],"collection":[{"href":"https:\/\/archive.sana.sy\/tr\/index.php?rest_route=\/wp\/v2\/posts"}],"about":[{"href":"https:\/\/archive.sana.sy\/tr\/index.php?rest_route=\/wp\/v2\/types\/post"}],"author":[{"embeddable":true,"href":"https:\/\/archive.sana.sy\/tr\/index.php?rest_route=\/wp\/v2\/users\/41"}],"replies":[{"embeddable":true,"href":"https:\/\/archive.sana.sy\/tr\/index.php?rest_route=%2Fwp%2Fv2%2Fcomments&post=309357"}],"version-history":[{"count":1,"href":"https:\/\/archive.sana.sy\/tr\/index.php?rest_route=\/wp\/v2\/posts\/309357\/revisions"}],"predecessor-version":[{"id":309359,"href":"https:\/\/archive.sana.sy\/tr\/index.php?rest_route=\/wp\/v2\/posts\/309357\/revisions\/309359"}],"wp:featuredmedia":[{"embeddable":true,"href":"https:\/\/archive.sana.sy\/tr\/index.php?rest_route=\/wp\/v2\/media\/309358"}],"wp:attachment":[{"href":"https:\/\/archive.sana.sy\/tr\/index.php?rest_route=%2Fwp%2Fv2%2Fmedia&parent=309357"}],"wp:term":[{"taxonomy":"category","embeddable":true,"href":"https:\/\/archive.sana.sy\/tr\/index.php?rest_route=%2Fwp%2Fv2%2Fcategories&post=309357"},{"taxonomy":"post_tag","embeddable":true,"href":"https:\/\/archive.sana.sy\/tr\/index.php?rest_route=%2Fwp%2Fv2%2Ftags&post=309357"}],"curies":[{"name":"wp","href":"https:\/\/api.w.org\/{rel}","templated":true}]}}