{"id":309360,"date":"2024-09-29T17:52:18","date_gmt":"2024-09-29T14:52:18","guid":{"rendered":"https:\/\/sana.sy\/tr\/?p=309360"},"modified":"2024-09-29T17:55:35","modified_gmt":"2024-09-29T14:55:35","slug":"sabbag-bmgknun-mevcut-oturumunun-baskana-tek-tarafli-zorlayici-yaptirimlar-suriyenin-surdurulebilir-kalkinma-hedeflerine-ulasmasini-engelliyor","status":"publish","type":"post","link":"https:\/\/archive.sana.sy\/tr\/?p=309360","title":{"rendered":"Sabba\u011f, BMGK&#8217;nun Mevcut Oturumunun Ba\u015fkan\u0131na: Tek Tarafl\u0131 Zorlay\u0131c\u0131 Yapt\u0131r\u0131mlar Suriye&#8217;nin S\u00fcrd\u00fcr\u00fclebilir Kalk\u0131nma Hedeflerine Ula\u015fmas\u0131n\u0131 Engelliyor"},"content":{"rendered":"<p style=\"text-align: justify;\"><strong>NEW YORK (SANA) \u2013 <\/strong><strong>\u00a0<\/strong>D\u0131\u015fi\u015fleri ve Gurbet\u00e7iler Bakan\u0131 Bessam Sabba\u011f, Birle\u015fmi\u015f Milletler Genel Kurulunun mevcut oturumunun Ba\u015fkan\u0131 Philmon Yang ile 79. oturumunda Genel Kurul \u00e7al\u0131\u015fmalar\u0131 \u00e7er\u00e7evesinde Suriye&#8217;yi <img loading=\"lazy\" decoding=\"async\" class=\"size-full wp-image-309362 alignright\" src=\"http:\/\/sana.sy\/tr\/wp-content\/uploads\/2024\/09\/photo_2024-09-29_16-00-27-300x210-1.jpg\" alt=\"\" width=\"300\" height=\"210\" \/>ilgilendiren konular\u0131 g\u00f6r\u00fc\u015ft\u00fc.<\/p>\n<p style=\"text-align: justify;\">G\u00f6r\u00fc\u015fme s\u0131ras\u0131nda Bakan Sabba\u011f, bu uluslararas\u0131 platformu kendi g\u00fcndemlerine hizmet etmek i\u00e7in kullanmaya \u00e7al\u0131\u015fan baz\u0131 tan\u0131nm\u0131\u015f \u00fclkelerin uygulad\u0131\u011f\u0131 siyasi kutupla\u015fma \u00e7abalar\u0131yla y\u00fczle\u015fmenin \u00f6nemini vurgulayarak, Birle\u015fmi\u015f Milletler \u015eart\u0131&#8217;n\u0131n ilke ve hedefleri do\u011frultusunda \u00dcye Devletler aras\u0131nda fikir birli\u011fi ruhunun g\u00fc\u00e7lendirilmesi ihtiyac\u0131n\u0131 kaydetti.<\/p>\n<p style=\"text-align: justify;\">D\u0131\u015fi\u015fleri Bakan\u0131, uluslararas\u0131 d\u00fczeyde bug\u00fcne kadar ula\u015f\u0131lan s\u00fcrd\u00fcr\u00fclebilir kalk\u0131nma hedeflerinin asgari hedeflere ula\u015fmad\u0131\u011f\u0131n\u0131, bunun Birle\u015fmi\u015f Milletler&#8217;in yakla\u015f\u0131m ve \u00e7al\u0131\u015fma y\u00f6ntemlerinde de\u011fi\u015fiklik gerektirdi\u011fini a\u00e7\u0131klarken de, \u00a0Amerika Birle\u015fik Devletleri ve Avrupa Birli\u011fi&#8217;nin Suriye&#8217;ye uygulad\u0131\u011f\u0131 tek tarafl\u0131 zorlay\u0131c\u0131 yapt\u0131r\u0131mlar\u0131n Suriye&#8217;nin s\u00fcrd\u00fcr\u00fclebilir kalk\u0131nma hedeflerinde istenen ilerlemeyi sa\u011flamas\u0131na engel olmas\u0131 sonucunda Suriye&#8217;deki durumun \u00e7ok daha karma\u015f\u0131k oldu\u011funa i\u015faret etti.<\/p>\n<p style=\"text-align: justify;\">Bakan Sabba\u011f ayr\u0131ca, kimsenin geride kalmamas\u0131n\u0131 sa\u011flamak i\u00e7in Birle\u015fmi\u015f Milletler&#8217;in dikkatini \u00fcye devletlerin \u00f6n\u00fcndeki t\u00fcm engelleri kald\u0131rmaya odaklamas\u0131 gerekti\u011fini vurgulad\u0131.<\/p>\n<p style=\"text-align: center;\"><strong><a href=\"https:\/\/t.me\/SuriyeArapHaberAjansI\">Telegram Kanal\u0131m\u0131z\u00a0<\/a>||<a href=\"https:\/\/twitter.com\/arap_ajans\">X Platformumuz\u00a0<\/a>||<a href=\"https:\/\/www.facebook.com\/SANAHaberAjansi\/\">Facebook Sayfam\u0131z<\/a><\/strong><\/p>\n","protected":false},"excerpt":{"rendered":"<p>NEW YORK (SANA) \u2013 \u00a0D\u0131\u015fi\u015fleri ve Gurbet\u00e7iler Bakan\u0131 Bessam Sabba\u011f, Birle\u015fmi\u015f Milletler Genel Kurulunun mevcut oturumunun Ba\u015fkan\u0131 Philmon Yang ile 79. oturumunda Genel Kurul \u00e7al\u0131\u015fmalar\u0131 \u00e7er\u00e7evesinde Suriye&#8217;yi ilgilendiren konular\u0131 g\u00f6r\u00fc\u015ft\u00fc. G\u00f6r\u00fc\u015fme s\u0131ras\u0131nda Bakan Sabba\u011f, bu uluslararas\u0131 platformu kendi g\u00fcndemlerine hizmet etmek i\u00e7in kullanmaya \u00e7al\u0131\u015fan baz\u0131 tan\u0131nm\u0131\u015f \u00fclkelerin uygulad\u0131\u011f\u0131 siyasi kutupla\u015fma \u00e7abalar\u0131yla y\u00fczle\u015fmenin \u00f6nemini vurgulayarak, Birle\u015fmi\u015f &hellip;<\/p>\n","protected":false},"author":41,"featured_media":309361,"comment_status":"closed","ping_status":"closed","sticky":false,"template":"","format":"standard","meta":{"footnotes":""},"categories":[458,589,459,17988],"tags":[42514,37660],"class_list":["post-309360","post","type-post","status-publish","format-standard","has-post-thumbnail","","category-dunya1","category-haber-seridi","category-haberler-arap-uluslararasi-politika","category-son-haberler","tag-bmgknun-mevcut-oturumunun-baskana-tek-tarafli-zorlayici-yaptirimlar-suriyenin-surdurulebilir-kalkinma-hedeflerine-ulasmasini-engelliyor","tag-sabbag"],"_links":{"self":[{"href":"https:\/\/archive.sana.sy\/tr\/index.php?rest_route=\/wp\/v2\/posts\/309360","targetHints":{"allow":["GET"]}}],"collection":[{"href":"https:\/\/archive.sana.sy\/tr\/index.php?rest_route=\/wp\/v2\/posts"}],"about":[{"href":"https:\/\/archive.sana.sy\/tr\/index.php?rest_route=\/wp\/v2\/types\/post"}],"author":[{"embeddable":true,"href":"https:\/\/archive.sana.sy\/tr\/index.php?rest_route=\/wp\/v2\/users\/41"}],"replies":[{"embeddable":true,"href":"https:\/\/archive.sana.sy\/tr\/index.php?rest_route=%2Fwp%2Fv2%2Fcomments&post=309360"}],"version-history":[{"count":2,"href":"https:\/\/archive.sana.sy\/tr\/index.php?rest_route=\/wp\/v2\/posts\/309360\/revisions"}],"predecessor-version":[{"id":309364,"href":"https:\/\/archive.sana.sy\/tr\/index.php?rest_route=\/wp\/v2\/posts\/309360\/revisions\/309364"}],"wp:featuredmedia":[{"embeddable":true,"href":"https:\/\/archive.sana.sy\/tr\/index.php?rest_route=\/wp\/v2\/media\/309361"}],"wp:attachment":[{"href":"https:\/\/archive.sana.sy\/tr\/index.php?rest_route=%2Fwp%2Fv2%2Fmedia&parent=309360"}],"wp:term":[{"taxonomy":"category","embeddable":true,"href":"https:\/\/archive.sana.sy\/tr\/index.php?rest_route=%2Fwp%2Fv2%2Fcategories&post=309360"},{"taxonomy":"post_tag","embeddable":true,"href":"https:\/\/archive.sana.sy\/tr\/index.php?rest_route=%2Fwp%2Fv2%2Ftags&post=309360"}],"curies":[{"name":"wp","href":"https:\/\/api.w.org\/{rel}","templated":true}]}}