{"id":309370,"date":"2024-09-30T09:58:51","date_gmt":"2024-09-30T06:58:51","guid":{"rendered":"https:\/\/sana.sy\/tr\/?p=309370"},"modified":"2024-09-30T15:31:29","modified_gmt":"2024-09-30T12:31:29","slug":"isgalci-israilin-deyr-el-balah-ve-beyt-lahiya-bolgelerini-bombalamasi-sonucu-6-sehit-ve-cok-sayida-yarali","status":"publish","type":"post","link":"https:\/\/archive.sana.sy\/tr\/?p=309370","title":{"rendered":"\u0130\u015fgalci \u0130srail&#8217;in Deyr El Balah Ve Beyt Lahiya B\u00f6lgelerini Bombalamas\u0131 Sonucu 6 \u015eehit Ve \u00c7ok Say\u0131da Yaral\u0131"},"content":{"rendered":"<p style=\"text-align: justify;\"><strong>\u0130\u015eGAL ED\u0130LEN KUD\u00dcS (SANA)<\/strong> \u2013 \u0130\u015fgal u\u00e7aklar\u0131n\u0131n bug\u00fcn sabah saatlerinde Gazze \u015eeridi&#8217;nin Deyr El Balah ve Beyt Lahiya b\u00f6lgelerini bombalamas\u0131 sonucu 6 Filistinli \u015fehit d\u00fc\u015ft\u00fc, \u00e7ok say\u0131da ki\u015fi de yaraland\u0131.<\/p>\n<p style=\"text-align: justify;\">Filistin medyas\u0131, i\u015fgal u\u00e7aklar\u0131n\u0131n Gazze \u015eeridi&#8217;nin merkezindeki Deyir El Balah kentindeki bir evi bombalayarak d\u00f6rt Filistinlinin \u015fehit d\u00fc\u015fmesine, di\u011ferlerinin de yaralanmas\u0131na yol a\u00e7t\u0131\u011f\u0131n\u0131 bildirdi.<\/p>\n<p style=\"text-align: justify;\">\u0130srail i\u015fgal u\u00e7aklar\u0131n\u0131n, Gazze \u015eeridi&#8217;nin kuzeyindeki Beyt Lahia \u015fehrinin bat\u0131s\u0131nda yerlerinden edilen insanlar\u0131n ya\u015fad\u0131\u011f\u0131 bir okulu bombalamas\u0131 sonucu iki Filistinli de \u015fehit d\u00fc\u015ft\u00fc, di\u011ferleri de yaraland\u0131.<\/p>\n<p style=\"text-align: center;\"><strong><a href=\"https:\/\/t.me\/SuriyeArapHaberAjansI\">Telegram Kanal\u0131m\u0131z\u00a0<\/a>||<a href=\"https:\/\/twitter.com\/arap_ajans\">X Platformumuz\u00a0<\/a>||<a href=\"https:\/\/www.facebook.com\/SANAHaberAjansi\/\">Facebook Sayfam\u0131z<\/a><\/strong><\/p>\n","protected":false},"excerpt":{"rendered":"<p>\u0130\u015eGAL ED\u0130LEN KUD\u00dcS (SANA) \u2013 \u0130\u015fgal u\u00e7aklar\u0131n\u0131n bug\u00fcn sabah saatlerinde Gazze \u015eeridi&#8217;nin Deyr El Balah ve Beyt Lahiya b\u00f6lgelerini bombalamas\u0131 sonucu 6 Filistinli \u015fehit d\u00fc\u015ft\u00fc, \u00e7ok say\u0131da ki\u015fi de yaraland\u0131. Filistin medyas\u0131, i\u015fgal u\u00e7aklar\u0131n\u0131n Gazze \u015eeridi&#8217;nin merkezindeki Deyir El Balah kentindeki bir evi bombalayarak d\u00f6rt Filistinlinin \u015fehit d\u00fc\u015fmesine, di\u011ferlerinin de yaralanmas\u0131na yol a\u00e7t\u0131\u011f\u0131n\u0131 bildirdi. \u0130srail &hellip;<\/p>\n","protected":false},"author":39,"featured_media":309371,"comment_status":"closed","ping_status":"closed","sticky":false,"template":"","format":"standard","meta":{"footnotes":""},"categories":[458,589,459,17988],"tags":[],"class_list":["post-309370","post","type-post","status-publish","format-standard","has-post-thumbnail","","category-dunya1","category-haber-seridi","category-haberler-arap-uluslararasi-politika","category-son-haberler"],"_links":{"self":[{"href":"https:\/\/archive.sana.sy\/tr\/index.php?rest_route=\/wp\/v2\/posts\/309370","targetHints":{"allow":["GET"]}}],"collection":[{"href":"https:\/\/archive.sana.sy\/tr\/index.php?rest_route=\/wp\/v2\/posts"}],"about":[{"href":"https:\/\/archive.sana.sy\/tr\/index.php?rest_route=\/wp\/v2\/types\/post"}],"author":[{"embeddable":true,"href":"https:\/\/archive.sana.sy\/tr\/index.php?rest_route=\/wp\/v2\/users\/39"}],"replies":[{"embeddable":true,"href":"https:\/\/archive.sana.sy\/tr\/index.php?rest_route=%2Fwp%2Fv2%2Fcomments&post=309370"}],"version-history":[{"count":2,"href":"https:\/\/archive.sana.sy\/tr\/index.php?rest_route=\/wp\/v2\/posts\/309370\/revisions"}],"predecessor-version":[{"id":309391,"href":"https:\/\/archive.sana.sy\/tr\/index.php?rest_route=\/wp\/v2\/posts\/309370\/revisions\/309391"}],"wp:featuredmedia":[{"embeddable":true,"href":"https:\/\/archive.sana.sy\/tr\/index.php?rest_route=\/wp\/v2\/media\/309371"}],"wp:attachment":[{"href":"https:\/\/archive.sana.sy\/tr\/index.php?rest_route=%2Fwp%2Fv2%2Fmedia&parent=309370"}],"wp:term":[{"taxonomy":"category","embeddable":true,"href":"https:\/\/archive.sana.sy\/tr\/index.php?rest_route=%2Fwp%2Fv2%2Fcategories&post=309370"},{"taxonomy":"post_tag","embeddable":true,"href":"https:\/\/archive.sana.sy\/tr\/index.php?rest_route=%2Fwp%2Fv2%2Ftags&post=309370"}],"curies":[{"name":"wp","href":"https:\/\/api.w.org\/{rel}","templated":true}]}}