{"id":309373,"date":"2024-09-30T11:27:52","date_gmt":"2024-09-30T08:27:52","guid":{"rendered":"https:\/\/sana.sy\/tr\/?p=309373"},"modified":"2024-09-30T11:28:32","modified_gmt":"2024-09-30T08:28:32","slug":"israilin-lubnana-yonelik-devam-eden-saldirganligi-sonucu-sehitler-ve-yaralilar","status":"publish","type":"post","link":"https:\/\/archive.sana.sy\/tr\/?p=309373","title":{"rendered":"D\u00fc\u015fman \u0130srail&#8217;in L\u00fcbnan&#8217;a Y\u00f6nelik Devam Eden Sald\u0131rganl\u0131\u011f\u0131 Sonucu \u015eehitler Ve Yaral\u0131lar"},"content":{"rendered":"<p style=\"text-align: justify;\"><strong>BEYRUT (SANA)<\/strong> \u2013 Siyonist d\u00fc\u015fman, L\u00fcbnan&#8217;\u0131n baz\u0131 b\u00f6lgelerine y\u00f6nelik sald\u0131rganl\u0131klar\u0131n\u0131 s\u00fcrd\u00fcrerek \u00e7ok say\u0131da ki\u015finin \u015fehit d\u00fc\u015fmesine, de\u011firlerinin yaralanmas\u0131na ve evlerin b\u00fcy\u00fck oranda y\u0131k\u0131lmas\u0131na neden oldu.<\/p>\n<p style=\"text-align: justify;\">\u0130srail d\u00fc\u015fman u\u00e7aklar\u0131 bug\u00fcn \u015fafak vakti, Bekaa&#8217;n\u0131n bat\u0131s\u0131ndaki Suhmar kasabas\u0131ndaki sivil savunma merkezlerine hava sald\u0131r\u0131s\u0131 d\u00fczenleyerek 5 sivilin \u015fehit d\u00fc\u015fmesine yol a\u00e7t\u0131.<\/p>\n<p style=\"text-align: justify;\">D\u00fc\u015fman sava\u015f u\u00e7aklar\u0131n\u0131n Sayda il\u00e7esine ba\u011fl\u0131 Benaful Meydan\u0131&#8217;ndaki bir binaya gece saat 02.00&#8217;de 3 kez hava sald\u0131r\u0131s\u0131 d\u00fczenlemesi, \u015fehitlerin \u00f6l\u00fcm\u00fcne yol a\u00e7t\u0131.<\/p>\n<p style=\"text-align: justify;\">D\u00fc\u015fman\u0131n g\u00fcneydeki Haruf kasabas\u0131nda bir eve d\u00fczenledi\u011fi hava sald\u0131r\u0131s\u0131nda da ev sahibi, o\u011flu ve \u00fc\u00e7 ki\u015fi daha \u015fehit d\u00fc\u015ft\u00fc.<\/p>\n<p style=\"text-align: justify;\">\u0130srail insans\u0131z hava ara\u00e7lar\u0131 Arzon kasabas\u0131 yak\u0131nlar\u0131nda bir araca hava sald\u0131r\u0131s\u0131 d\u00fczenleyerek ve L\u00fcbnan&#8217;\u0131n do\u011fusundaki Hermel \u015fehri ve \u00e7evresinin de art arda hava sald\u0131r\u0131lara maruz kald\u0131\u011f\u0131 bildirildi.<\/p>\n<p style=\"text-align: center;\"><strong><a href=\"https:\/\/t.me\/SuriyeArapHaberAjansI\">Telegram Kanal\u0131m\u0131z\u00a0<\/a>||<a href=\"https:\/\/twitter.com\/arap_ajans\">X Platformumuz\u00a0<\/a>||<a href=\"https:\/\/www.facebook.com\/SANAHaberAjansi\/\">Facebook Sayfam\u0131z<\/a><\/strong><\/p>\n","protected":false},"excerpt":{"rendered":"<p>BEYRUT (SANA) \u2013 Siyonist d\u00fc\u015fman, L\u00fcbnan&#8217;\u0131n baz\u0131 b\u00f6lgelerine y\u00f6nelik sald\u0131rganl\u0131klar\u0131n\u0131 s\u00fcrd\u00fcrerek \u00e7ok say\u0131da ki\u015finin \u015fehit d\u00fc\u015fmesine, de\u011firlerinin yaralanmas\u0131na ve evlerin b\u00fcy\u00fck oranda y\u0131k\u0131lmas\u0131na neden oldu. \u0130srail d\u00fc\u015fman u\u00e7aklar\u0131 bug\u00fcn \u015fafak vakti, Bekaa&#8217;n\u0131n bat\u0131s\u0131ndaki Suhmar kasabas\u0131ndaki sivil savunma merkezlerine hava sald\u0131r\u0131s\u0131 d\u00fczenleyerek 5 sivilin \u015fehit d\u00fc\u015fmesine yol a\u00e7t\u0131. D\u00fc\u015fman sava\u015f u\u00e7aklar\u0131n\u0131n Sayda il\u00e7esine ba\u011fl\u0131 Benaful Meydan\u0131&#8217;ndaki &hellip;<\/p>\n","protected":false},"author":39,"featured_media":309374,"comment_status":"closed","ping_status":"closed","sticky":false,"template":"","format":"standard","meta":{"footnotes":""},"categories":[458,589,459,17988],"tags":[],"class_list":["post-309373","post","type-post","status-publish","format-standard","has-post-thumbnail","","category-dunya1","category-haber-seridi","category-haberler-arap-uluslararasi-politika","category-son-haberler"],"_links":{"self":[{"href":"https:\/\/archive.sana.sy\/tr\/index.php?rest_route=\/wp\/v2\/posts\/309373","targetHints":{"allow":["GET"]}}],"collection":[{"href":"https:\/\/archive.sana.sy\/tr\/index.php?rest_route=\/wp\/v2\/posts"}],"about":[{"href":"https:\/\/archive.sana.sy\/tr\/index.php?rest_route=\/wp\/v2\/types\/post"}],"author":[{"embeddable":true,"href":"https:\/\/archive.sana.sy\/tr\/index.php?rest_route=\/wp\/v2\/users\/39"}],"replies":[{"embeddable":true,"href":"https:\/\/archive.sana.sy\/tr\/index.php?rest_route=%2Fwp%2Fv2%2Fcomments&post=309373"}],"version-history":[{"count":2,"href":"https:\/\/archive.sana.sy\/tr\/index.php?rest_route=\/wp\/v2\/posts\/309373\/revisions"}],"predecessor-version":[{"id":309376,"href":"https:\/\/archive.sana.sy\/tr\/index.php?rest_route=\/wp\/v2\/posts\/309373\/revisions\/309376"}],"wp:featuredmedia":[{"embeddable":true,"href":"https:\/\/archive.sana.sy\/tr\/index.php?rest_route=\/wp\/v2\/media\/309374"}],"wp:attachment":[{"href":"https:\/\/archive.sana.sy\/tr\/index.php?rest_route=%2Fwp%2Fv2%2Fmedia&parent=309373"}],"wp:term":[{"taxonomy":"category","embeddable":true,"href":"https:\/\/archive.sana.sy\/tr\/index.php?rest_route=%2Fwp%2Fv2%2Fcategories&post=309373"},{"taxonomy":"post_tag","embeddable":true,"href":"https:\/\/archive.sana.sy\/tr\/index.php?rest_route=%2Fwp%2Fv2%2Ftags&post=309373"}],"curies":[{"name":"wp","href":"https:\/\/api.w.org\/{rel}","templated":true}]}}