{"id":309386,"date":"2024-09-30T14:15:20","date_gmt":"2024-09-30T11:15:20","guid":{"rendered":"https:\/\/sana.sy\/tr\/?p=309386"},"modified":"2024-09-30T15:27:36","modified_gmt":"2024-09-30T12:27:36","slug":"dusman-israilin-gazze-ve-lubnandaki-suclarina-yanit-olarak-lubnan-direnisi-isgal-edilen-safed-kentini-fuzelerle-hedef-aldi","status":"publish","type":"post","link":"https:\/\/archive.sana.sy\/tr\/?p=309386","title":{"rendered":"D\u00fc\u015fman \u0130srail&#8217;in Gazze Ve L\u00fcbnan&#8217;daki Su\u00e7lar\u0131na Yan\u0131t Olarak&#8230; L\u00fcbnan Direni\u015fi \u0130\u015fgal Edilen Safed Kentini F\u00fczelerle Hedef Ald\u0131"},"content":{"rendered":"<p style=\"text-align: justify;\"><strong>BEYRUT (SANA) \u2013<\/strong> L\u00fcbnan direni\u015fi bug\u00fcn i\u015fgal alt\u0131ndaki Safed \u015fehrini f\u00fczelerle hedef ald\u0131\u011f\u0131n\u0131 duyurdu.<\/p>\n<p style=\"text-align: justify;\">Direni\u015f yapt\u0131\u011f\u0131 a\u00e7\u0131klamada \u015funlar\u0131 s\u00f6yledi: &#8220;Gazze \u015eeridi&#8217;ndeki kararl\u0131 Filistin halk\u0131m\u0131za, onlar\u0131n cesur ve onurlu direni\u015fine destek,\u00a0 L\u00fcbnan&#8217;\u0131 ve halk\u0131n\u0131 savunma ve \u0130srail&#8217;in \u015fehirleri, k\u00f6yleri ve sivilleri barbarca sald\u0131rganl\u0131\u011f\u0131na yan\u0131t olarak, direni\u015f sava\u015f\u00e7\u0131lar\u0131 i\u015fgal alt\u0131ndaki Safed \u015fehrini f\u00fczeleriyle bombalad\u0131&#8221;.<\/p>\n<p style=\"text-align: justify;\">Direni\u015f Ayr\u0131 bir a\u00e7\u0131klamada, sava\u015f\u00e7\u0131lar\u0131n\u0131n Naura \u00fcss\u00fcndeki d\u00fc\u015fman \u0130srail&#8217;i \u201cFadi 2\u201d f\u00fczeleriyle hedef ald\u0131\u011f\u0131n\u0131 vurgulad\u0131.<\/p>\n<p style=\"text-align: center;\"><strong><a href=\"https:\/\/t.me\/SuriyeArapHaberAjansI\">Telegram Kanal\u0131m\u0131z\u00a0<\/a>||<a href=\"https:\/\/twitter.com\/arap_ajans\">X Platformumuz\u00a0<\/a>||<a href=\"https:\/\/www.facebook.com\/SANAHaberAjansi\/\">Facebook Sayfam\u0131z<\/a><\/strong><\/p>\n","protected":false},"excerpt":{"rendered":"<p>BEYRUT (SANA) \u2013 L\u00fcbnan direni\u015fi bug\u00fcn i\u015fgal alt\u0131ndaki Safed \u015fehrini f\u00fczelerle hedef ald\u0131\u011f\u0131n\u0131 duyurdu. Direni\u015f yapt\u0131\u011f\u0131 a\u00e7\u0131klamada \u015funlar\u0131 s\u00f6yledi: &#8220;Gazze \u015eeridi&#8217;ndeki kararl\u0131 Filistin halk\u0131m\u0131za, onlar\u0131n cesur ve onurlu direni\u015fine destek,\u00a0 L\u00fcbnan&#8217;\u0131 ve halk\u0131n\u0131 savunma ve \u0130srail&#8217;in \u015fehirleri, k\u00f6yleri ve sivilleri barbarca sald\u0131rganl\u0131\u011f\u0131na yan\u0131t olarak, direni\u015f sava\u015f\u00e7\u0131lar\u0131 i\u015fgal alt\u0131ndaki Safed \u015fehrini f\u00fczeleriyle bombalad\u0131&#8221;. Direni\u015f Ayr\u0131 bir &hellip;<\/p>\n","protected":false},"author":39,"featured_media":309387,"comment_status":"closed","ping_status":"closed","sticky":false,"template":"","format":"standard","meta":{"footnotes":""},"categories":[458,589,459,17988],"tags":[42518],"class_list":["post-309386","post","type-post","status-publish","format-standard","has-post-thumbnail","","category-dunya1","category-haber-seridi","category-haberler-arap-uluslararasi-politika","category-son-haberler","tag-dusman-israilin-gazze-ve-lubnandaki-suclarina-yanit-olarak-lubnan-direnisi-isgal-edilen-safed-kentini-fuzelerle-hedef-aldi"],"_links":{"self":[{"href":"https:\/\/archive.sana.sy\/tr\/index.php?rest_route=\/wp\/v2\/posts\/309386","targetHints":{"allow":["GET"]}}],"collection":[{"href":"https:\/\/archive.sana.sy\/tr\/index.php?rest_route=\/wp\/v2\/posts"}],"about":[{"href":"https:\/\/archive.sana.sy\/tr\/index.php?rest_route=\/wp\/v2\/types\/post"}],"author":[{"embeddable":true,"href":"https:\/\/archive.sana.sy\/tr\/index.php?rest_route=\/wp\/v2\/users\/39"}],"replies":[{"embeddable":true,"href":"https:\/\/archive.sana.sy\/tr\/index.php?rest_route=%2Fwp%2Fv2%2Fcomments&post=309386"}],"version-history":[{"count":3,"href":"https:\/\/archive.sana.sy\/tr\/index.php?rest_route=\/wp\/v2\/posts\/309386\/revisions"}],"predecessor-version":[{"id":309390,"href":"https:\/\/archive.sana.sy\/tr\/index.php?rest_route=\/wp\/v2\/posts\/309386\/revisions\/309390"}],"wp:featuredmedia":[{"embeddable":true,"href":"https:\/\/archive.sana.sy\/tr\/index.php?rest_route=\/wp\/v2\/media\/309387"}],"wp:attachment":[{"href":"https:\/\/archive.sana.sy\/tr\/index.php?rest_route=%2Fwp%2Fv2%2Fmedia&parent=309386"}],"wp:term":[{"taxonomy":"category","embeddable":true,"href":"https:\/\/archive.sana.sy\/tr\/index.php?rest_route=%2Fwp%2Fv2%2Fcategories&post=309386"},{"taxonomy":"post_tag","embeddable":true,"href":"https:\/\/archive.sana.sy\/tr\/index.php?rest_route=%2Fwp%2Fv2%2Ftags&post=309386"}],"curies":[{"name":"wp","href":"https:\/\/api.w.org\/{rel}","templated":true}]}}