{"id":309392,"date":"2024-09-30T15:50:46","date_gmt":"2024-09-30T12:50:46","guid":{"rendered":"https:\/\/sana.sy\/tr\/?p=309392"},"modified":"2024-09-30T15:53:29","modified_gmt":"2024-09-30T12:53:29","slug":"seyh-kasim-sehit-nasrullahin-yuruyusu-devam-ediyor-ve-direnis-gazzeyi-desteklemekten-ve-lubnani-savunmaktan-geri-durmayacak","status":"publish","type":"post","link":"https:\/\/archive.sana.sy\/tr\/?p=309392","title":{"rendered":"\u015eeyh Kas\u0131m: \u015eehit Nasrullah&#8217;\u0131n Y\u00fcr\u00fcy\u00fc\u015f\u00fc Devam Ediyor Ve Direni\u015f Gazze&#8217;yi Desteklemekten Ve L\u00fcbnan&#8217;\u0131 Savunmaktan Geri Durmayacak"},"content":{"rendered":"<p style=\"text-align: justify;\"><strong>BEYRUT (SANA)<\/strong> &#8211; Hizbullah Genel Sekreter Yard\u0131mc\u0131s\u0131 \u015eeyh Naim Kas\u0131m, partinin Genel Sekreteri \u015fehit Seyyid Hasan Nasrullah&#8217;\u0131n e\u015flik etti\u011fi ve denetledi\u011fi L\u00fcbnan direni\u015f y\u00fcr\u00fcy\u00fc\u015f\u00fcn\u00fcn devam etti\u011fini do\u011frulayarak, \u00a0\u0130srail&#8217;in L\u00fcbnan&#8217;a kar\u015f\u0131 devam eden sald\u0131rganl\u0131\u011f\u0131n\u0131n bir sonucu olarak onun \u015fehitli\u011fine ve bir dizi liderine ra\u011fmen direni\u015fin, bir Iota&#8217;y\u0131 pozisyonlar\u0131ndan tomurcuklanmayaca\u011f\u0131na ve d\u00fc\u015fmanla y\u00fczle\u015fmeye devam edece\u011fini belirtti.<\/p>\n<p style=\"text-align: justify;\">Kas\u0131m bug\u00fcnk\u00fc konu\u015fmas\u0131nda \u015funlar\u0131 s\u00f6yledi: \u2018\u2019Bir karde\u015fimizi, bir sevgilimizi, bir babam\u0131z\u0131 ve bir liderimizi, Say\u0131n Genel Sekreter Say\u0131n Seyyid Hasan Nasrullah&#8217;\u0131 kaybettik. \u00c7ocuklu\u011fundan \u015fehadet an\u0131na kadar cihad ve seferberlik sahas\u0131nda kalan bu b\u00fcy\u00fck insan\u2026 \u00d6zg\u00fcr direni\u015f sava\u015f\u00e7\u0131lar\u0131n\u0131n y\u00fcr\u00fcy\u00fc\u015f\u00fcne \u00f6nc\u00fcl\u00fck etti ve mutlak \u00f6nceli\u011fi Filistin ve Kud\u00fcs&#8217;t\u00fc\u2026 O, kitleler, \u00f6zg\u00fcrl\u00fck ve Filistin tutkunlar\u0131 ve Filistin&#8217;i Siyonistlerin i\u011fren\u00e7li\u011finden kurtarmay\u0131 ve Amerikan-Siyonist kibrinin g\u00fcc\u00fcn\u00fc k\u0131rmay\u0131 \u00fcmit eden herkes taraf\u0131ndan sevilmektedir.\u2019\u2019\u2019<\/p>\n<p style=\"text-align: justify;\">\u015eeyh Kas\u0131m ayr\u0131ca, \u2018\u2019 \u015eehit Nasrullah ve \u015fehit arkada\u015flar\u0131 en y\u00fcksek \u015ferefe, yani \u015fehitli\u011fe lay\u0131k g\u00f6r\u00fcld\u00fc. Say\u0131n Nasrullah\u2019\u0131n daima ve sonsuza kadar yan\u0131m\u0131zda olaca\u011f\u0131n\u0131 belirtiyor, kendisiyle birlikte \u015fehit olan direni\u015f\u00e7ilerin ailelerine ba\u015fsa\u011fl\u0131\u011f\u0131 diliyoruz. \u0130srailli d\u00fc\u015fman\u0131n iddia etti\u011finin aksine Seyyid Nasrullah\u2019a 20 lider e\u015flik etmiyordu. Seyyid Hasan Nasrullah\u2019a sadece direni\u015fin k\u0131demli lideri Ali Kerki, \u0130ran Devrim Muhaf\u0131zlar\u0131 lideri Abbas Nilfur\u015fan ve Nasrullah\u0131\u2019\u0131n bir ka\u00e7 yaveri e\u015flik ediyordu\u2019\u2019\u00a0 ifadelerini kulland\u0131.<\/p>\n<p style=\"text-align: justify;\">Kas\u0131m, \u0130srail d\u00fc\u015fman\u0131n\u0131n L\u00fcbnan&#8217;\u0131n her b\u00f6lgesinde masum insanlara kar\u015f\u0131 katliamlar yapt\u0131\u011f\u0131n\u0131, ABD&#8217;nin s\u0131n\u0131r tan\u0131mayan a\u00e7\u0131k askeri destek ve her t\u00fcrl\u00fc medya ve siyasi destekle buna t\u00fcm imkanlar\u0131yla kat\u0131ld\u0131\u011f\u0131na dikkat \u00e7ekerken, \u2018\u2019E\u011fer &#8220;\u0130srail&#8221; Bat\u0131&#8217;n\u0131n bu deste\u011fi ve vah\u015fi sald\u0131r\u0131lar\u0131yla hedeflerine ula\u015faca\u011f\u0131na inan\u0131yorsa bu bir yan\u0131lsamad\u0131r\u2019\u2019 dedi.<\/p>\n<p style=\"text-align: justify;\">Hizbullah Genel Sekreter Yard\u0131mc\u0131s\u0131, direni\u015fteki komuta kontrol sisteminin, Genel Sekreter&#8217;in kurdu\u011fu organize yap\u0131 sonucunda att\u0131\u011f\u0131 ad\u0131mlarla ve ayn\u0131 hassasiyetle izledi\u011fi yolu devam ettirdi\u011fini belirtirken de, direni\u015fin samimi duru\u015fundan bir zerre bile sapmayaca\u011f\u0131n\u0131, \u0130srail d\u00fc\u015fman\u0131yla y\u00fczle\u015fmeye, Gazze ve Filistin&#8217;e destek vermeye, L\u00fcbnan&#8217;\u0131 ve halk\u0131n\u0131 savunmaya, sivillere y\u00f6nelik suikast ve \u00f6ld\u00fcrmelere kar\u015f\u0131l\u0131k vermeye devam edece\u011fini vurgulad\u0131.<\/p>\n<p style=\"text-align: justify;\">D\u00fc\u015fman\u0131n Seyyid Nasrallah&#8217;a suikast d\u00fczenlemesinin ard\u0131ndan direni\u015f operasyonlar\u0131n\u0131n ayn\u0131 h\u0131zla ve daha fazla devam etti\u011fine dikkat \u00e7eken Kas\u0131m, &#8220;Lider yard\u0131mc\u0131lar\u0131n\u0131n bulundu\u011fu ve liderin herhangi bir pozisyonda yaralanmas\u0131 durumunda haz\u0131r yedek alternatiflerin bulundu\u011fu parti yap\u0131s\u0131na g\u00f6re liderli\u011fi takip ediyor ve \u00e7at\u0131\u015fmay\u0131 y\u00f6netiyoruz ..\u00a0 Ya\u015fananlardan sonra alternatifleriyle de\u011fi\u015ftirilmesi i\u00e7in gerekli \u00e7al\u0131\u015fmalar\u0131 yapt\u0131k\u2019\u2019 dedi.<\/p>\n<p style=\"text-align: justify;\">\u2018\u2019Partide onaylanm\u0131\u015f se\u00e7im mekanizmas\u0131na g\u00f6re en k\u0131sa s\u00fcrede partiye bir Genel Sekreter se\u00e7ece\u011fiz. Se\u00e7imler net oldu\u011fu i\u00e7in ve tek y\u00fcrek oldu\u011fumuz i\u00e7in kolay olacak\u2019\u2019 a\u00e7\u0131klamas\u0131nda diyen Kas\u0131m, \u201c\u0130srail\u201d ve Amerika&#8217;n\u0131n su\u00e7lar\u0131na kar\u015f\u0131 ulusal birlik sergileyen t\u00fcm L\u00fcbnanl\u0131lara te\u015fekk\u00fcr etti.<\/p>\n<p style=\"text-align: center;\"><strong><a href=\"https:\/\/t.me\/SuriyeArapHaberAjansI\">Telegram Kanal\u0131m\u0131z\u00a0<\/a>||<a href=\"https:\/\/twitter.com\/arap_ajans\">X Platformumuz\u00a0<\/a>||<a href=\"https:\/\/www.facebook.com\/SANAHaberAjansi\/\">Facebook Sayfam\u0131z<\/a><\/strong><\/p>\n","protected":false},"excerpt":{"rendered":"<p>BEYRUT (SANA) &#8211; Hizbullah Genel Sekreter Yard\u0131mc\u0131s\u0131 \u015eeyh Naim Kas\u0131m, partinin Genel Sekreteri \u015fehit Seyyid Hasan Nasrullah&#8217;\u0131n e\u015flik etti\u011fi ve denetledi\u011fi L\u00fcbnan direni\u015f y\u00fcr\u00fcy\u00fc\u015f\u00fcn\u00fcn devam etti\u011fini do\u011frulayarak, \u00a0\u0130srail&#8217;in L\u00fcbnan&#8217;a kar\u015f\u0131 devam eden sald\u0131rganl\u0131\u011f\u0131n\u0131n bir sonucu olarak onun \u015fehitli\u011fine ve bir dizi liderine ra\u011fmen direni\u015fin, bir Iota&#8217;y\u0131 pozisyonlar\u0131ndan tomurcuklanmayaca\u011f\u0131na ve d\u00fc\u015fmanla y\u00fczle\u015fmeye devam edece\u011fini belirtti. Kas\u0131m &hellip;<\/p>\n","protected":false},"author":41,"featured_media":309393,"comment_status":"closed","ping_status":"closed","sticky":false,"template":"","format":"standard","meta":{"footnotes":""},"categories":[458,589,459,17988],"tags":[42521,42522,42519,42520,40313],"class_list":["post-309392","post","type-post","status-publish","format-standard","has-post-thumbnail","","category-dunya1","category-haber-seridi","category-haberler-arap-uluslararasi-politika","category-son-haberler","tag-hizbullahin-yeni-lideri","tag-nasrullahtan-sonra-kim-gelecek","tag-seyh-kasim-sehit-nasrullahin-yuruyusu-devam-ediyor-ve-direnis-gazzeyi-desteklemekten-ve-lubnani-savunmaktan-geri-durmayacak","tag-seyh-naim-kasim","tag-telegram-kanalimiz-x-platformumuz-facebook-sayfamiz"],"_links":{"self":[{"href":"https:\/\/archive.sana.sy\/tr\/index.php?rest_route=\/wp\/v2\/posts\/309392","targetHints":{"allow":["GET"]}}],"collection":[{"href":"https:\/\/archive.sana.sy\/tr\/index.php?rest_route=\/wp\/v2\/posts"}],"about":[{"href":"https:\/\/archive.sana.sy\/tr\/index.php?rest_route=\/wp\/v2\/types\/post"}],"author":[{"embeddable":true,"href":"https:\/\/archive.sana.sy\/tr\/index.php?rest_route=\/wp\/v2\/users\/41"}],"replies":[{"embeddable":true,"href":"https:\/\/archive.sana.sy\/tr\/index.php?rest_route=%2Fwp%2Fv2%2Fcomments&post=309392"}],"version-history":[{"count":4,"href":"https:\/\/archive.sana.sy\/tr\/index.php?rest_route=\/wp\/v2\/posts\/309392\/revisions"}],"predecessor-version":[{"id":309397,"href":"https:\/\/archive.sana.sy\/tr\/index.php?rest_route=\/wp\/v2\/posts\/309392\/revisions\/309397"}],"wp:featuredmedia":[{"embeddable":true,"href":"https:\/\/archive.sana.sy\/tr\/index.php?rest_route=\/wp\/v2\/media\/309393"}],"wp:attachment":[{"href":"https:\/\/archive.sana.sy\/tr\/index.php?rest_route=%2Fwp%2Fv2%2Fmedia&parent=309392"}],"wp:term":[{"taxonomy":"category","embeddable":true,"href":"https:\/\/archive.sana.sy\/tr\/index.php?rest_route=%2Fwp%2Fv2%2Fcategories&post=309392"},{"taxonomy":"post_tag","embeddable":true,"href":"https:\/\/archive.sana.sy\/tr\/index.php?rest_route=%2Fwp%2Fv2%2Ftags&post=309392"}],"curies":[{"name":"wp","href":"https:\/\/api.w.org\/{rel}","templated":true}]}}