{"id":309398,"date":"2024-09-30T16:07:45","date_gmt":"2024-09-30T13:07:45","guid":{"rendered":"https:\/\/sana.sy\/tr\/?p=309398"},"modified":"2024-09-30T16:07:45","modified_gmt":"2024-09-30T13:07:45","slug":"sam-valisi-bir-bm-yetkilisi-ile-lubnandan-gelenlerin-ihtiyaclarini-karsilamanin-yollarini-gorustu","status":"publish","type":"post","link":"https:\/\/archive.sana.sy\/tr\/?p=309398","title":{"rendered":"\u015eam Valisi, Bir BM Yetkilisi \u0130le L\u00fcbnan&#8217;dan Gelenlerin \u0130htiya\u00e7lar\u0131n\u0131 Kar\u015f\u0131laman\u0131n Yollar\u0131n\u0131 G\u00f6r\u00fc\u015ft\u00fc"},"content":{"rendered":"<p style=\"text-align: justify;\"><strong>\u015eAM (SANA) &#8211;<\/strong>\u00a0 \u015eam Valisi Tar\u0131k Krey\u015fati ve Birle\u015fmi\u015f Milletler Suriye M\u00fclteciler Y\u00fcksek Komiserli\u011fi Ba\u015fkan\u0131 Gonzalo Gabriel Vargas Llosa taraf\u0131ndan d\u00fczenlenen g\u00f6r\u00fc\u015fmede, \u0130srail sald\u0131rganl\u0131\u011f\u0131 sonucunda \u015eam&#8217;a gelen L\u00fcbnanl\u0131lar\u0131n ihtiya\u00e7lar\u0131n\u0131n kar\u015f\u0131lanmas\u0131 i\u00e7in i\u015fbirli\u011fi ve koordinasyonu geli\u015ftirmenin yollar\u0131 masaya yat\u0131r\u0131ld\u0131.<\/p>\n<p style=\"text-align: justify;\">G\u00f6r\u00fc\u015fmede gerekli yard\u0131m ve insani ihtiya\u00e7lar, i\u015fin ger\u00e7ekli\u011fi ve valili\u011fin L\u00fcbnan&#8217;dan gelenlere malzeme ula\u015ft\u0131rmak i\u00e7in uygulad\u0131\u011f\u0131 prosed\u00fcrler masaya yat\u0131r\u0131ld\u0131 ve\u00a0 iki taraf aras\u0131ndaki i\u015f birli\u011fi ve koordinasyon mekanizmas\u0131yla ilgili bir komite kurulmas\u0131 da kararla\u015ft\u0131r\u0131ld\u0131.<\/p>\n<p style=\"text-align: justify;\">Vali Krey\u015fati, Suriye h\u00fck\u00fcmetinin L\u00fcbnanl\u0131 gurbet\u00e7ilere yard\u0131m etmek, onlar i\u00e7in gerekli ve temel gereksinimleri ve ihtiya\u00e7lar\u0131 kar\u015f\u0131lamak i\u00e7in her t\u00fcrl\u00fc \u00e7abay\u0131 g\u00f6sterdi\u011fini do\u011frularken, Suriye&#8217;ye gelenler i\u00e7in temel ve gerekli malzemelerin ve t\u0131bbi bak\u0131m\u0131n sa\u011flanmas\u0131na katk\u0131da bulunarak Komisyon&#8217;un h\u0131zl\u0131 m\u00fcdahalesini \u00f6vd\u00fc.<\/p>\n<p style=\"text-align: justify;\">\u00a0Llosa ise, Komisyon&#8217;un Suriye&#8217;ye gelen L\u00fcbnanl\u0131lar\u0131n acil ve acil ihtiya\u00e7lar\u0131n\u0131n kar\u015f\u0131lanmas\u0131 i\u00e7in \u00e7al\u0131\u015fmalar\u0131n\u0131 iki kat\u0131na \u00e7\u0131karaca\u011f\u0131n\u0131, bu konuda uluslararas\u0131 ve sivil toplum kurulu\u015flar\u0131yla ileti\u015fim kuraca\u011f\u0131n\u0131 vurgulayarak, \u00a0Suriye h\u00fck\u00fcmetine ve halk\u0131na, Suriye&#8217;ye gelen L\u00fcbnanl\u0131 sivillere ev sahipli\u011fi yapma konusundaki tutumundan dolay\u0131 te\u015fekk\u00fcr etti\u011fini ve onlar\u0131 kar\u015f\u0131lama bi\u00e7iminden etkilendi\u011fini ifade etti.<\/p>\n<p style=\"text-align: center;\"><strong><a href=\"https:\/\/t.me\/SuriyeArapHaberAjansI\">Telegram Kanal\u0131m\u0131z\u00a0<\/a>||<a href=\"https:\/\/twitter.com\/arap_ajans\">X Platformumuz\u00a0<\/a>||<a href=\"https:\/\/www.facebook.com\/SANAHaberAjansi\/\">Facebook Sayfam\u0131z<\/a><\/strong><\/p>\n","protected":false},"excerpt":{"rendered":"<p>\u015eAM (SANA) &#8211;\u00a0 \u015eam Valisi Tar\u0131k Krey\u015fati ve Birle\u015fmi\u015f Milletler Suriye M\u00fclteciler Y\u00fcksek Komiserli\u011fi Ba\u015fkan\u0131 Gonzalo Gabriel Vargas Llosa taraf\u0131ndan d\u00fczenlenen g\u00f6r\u00fc\u015fmede, \u0130srail sald\u0131rganl\u0131\u011f\u0131 sonucunda \u015eam&#8217;a gelen L\u00fcbnanl\u0131lar\u0131n ihtiya\u00e7lar\u0131n\u0131n kar\u015f\u0131lanmas\u0131 i\u00e7in i\u015fbirli\u011fi ve koordinasyonu geli\u015ftirmenin yollar\u0131 masaya yat\u0131r\u0131ld\u0131. G\u00f6r\u00fc\u015fmede gerekli yard\u0131m ve insani ihtiya\u00e7lar, i\u015fin ger\u00e7ekli\u011fi ve valili\u011fin L\u00fcbnan&#8217;dan gelenlere malzeme ula\u015ft\u0131rmak i\u00e7in uygulad\u0131\u011f\u0131 prosed\u00fcrler &hellip;<\/p>\n","protected":false},"author":41,"featured_media":309399,"comment_status":"closed","ping_status":"closed","sticky":false,"template":"","format":"standard","meta":{"footnotes":""},"categories":[458,589,459,17988],"tags":[42523,42526,42525,42524,4124],"class_list":["post-309398","post","type-post","status-publish","format-standard","has-post-thumbnail","","category-dunya1","category-haber-seridi","category-haberler-arap-uluslararasi-politika","category-son-haberler","tag-bir-bm-yetkilisi-ile-lubnandan-gelenlerin-ihtiyaclarini-karsilamanin-yollarini-gorustu","tag-israil-beyruta-saldirdi","tag-lubnanda-savas","tag-lubnandan-suriyeye-gelenler","tag-sam-valisi"],"_links":{"self":[{"href":"https:\/\/archive.sana.sy\/tr\/index.php?rest_route=\/wp\/v2\/posts\/309398","targetHints":{"allow":["GET"]}}],"collection":[{"href":"https:\/\/archive.sana.sy\/tr\/index.php?rest_route=\/wp\/v2\/posts"}],"about":[{"href":"https:\/\/archive.sana.sy\/tr\/index.php?rest_route=\/wp\/v2\/types\/post"}],"author":[{"embeddable":true,"href":"https:\/\/archive.sana.sy\/tr\/index.php?rest_route=\/wp\/v2\/users\/41"}],"replies":[{"embeddable":true,"href":"https:\/\/archive.sana.sy\/tr\/index.php?rest_route=%2Fwp%2Fv2%2Fcomments&post=309398"}],"version-history":[{"count":1,"href":"https:\/\/archive.sana.sy\/tr\/index.php?rest_route=\/wp\/v2\/posts\/309398\/revisions"}],"predecessor-version":[{"id":309400,"href":"https:\/\/archive.sana.sy\/tr\/index.php?rest_route=\/wp\/v2\/posts\/309398\/revisions\/309400"}],"wp:featuredmedia":[{"embeddable":true,"href":"https:\/\/archive.sana.sy\/tr\/index.php?rest_route=\/wp\/v2\/media\/309399"}],"wp:attachment":[{"href":"https:\/\/archive.sana.sy\/tr\/index.php?rest_route=%2Fwp%2Fv2%2Fmedia&parent=309398"}],"wp:term":[{"taxonomy":"category","embeddable":true,"href":"https:\/\/archive.sana.sy\/tr\/index.php?rest_route=%2Fwp%2Fv2%2Fcategories&post=309398"},{"taxonomy":"post_tag","embeddable":true,"href":"https:\/\/archive.sana.sy\/tr\/index.php?rest_route=%2Fwp%2Fv2%2Ftags&post=309398"}],"curies":[{"name":"wp","href":"https:\/\/api.w.org\/{rel}","templated":true}]}}