{"id":309407,"date":"2024-09-30T19:30:05","date_gmt":"2024-09-30T16:30:05","guid":{"rendered":"https:\/\/sana.sy\/tr\/?p=309407"},"modified":"2024-09-30T19:30:05","modified_gmt":"2024-09-30T16:30:05","slug":"halil-cdeydet-yabus-sinir-kapisina-gelenlerin-kabulune-iliskin-prosedurleri-denetledi","status":"publish","type":"post","link":"https:\/\/archive.sana.sy\/tr\/?p=309407","title":{"rendered":"Halil, Cdeydet Yabus S\u0131n\u0131r Kap\u0131s\u0131na Gelenlerin Kabul\u00fcne \u0130li\u015fkin Prosed\u00fcrleri Denetledi"},"content":{"rendered":"<p style=\"text-align: justify;\"><strong>\u015eAM KIRSALI (SANA) &#8211;<\/strong> Bug\u00fcn \u015eam K\u0131rsal\u0131 Valisi Ahmed Halil, \u015eam K\u0131rsal\u0131ndaki Cdeidet Yabus s\u0131n\u0131r kap\u0131s\u0131ndaki \u00e7al\u0131\u015fmalar\u0131n ilerleyi\u015fini denetledi ve karde\u015f L\u00fcbnan&#8217;dan gelenleri kabul etme mekanizmalar\u0131 ve onlara sa\u011flanan tesisler ve destek hakk\u0131nda bilgi ald\u0131.<\/p>\n<p style=\"text-align: justify;\">Gelenlerle yapt\u0131\u011f\u0131 g\u00f6r\u00fc\u015fmede Halil, \u0130srail&#8217;in L\u00fcbnan&#8217;a y\u00f6nelik sald\u0131r\u0131s\u0131n\u0131n ard\u0131ndan s\u0131n\u0131r kap\u0131s\u0131na gelenler i\u00e7in valili\u011fin ilk anlardan itibaren gerekli t\u00fcm gereksinimleri ve ihtiya\u00e7lar\u0131 kar\u015f\u0131lamak i\u00e7in \u00e7al\u0131\u015ft\u0131\u011f\u0131n\u0131 do\u011frulad\u0131.<\/p>\n<p style=\"text-align: justify;\">Vali, ge\u00e7i\u015fte bir sa\u011fl\u0131k merkezinin ge<img loading=\"lazy\" decoding=\"async\" class=\"size-full wp-image-309409 alignright\" src=\"http:\/\/sana.sy\/tr\/wp-content\/uploads\/2024\/09\/photo_2024-09-30_16-14-49-300x200-1.jpg\" alt=\"\" width=\"300\" height=\"200\" \/>rekli t\u00fcm t\u0131bbi malzeme ve ila\u00e7larla donat\u0131ld\u0131\u011f\u0131n\u0131, hastalara ve ya\u015fl\u0131lara temel sa\u011fl\u0131k bak\u0131m\u0131 ve \u00e7ocuklara a\u015f\u0131 sa\u011flamak i\u00e7in 24 saat \u00e7al\u0131\u015fan t\u0131bbi ve teknik personel sa\u011fland\u0131\u011f\u0131n\u0131 belirtti.<\/p>\n<p style=\"text-align: justify;\">Halil ayr\u0131ca, valili\u011fin bir dizi bar\u0131nd\u0131rma merkezini donatt\u0131\u011f\u0131n\u0131 ve ihtiya\u00e7 duyulmas\u0131 halinde gelenlerin kar\u015f\u0131lanmas\u0131 i\u00e7in bu merkezlere lojistik, sa\u011fl\u0131k ve hizmet malzemeleri temin edildi\u011fini a\u00e7\u0131klarken, valili\u011fin bu merkezlere hen\u00fcz herhangi bir gurbet\u00e7i kabul etmedi\u011fini, bunun yerine valilikteki evlerde ve baz\u0131 otellerde kald\u0131klar\u0131na dikkati \u00e7ekti.<\/p>\n<p style=\"text-align: justify;\">Valilik, Birle\u015fmi\u015f Milletler Suriye M\u00fclteciler Y\u00fcksek Komiserli\u011fi, Suriye&#8217;de faaliyet g\u00f6steren kurulu\u015flar ve sivil toplum kurulu\u015flar\u0131 aras\u0131nda gurbet\u00e7i ailelere hizmet vermek \u00fczere i\u015f birli\u011fi ve koordinasyonun devam etti\u011fine dikkat \u00e7eken Halil, Valili\u011fin, gelenlere ihtiya\u00e7 duyduklar\u0131 her \u015feyi sa\u011flamak ve t\u00fcm acil durumlara an\u0131nda m\u00fcdahale etmek i\u00e7in \u00e7abalar\u0131n\u0131 s\u00fcrd\u00fcrece\u011fini vurgulad\u0131.<\/p>\n<p style=\"text-align: justify;\">Vali Ahmede Halil, sa\u011fl\u0131k merkezinin t\u0131bbi ve teknik personeliyle bir araya geldi ve onlar\u0131n \u00e7abalar\u0131n\u0131, hastalar\u0131 ve ziyaret\u00e7ileri iyi kar\u015f\u0131lamalar\u0131n\u0131 ve tedavi etmelerini \u00f6verken de, gurbet\u00e7i ailelerimize ve karde\u015flerimize t\u0131bbi bak\u0131m sa\u011flaman\u0131n ve sorumluluk alman\u0131n hepimizin g\u00f6revi oldu\u011funa i\u015faret etti.<\/p>\n<div id='gallery-1' class='gallery galleryid-309407 gallery-columns-2 gallery-size-thumbnail'><figure class='gallery-item'>\n\t\t\t<div class='gallery-icon landscape'>\n\t\t\t\t<a href='https:\/\/archive.sana.sy\/tr\/?attachment_id=309410'><img loading=\"lazy\" decoding=\"async\" width=\"150\" height=\"150\" src=\"https:\/\/archive.sana.sy\/tr\/wp-content\/uploads\/2024\/09\/photo_2024-09-30_16-15-05-150x150.jpg\" class=\"attachment-thumbnail size-thumbnail\" alt=\"\" \/><\/a>\n\t\t\t<\/div><\/figure><figure class='gallery-item'>\n\t\t\t<div class='gallery-icon landscape'>\n\t\t\t\t<a href='https:\/\/archive.sana.sy\/tr\/?attachment_id=309411'><img loading=\"lazy\" decoding=\"async\" width=\"150\" height=\"150\" src=\"https:\/\/archive.sana.sy\/tr\/wp-content\/uploads\/2024\/09\/photo_2024-09-30_16-14-31-Copy-150x150.jpg\" class=\"attachment-thumbnail size-thumbnail\" alt=\"\" \/><\/a>\n\t\t\t<\/div><\/figure>\n\t\t<\/div>\n\n<p style=\"text-align: center;\"><strong><a href=\"https:\/\/t.me\/SuriyeArapHaberAjansI\">Telegram Kanal\u0131m\u0131z\u00a0<\/a>||<a href=\"https:\/\/twitter.com\/arap_ajans\">X Platformumuz\u00a0<\/a>||<a href=\"https:\/\/www.facebook.com\/SANAHaberAjansi\/\">Facebook Sayfam\u0131z<\/a><\/strong><\/p>\n","protected":false},"excerpt":{"rendered":"<p>\u015eAM KIRSALI (SANA) &#8211; Bug\u00fcn \u015eam K\u0131rsal\u0131 Valisi Ahmed Halil, \u015eam K\u0131rsal\u0131ndaki Cdeidet Yabus s\u0131n\u0131r kap\u0131s\u0131ndaki \u00e7al\u0131\u015fmalar\u0131n ilerleyi\u015fini denetledi ve karde\u015f L\u00fcbnan&#8217;dan gelenleri kabul etme mekanizmalar\u0131 ve onlara sa\u011flanan tesisler ve destek hakk\u0131nda bilgi ald\u0131. Gelenlerle yapt\u0131\u011f\u0131 g\u00f6r\u00fc\u015fmede Halil, \u0130srail&#8217;in L\u00fcbnan&#8217;a y\u00f6nelik sald\u0131r\u0131s\u0131n\u0131n ard\u0131ndan s\u0131n\u0131r kap\u0131s\u0131na gelenler i\u00e7in valili\u011fin ilk anlardan itibaren gerekli t\u00fcm gereksinimleri &hellip;<\/p>\n","protected":false},"author":41,"featured_media":309408,"comment_status":"closed","ping_status":"closed","sticky":false,"template":"","format":"standard","meta":{"footnotes":""},"categories":[458,589,459,17988],"tags":[42530,42529],"class_list":["post-309407","post","type-post","status-publish","format-standard","has-post-thumbnail","","category-dunya1","category-haber-seridi","category-haberler-arap-uluslararasi-politika","category-son-haberler","tag-cdeydet-yabus-sinir-kapisina-gelenlerin-kasrilanmasina-iliskin-prosedurleri-denetledi","tag-halil"],"_links":{"self":[{"href":"https:\/\/archive.sana.sy\/tr\/index.php?rest_route=\/wp\/v2\/posts\/309407","targetHints":{"allow":["GET"]}}],"collection":[{"href":"https:\/\/archive.sana.sy\/tr\/index.php?rest_route=\/wp\/v2\/posts"}],"about":[{"href":"https:\/\/archive.sana.sy\/tr\/index.php?rest_route=\/wp\/v2\/types\/post"}],"author":[{"embeddable":true,"href":"https:\/\/archive.sana.sy\/tr\/index.php?rest_route=\/wp\/v2\/users\/41"}],"replies":[{"embeddable":true,"href":"https:\/\/archive.sana.sy\/tr\/index.php?rest_route=%2Fwp%2Fv2%2Fcomments&post=309407"}],"version-history":[{"count":1,"href":"https:\/\/archive.sana.sy\/tr\/index.php?rest_route=\/wp\/v2\/posts\/309407\/revisions"}],"predecessor-version":[{"id":309412,"href":"https:\/\/archive.sana.sy\/tr\/index.php?rest_route=\/wp\/v2\/posts\/309407\/revisions\/309412"}],"wp:featuredmedia":[{"embeddable":true,"href":"https:\/\/archive.sana.sy\/tr\/index.php?rest_route=\/wp\/v2\/media\/309408"}],"wp:attachment":[{"href":"https:\/\/archive.sana.sy\/tr\/index.php?rest_route=%2Fwp%2Fv2%2Fmedia&parent=309407"}],"wp:term":[{"taxonomy":"category","embeddable":true,"href":"https:\/\/archive.sana.sy\/tr\/index.php?rest_route=%2Fwp%2Fv2%2Fcategories&post=309407"},{"taxonomy":"post_tag","embeddable":true,"href":"https:\/\/archive.sana.sy\/tr\/index.php?rest_route=%2Fwp%2Fv2%2Ftags&post=309407"}],"curies":[{"name":"wp","href":"https:\/\/api.w.org\/{rel}","templated":true}]}}