{"id":309413,"date":"2024-09-30T06:37:21","date_gmt":"2024-09-30T03:37:21","guid":{"rendered":"https:\/\/sana.sy\/tr\/?p=309413"},"modified":"2024-09-30T19:40:41","modified_gmt":"2024-09-30T16:40:41","slug":"yemen-gucleri-saada-valiligi-hava-sahasinda-bir-amerikan-mq9-ucagini-dusurdu","status":"publish","type":"post","link":"https:\/\/archive.sana.sy\/tr\/?p=309413","title":{"rendered":"Yemen G\u00fc\u00e7leri Saada Valili\u011fi Hava Sahas\u0131nda Bir Amerikan MQ9 U\u00e7a\u011f\u0131n\u0131 D\u00fc\u015f\u00fcrd\u00fc"},"content":{"rendered":"<p style=\"text-align: justify;\"><strong>SANAA (SANA)<\/strong> &#8211;\u00a0 Yemen hava savunmas\u0131, Saada Valili\u011fi hava sahas\u0131nda d\u00fc\u015fmanca g\u00f6revler y\u00fcr\u00fcten bir Amerikan MQ-9 u\u00e7a\u011f\u0131n\u0131 d\u00fc\u015f\u00fcrd\u00fc.<\/p>\n<p style=\"text-align: justify;\">Yemen Silahl\u0131 Kuvvetleri bug\u00fcn yapt\u0131\u011f\u0131 a\u00e7\u0131klamada \u015funlar\u0131 s\u00f6yledi: \u2018\u2019Bu u\u00e7ak, Yemen kuvvetlerinin d\u00fc\u015f\u00fcrmeyi ba\u015fard\u0131\u011f\u0131 bu tipteki on birinci u\u00e7akt\u0131r.\u2019\u2019<\/p>\n<p style=\"text-align: justify;\">Yemen g\u00fc\u00e7leri, bu cani sald\u0131r\u0131n\u0131n, Yemen halk\u0131n\u0131, silahl\u0131 kuvvetleri arac\u0131l\u0131\u011f\u0131yla, Filistin ve L\u00fcbnan halklar\u0131na kar\u015f\u0131 dini, insani ve ahlaki g\u00f6revlerini yerine getirmekten al\u0131koymayaca\u011f\u0131n\u0131 vurgulad\u0131.<\/p>\n<p style=\"text-align: center;\"><strong><a href=\"https:\/\/t.me\/SuriyeArapHaberAjansI\">Telegram Kanal\u0131m\u0131z\u00a0<\/a>||<a href=\"https:\/\/twitter.com\/arap_ajans\">X Platformumuz\u00a0<\/a>||<a href=\"https:\/\/www.facebook.com\/SANAHaberAjansi\/\">Facebook Sayfam\u0131z<\/a><\/strong><\/p>\n","protected":false},"excerpt":{"rendered":"<p>SANAA (SANA) &#8211;\u00a0 Yemen hava savunmas\u0131, Saada Valili\u011fi hava sahas\u0131nda d\u00fc\u015fmanca g\u00f6revler y\u00fcr\u00fcten bir Amerikan MQ-9 u\u00e7a\u011f\u0131n\u0131 d\u00fc\u015f\u00fcrd\u00fc. Yemen Silahl\u0131 Kuvvetleri bug\u00fcn yapt\u0131\u011f\u0131 a\u00e7\u0131klamada \u015funlar\u0131 s\u00f6yledi: \u2018\u2019Bu u\u00e7ak, Yemen kuvvetlerinin d\u00fc\u015f\u00fcrmeyi ba\u015fard\u0131\u011f\u0131 bu tipteki on birinci u\u00e7akt\u0131r.\u2019\u2019 Yemen g\u00fc\u00e7leri, bu cani sald\u0131r\u0131n\u0131n, Yemen halk\u0131n\u0131, silahl\u0131 kuvvetleri arac\u0131l\u0131\u011f\u0131yla, Filistin ve L\u00fcbnan halklar\u0131na kar\u015f\u0131 dini, insani ve &hellip;<\/p>\n","protected":false},"author":41,"featured_media":309414,"comment_status":"closed","ping_status":"closed","sticky":false,"template":"","format":"standard","meta":{"footnotes":""},"categories":[458,589,459,17988],"tags":[42531],"class_list":["post-309413","post","type-post","status-publish","format-standard","has-post-thumbnail","","category-dunya1","category-haber-seridi","category-haberler-arap-uluslararasi-politika","category-son-haberler","tag-yemen-gucleri-saada-valiligi-hava-sahasinda-bir-amerikan-mq9-ucagini-dusurdu"],"_links":{"self":[{"href":"https:\/\/archive.sana.sy\/tr\/index.php?rest_route=\/wp\/v2\/posts\/309413","targetHints":{"allow":["GET"]}}],"collection":[{"href":"https:\/\/archive.sana.sy\/tr\/index.php?rest_route=\/wp\/v2\/posts"}],"about":[{"href":"https:\/\/archive.sana.sy\/tr\/index.php?rest_route=\/wp\/v2\/types\/post"}],"author":[{"embeddable":true,"href":"https:\/\/archive.sana.sy\/tr\/index.php?rest_route=\/wp\/v2\/users\/41"}],"replies":[{"embeddable":true,"href":"https:\/\/archive.sana.sy\/tr\/index.php?rest_route=%2Fwp%2Fv2%2Fcomments&post=309413"}],"version-history":[{"count":1,"href":"https:\/\/archive.sana.sy\/tr\/index.php?rest_route=\/wp\/v2\/posts\/309413\/revisions"}],"predecessor-version":[{"id":309415,"href":"https:\/\/archive.sana.sy\/tr\/index.php?rest_route=\/wp\/v2\/posts\/309413\/revisions\/309415"}],"wp:featuredmedia":[{"embeddable":true,"href":"https:\/\/archive.sana.sy\/tr\/index.php?rest_route=\/wp\/v2\/media\/309414"}],"wp:attachment":[{"href":"https:\/\/archive.sana.sy\/tr\/index.php?rest_route=%2Fwp%2Fv2%2Fmedia&parent=309413"}],"wp:term":[{"taxonomy":"category","embeddable":true,"href":"https:\/\/archive.sana.sy\/tr\/index.php?rest_route=%2Fwp%2Fv2%2Fcategories&post=309413"},{"taxonomy":"post_tag","embeddable":true,"href":"https:\/\/archive.sana.sy\/tr\/index.php?rest_route=%2Fwp%2Fv2%2Ftags&post=309413"}],"curies":[{"name":"wp","href":"https:\/\/api.w.org\/{rel}","templated":true}]}}