{"id":309417,"date":"2024-10-01T08:17:30","date_gmt":"2024-10-01T05:17:30","guid":{"rendered":"https:\/\/sana.sy\/tr\/?p=309417"},"modified":"2024-10-02T15:42:55","modified_gmt":"2024-10-02T12:42:55","slug":"israilin-sama-yonelik-saldirganliginda-3-sivil-sehit-dustu-9-sivil-de-yaralandi","status":"publish","type":"post","link":"https:\/\/archive.sana.sy\/tr\/?p=309417","title":{"rendered":"\u0130srail&#8217;in \u015eam&#8217;a Y\u00f6nelik Sald\u0131rganl\u0131\u011f\u0131nda 3 Sivil \u015eehit d\u00fc\u015ft\u00fc, 9 Sivil De Yaraland\u0131"},"content":{"rendered":"<p style=\"text-align: justify;\"><strong>\u015eAM (SANA) &#8211;<\/strong>\u00a0 Hava savunma g\u00fc\u00e7lerimiz \u0130srail&#8217;in \u015eam kentinde \u00e7e\u015fitli noktalar\u0131 hedef alan sald\u0131rganl\u0131\u011f\u0131na kar\u015f\u0131l\u0131k verdi. Sald\u0131rganl\u0131k sonucu\u00a0 3 sivilin \u015fehit d\u00fc\u015ft\u00fc, 9 sivilin yaraland\u0131 ve ciddi maddi hasarlar meydana geldi.<\/p>\n<p style=\"text-align: justify;\">Askeri bir kaynak SANA&#8217;ya yapt\u0131\u011f\u0131 a\u00e7\u0131klamada \u015funlar\u0131 s\u00f6yledi: &#8220;Bug\u00fcn sabah saat 02.05 s\u0131ralar\u0131nda d\u00fc\u015fman \u0130srail, i\u015fgal alt\u0131ndaki Suriye Golan y\u00f6n\u00fcnden sava\u015f u\u00e7aklar\u0131 ve \u0130HA&#8217;larla \u015eam \u015fehrinin baz\u0131 noktalar\u0131n\u0131 hedef alan bir hava sald\u0131rganl\u0131\u011f\u0131 ba\u015flatt\u0131.&#8221;<\/p>\n<p style=\"text-align: justify;\">Kaynak ayr\u0131ca, &#8220;Hava savunma g\u00fc\u00e7lerimiz sald\u0131rganl\u0131\u011f\u0131n f\u00fczelerine ve insans\u0131z hava ara\u00e7lar\u0131na kar\u015f\u0131l\u0131k verdi ve \u00e7o\u011funu d\u00fc\u015f\u00fcrd\u00fc&#8221; ifadelerini kulland\u0131.<\/p>\n<p style=\"text-align: justify;\">Kaynak a\u00e7\u0131klamas\u0131n\u0131 \u015fu ifadelerle tamamlad\u0131: &#8220;Sald\u0131rganl\u0131k \u00fc\u00e7 sivilin \u015fehit d\u00fc\u015fmesine, dokuz ki\u015finin yaralanmas\u0131na ve \u00f6zel m\u00fclkte ciddi hasara yol a\u00e7t\u0131.&#8221;<\/p>\n<p style=\"text-align: center;\"><strong><a href=\"https:\/\/t.me\/SuriyeArapHaberAjansI\">Telegram Kanal\u0131m\u0131z\u00a0<\/a>||<a href=\"https:\/\/twitter.com\/arap_ajans\">X Platformumuz\u00a0<\/a>||<a href=\"https:\/\/www.facebook.com\/SANAHaberAjansi\/\">Facebook Sayfam\u0131z<\/a><\/strong><\/p>\n<div id='gallery-1' class='gallery galleryid-309417 gallery-columns-2 gallery-size-full'><figure class='gallery-item'>\n\t\t\t<div class='gallery-icon landscape'>\n\t\t\t\t<a href='https:\/\/archive.sana.sy\/tr\/wp-content\/uploads\/2024\/10\/DSC_1102-Copy-copy.jpg'><img loading=\"lazy\" decoding=\"async\" width=\"660\" height=\"390\" src=\"https:\/\/archive.sana.sy\/tr\/wp-content\/uploads\/2024\/10\/DSC_1102-Copy-copy.jpg\" class=\"attachment-full size-full\" alt=\"\" srcset=\"https:\/\/archive.sana.sy\/tr\/wp-content\/uploads\/2024\/10\/DSC_1102-Copy-copy.jpg 660w, https:\/\/archive.sana.sy\/tr\/wp-content\/uploads\/2024\/10\/DSC_1102-Copy-copy-300x177.jpg 300w\" sizes=\"auto, (max-width: 660px) 100vw, 660px\" \/><\/a>\n\t\t\t<\/div><\/figure><figure class='gallery-item'>\n\t\t\t<div class='gallery-icon landscape'>\n\t\t\t\t<a href='https:\/\/archive.sana.sy\/tr\/wp-content\/uploads\/2024\/10\/DSC_0989-Copy-copy.jpg'><img loading=\"lazy\" decoding=\"async\" width=\"660\" height=\"362\" src=\"https:\/\/archive.sana.sy\/tr\/wp-content\/uploads\/2024\/10\/DSC_0989-Copy-copy.jpg\" class=\"attachment-full size-full\" alt=\"\" srcset=\"https:\/\/archive.sana.sy\/tr\/wp-content\/uploads\/2024\/10\/DSC_0989-Copy-copy.jpg 660w, https:\/\/archive.sana.sy\/tr\/wp-content\/uploads\/2024\/10\/DSC_0989-Copy-copy-300x165.jpg 300w\" sizes=\"auto, (max-width: 660px) 100vw, 660px\" \/><\/a>\n\t\t\t<\/div><\/figure>\n\t\t<\/div>\n\n","protected":false},"excerpt":{"rendered":"<p>\u015eAM (SANA) &#8211;\u00a0 Hava savunma g\u00fc\u00e7lerimiz \u0130srail&#8217;in \u015eam kentinde \u00e7e\u015fitli noktalar\u0131 hedef alan sald\u0131rganl\u0131\u011f\u0131na kar\u015f\u0131l\u0131k verdi. Sald\u0131rganl\u0131k sonucu\u00a0 3 sivilin \u015fehit d\u00fc\u015ft\u00fc, 9 sivilin yaraland\u0131 ve ciddi maddi hasarlar meydana geldi. Askeri bir kaynak SANA&#8217;ya yapt\u0131\u011f\u0131 a\u00e7\u0131klamada \u015funlar\u0131 s\u00f6yledi: &#8220;Bug\u00fcn sabah saat 02.05 s\u0131ralar\u0131nda d\u00fc\u015fman \u0130srail, i\u015fgal alt\u0131ndaki Suriye Golan y\u00f6n\u00fcnden sava\u015f u\u00e7aklar\u0131 ve \u0130HA&#8217;larla &hellip;<\/p>\n","protected":false},"author":39,"featured_media":309418,"comment_status":"closed","ping_status":"closed","sticky":false,"template":"","format":"standard","meta":{"footnotes":""},"categories":[589,479,575,17988,478],"tags":[],"class_list":["post-309417","post","type-post","status-publish","format-standard","has-post-thumbnail","","category-haber-seridi","category-haberler-yerel","category-olaylar-ve-gercekler","category-son-haberler","category-yerel"],"_links":{"self":[{"href":"https:\/\/archive.sana.sy\/tr\/index.php?rest_route=\/wp\/v2\/posts\/309417","targetHints":{"allow":["GET"]}}],"collection":[{"href":"https:\/\/archive.sana.sy\/tr\/index.php?rest_route=\/wp\/v2\/posts"}],"about":[{"href":"https:\/\/archive.sana.sy\/tr\/index.php?rest_route=\/wp\/v2\/types\/post"}],"author":[{"embeddable":true,"href":"https:\/\/archive.sana.sy\/tr\/index.php?rest_route=\/wp\/v2\/users\/39"}],"replies":[{"embeddable":true,"href":"https:\/\/archive.sana.sy\/tr\/index.php?rest_route=%2Fwp%2Fv2%2Fcomments&post=309417"}],"version-history":[{"count":1,"href":"https:\/\/archive.sana.sy\/tr\/index.php?rest_route=\/wp\/v2\/posts\/309417\/revisions"}],"predecessor-version":[{"id":309421,"href":"https:\/\/archive.sana.sy\/tr\/index.php?rest_route=\/wp\/v2\/posts\/309417\/revisions\/309421"}],"wp:featuredmedia":[{"embeddable":true,"href":"https:\/\/archive.sana.sy\/tr\/index.php?rest_route=\/wp\/v2\/media\/309418"}],"wp:attachment":[{"href":"https:\/\/archive.sana.sy\/tr\/index.php?rest_route=%2Fwp%2Fv2%2Fmedia&parent=309417"}],"wp:term":[{"taxonomy":"category","embeddable":true,"href":"https:\/\/archive.sana.sy\/tr\/index.php?rest_route=%2Fwp%2Fv2%2Fcategories&post=309417"},{"taxonomy":"post_tag","embeddable":true,"href":"https:\/\/archive.sana.sy\/tr\/index.php?rest_route=%2Fwp%2Fv2%2Ftags&post=309417"}],"curies":[{"name":"wp","href":"https:\/\/api.w.org\/{rel}","templated":true}]}}