{"id":309422,"date":"2024-10-01T09:17:00","date_gmt":"2024-10-01T06:17:00","guid":{"rendered":"https:\/\/sana.sy\/tr\/?p=309422"},"modified":"2024-10-01T09:17:00","modified_gmt":"2024-10-01T06:17:00","slug":"suriye-baenin-sudan-buyukelcisinin-karargahinin-hedef-alinmasini-kinadigini-ifade-etti","status":"publish","type":"post","link":"https:\/\/archive.sana.sy\/tr\/?p=309422","title":{"rendered":"Suriye, BAE&#8217;nin Sudan B\u00fcy\u00fckel\u00e7isi&#8217;nin Karargah\u0131n\u0131n Hedef Al\u0131nmas\u0131n\u0131 K\u0131nad\u0131\u011f\u0131n\u0131 \u0130fade Etti"},"content":{"rendered":"<p style=\"text-align: justify;\"><strong>\u015eAM (SANA) \u2013<\/strong> Suriye, Birle\u015fik Arap Emirlikleri&#8217;nin Sudan Cumhuriyeti B\u00fcy\u00fckel\u00e7isi&#8217;nin karargah\u0131n\u0131n hedef al\u0131nmas\u0131n\u0131 k\u0131nad\u0131\u011f\u0131n\u0131 ifade ederek, diplomatik merkezler ve diplomatlar\u0131n korunmas\u0131na ili\u015fkin Viyana S\u00f6zle\u015fmesinin h\u00fck\u00fcmlerine sayg\u0131 g\u00f6sterilmesi \u00e7a\u011fr\u0131s\u0131nda bulundu.<\/p>\n<p style=\"text-align: justify;\">D\u0131\u015fi\u015fleri ve Gurbet\u00e7iler Bakanl\u0131\u011f\u0131 bug\u00fcn yapt\u0131\u011f\u0131 a\u00e7\u0131klamada, Suriye Arap Cumhuriyeti, Birle\u015fik Arap Emirlikleri&#8217;nin Sudan Cumhuriyeti B\u00fcy\u00fckel\u00e7isi&#8217;nin genel merkezinin hedef al\u0131nmas\u0131n\u0131 k\u0131nad\u0131\u011f\u0131n\u0131 ifade ederek, &#8220;t\u00fcm taraflar\u0131, diplomatlar\u0131n korunmas\u0131n\u0131, diplomatik misyon merkezlerinin kutsall\u0131\u011f\u0131na sayg\u0131 g\u00f6sterilmesini ve onlar\u0131n g\u00fcvenli\u011finin sa\u011flanmas\u0131n\u0131 vurgulayan 1961 tarihli Diplomatik \u0130li\u015fkilere \u0130li\u015fkin Viyana S\u00f6zle\u015fmesinin h\u00fck\u00fcmlerine sayg\u0131 g\u00f6stermeye \u00e7a\u011f\u0131r\u0131yoruz&#8221; ifadelerini kulland\u0131.<\/p>\n<p style=\"text-align: center;\"><strong><a href=\"https:\/\/t.me\/SuriyeArapHaberAjansI\">Telegram Kanal\u0131m\u0131z\u00a0<\/a>||<a href=\"https:\/\/twitter.com\/arap_ajans\">X Platformumuz\u00a0<\/a>||<a href=\"https:\/\/www.facebook.com\/SANAHaberAjansi\/\">Facebook Sayfam\u0131z<\/a><\/strong><\/p>\n","protected":false},"excerpt":{"rendered":"<p>\u015eAM (SANA) \u2013 Suriye, Birle\u015fik Arap Emirlikleri&#8217;nin Sudan Cumhuriyeti B\u00fcy\u00fckel\u00e7isi&#8217;nin karargah\u0131n\u0131n hedef al\u0131nmas\u0131n\u0131 k\u0131nad\u0131\u011f\u0131n\u0131 ifade ederek, diplomatik merkezler ve diplomatlar\u0131n korunmas\u0131na ili\u015fkin Viyana S\u00f6zle\u015fmesinin h\u00fck\u00fcmlerine sayg\u0131 g\u00f6sterilmesi \u00e7a\u011fr\u0131s\u0131nda bulundu. D\u0131\u015fi\u015fleri ve Gurbet\u00e7iler Bakanl\u0131\u011f\u0131 bug\u00fcn yapt\u0131\u011f\u0131 a\u00e7\u0131klamada, Suriye Arap Cumhuriyeti, Birle\u015fik Arap Emirlikleri&#8217;nin Sudan Cumhuriyeti B\u00fcy\u00fckel\u00e7isi&#8217;nin genel merkezinin hedef al\u0131nmas\u0131n\u0131 k\u0131nad\u0131\u011f\u0131n\u0131 ifade ederek, &#8220;t\u00fcm taraflar\u0131, diplomatlar\u0131n &hellip;<\/p>\n","protected":false},"author":39,"featured_media":309423,"comment_status":"closed","ping_status":"closed","sticky":false,"template":"","format":"standard","meta":{"footnotes":""},"categories":[589,479,17988,478],"tags":[],"class_list":["post-309422","post","type-post","status-publish","format-standard","has-post-thumbnail","","category-haber-seridi","category-haberler-yerel","category-son-haberler","category-yerel"],"_links":{"self":[{"href":"https:\/\/archive.sana.sy\/tr\/index.php?rest_route=\/wp\/v2\/posts\/309422","targetHints":{"allow":["GET"]}}],"collection":[{"href":"https:\/\/archive.sana.sy\/tr\/index.php?rest_route=\/wp\/v2\/posts"}],"about":[{"href":"https:\/\/archive.sana.sy\/tr\/index.php?rest_route=\/wp\/v2\/types\/post"}],"author":[{"embeddable":true,"href":"https:\/\/archive.sana.sy\/tr\/index.php?rest_route=\/wp\/v2\/users\/39"}],"replies":[{"embeddable":true,"href":"https:\/\/archive.sana.sy\/tr\/index.php?rest_route=%2Fwp%2Fv2%2Fcomments&post=309422"}],"version-history":[{"count":1,"href":"https:\/\/archive.sana.sy\/tr\/index.php?rest_route=\/wp\/v2\/posts\/309422\/revisions"}],"predecessor-version":[{"id":309424,"href":"https:\/\/archive.sana.sy\/tr\/index.php?rest_route=\/wp\/v2\/posts\/309422\/revisions\/309424"}],"wp:featuredmedia":[{"embeddable":true,"href":"https:\/\/archive.sana.sy\/tr\/index.php?rest_route=\/wp\/v2\/media\/309423"}],"wp:attachment":[{"href":"https:\/\/archive.sana.sy\/tr\/index.php?rest_route=%2Fwp%2Fv2%2Fmedia&parent=309422"}],"wp:term":[{"taxonomy":"category","embeddable":true,"href":"https:\/\/archive.sana.sy\/tr\/index.php?rest_route=%2Fwp%2Fv2%2Fcategories&post=309422"},{"taxonomy":"post_tag","embeddable":true,"href":"https:\/\/archive.sana.sy\/tr\/index.php?rest_route=%2Fwp%2Fv2%2Ftags&post=309422"}],"curies":[{"name":"wp","href":"https:\/\/api.w.org\/{rel}","templated":true}]}}