{"id":309425,"date":"2024-10-01T10:18:55","date_gmt":"2024-10-01T07:18:55","guid":{"rendered":"https:\/\/sana.sy\/tr\/?p=309425"},"modified":"2024-10-01T10:18:55","modified_gmt":"2024-10-01T07:18:55","slug":"disisleri-ve-gurbetciler-bakani-birlesmis-milletler-kalkinma-programi-icra-direktoru-ile-ortak-isbirliginin-alanlarini-gorustu","status":"publish","type":"post","link":"https:\/\/archive.sana.sy\/tr\/?p=309425","title":{"rendered":"D\u0131\u015fi\u015fleri Ve Gurbet\u00e7iler Bakan\u0131, Birle\u015fmi\u015f Milletler Kalk\u0131nma Program\u0131 \u0130cra Direkt\u00f6r\u00fc \u0130le Ortak \u0130\u015fbirli\u011finin Alanlar\u0131n\u0131 G\u00f6r\u00fc\u015ft\u00fc"},"content":{"rendered":"<p style=\"text-align: justify;\"><strong>NEW YORK (SANA) \u2013<\/strong> D\u0131\u015fi\u015fleri ve Gurbet\u00e7iler Bakan\u0131 Bassam Sabba\u011f, Birle\u015fmi\u015f Milletler Kalk\u0131nma Program\u0131 \u0130cra Direkt\u00f6r\u00fc Achim Steiner ile Suriye Arap Cumhuriyeti ile program aras\u0131ndaki mevcut i\u015fbirli\u011finin y\u00f6nlerini, \u00f6zellikle erken iyile\u015ftirme projelerinin geni\u015fletilmesi ve dayan\u0131kl\u0131l\u0131\u011f\u0131n desteklenmesi a\u00e7\u0131s\u0131ndan i\u015fbirli\u011fini geli\u015ftirmenin ve program\u0131n Suriye&#8217;deki faaliyetlerini g\u00fc\u00e7lendirmenin yollar\u0131n\u0131 g\u00f6r\u00fc\u015ft\u00fc.<\/p>\n<p style=\"text-align: justify;\">Bakan Sabba\u011f, ihtiya\u00e7lar\u0131n \u00f6nemli \u00f6l\u00e7\u00fcde artt\u0131\u011f\u0131 bir d\u00f6nemde Suriye&#8217;deki insani yard\u0131m ve kalk\u0131nma faaliyetlerine y\u00f6nelik fonlarda ciddi bir eksiklik ya\u015fand\u0131\u011f\u0131n\u0131 ve gerekli fonun sa\u011flanmas\u0131 i\u00e7in \u00e7abalar\u0131n iki kat\u0131na \u00e7\u0131kar\u0131lmas\u0131 gerekti\u011fine i\u015faret ederek, ba\u011f\u0131\u015f\u00e7\u0131lar\u0131 taahh\u00fctlerini yerine getirmeye bulundu.<\/p>\n<p style=\"text-align: justify;\">Sabba\u011f, Amerika Birle\u015fik Devletleri ve Avrupa Birli\u011fi&#8217;nin Suriye&#8217;ye uygulad\u0131\u011f\u0131 ve program\u0131n Suriye&#8217;deki y\u00fcr\u00fctt\u00fc\u011f\u00fc faaliyetler de dahil olmak \u00fczere Birle\u015fmi\u015f Milletler ve kurulu\u015flar\u0131n\u0131n faaliyetlerini b\u00fcy\u00fck \u00f6l\u00e7\u00fcde engelleyen tek tarafl\u0131 zorlay\u0131c\u0131 yapt\u0131r\u0131mlar\u0131n kald\u0131r\u0131lmas\u0131 gerekti\u011fine i\u015faret etti.<\/p>\n<p style=\"text-align: justify;\">Kendi y\u00f6n\u00fcnden Steiner, program\u0131n Suriye h\u00fck\u00fcmetiyle i\u015fbirli\u011fi ve koordinasyonu s\u00fcrd\u00fcrme ve \u00f6zellikle b\u00f6lgede ya\u015fanan mevcut ko\u015fullar \u0131\u015f\u0131\u011f\u0131nda artan ihtiya\u00e7lar\u0131 kar\u015f\u0131lamak \u00fczere Suriye&#8217;deki faaliyetlerini geli\u015ftirmek i\u00e7in m\u00fcmk\u00fcn olan her \u015feyi yapma konusundaki isteklili\u011fini vurgulad\u0131.<\/p>\n<p style=\"text-align: center;\"><strong><a href=\"https:\/\/t.me\/SuriyeArapHaberAjansI\">Telegram Kanal\u0131m\u0131z\u00a0<\/a>||<a href=\"https:\/\/twitter.com\/arap_ajans\">X Platformumuz\u00a0<\/a>||<a href=\"https:\/\/www.facebook.com\/SANAHaberAjansi\/\">Facebook Sayfam\u0131z<\/a><\/strong><\/p>\n","protected":false},"excerpt":{"rendered":"<p>NEW YORK (SANA) \u2013 D\u0131\u015fi\u015fleri ve Gurbet\u00e7iler Bakan\u0131 Bassam Sabba\u011f, Birle\u015fmi\u015f Milletler Kalk\u0131nma Program\u0131 \u0130cra Direkt\u00f6r\u00fc Achim Steiner ile Suriye Arap Cumhuriyeti ile program aras\u0131ndaki mevcut i\u015fbirli\u011finin y\u00f6nlerini, \u00f6zellikle erken iyile\u015ftirme projelerinin geni\u015fletilmesi ve dayan\u0131kl\u0131l\u0131\u011f\u0131n desteklenmesi a\u00e7\u0131s\u0131ndan i\u015fbirli\u011fini geli\u015ftirmenin ve program\u0131n Suriye&#8217;deki faaliyetlerini g\u00fc\u00e7lendirmenin yollar\u0131n\u0131 g\u00f6r\u00fc\u015ft\u00fc. Bakan Sabba\u011f, ihtiya\u00e7lar\u0131n \u00f6nemli \u00f6l\u00e7\u00fcde artt\u0131\u011f\u0131 bir d\u00f6nemde Suriye&#8217;deki &hellip;<\/p>\n","protected":false},"author":39,"featured_media":309426,"comment_status":"closed","ping_status":"closed","sticky":false,"template":"","format":"standard","meta":{"footnotes":""},"categories":[458,589,459,17988,2554],"tags":[],"class_list":["post-309425","post","type-post","status-publish","format-standard","has-post-thumbnail","","category-dunya1","category-haber-seridi","category-haberler-arap-uluslararasi-politika","category-son-haberler","category-suriye-ve-dunya"],"_links":{"self":[{"href":"https:\/\/archive.sana.sy\/tr\/index.php?rest_route=\/wp\/v2\/posts\/309425","targetHints":{"allow":["GET"]}}],"collection":[{"href":"https:\/\/archive.sana.sy\/tr\/index.php?rest_route=\/wp\/v2\/posts"}],"about":[{"href":"https:\/\/archive.sana.sy\/tr\/index.php?rest_route=\/wp\/v2\/types\/post"}],"author":[{"embeddable":true,"href":"https:\/\/archive.sana.sy\/tr\/index.php?rest_route=\/wp\/v2\/users\/39"}],"replies":[{"embeddable":true,"href":"https:\/\/archive.sana.sy\/tr\/index.php?rest_route=%2Fwp%2Fv2%2Fcomments&post=309425"}],"version-history":[{"count":1,"href":"https:\/\/archive.sana.sy\/tr\/index.php?rest_route=\/wp\/v2\/posts\/309425\/revisions"}],"predecessor-version":[{"id":309427,"href":"https:\/\/archive.sana.sy\/tr\/index.php?rest_route=\/wp\/v2\/posts\/309425\/revisions\/309427"}],"wp:featuredmedia":[{"embeddable":true,"href":"https:\/\/archive.sana.sy\/tr\/index.php?rest_route=\/wp\/v2\/media\/309426"}],"wp:attachment":[{"href":"https:\/\/archive.sana.sy\/tr\/index.php?rest_route=%2Fwp%2Fv2%2Fmedia&parent=309425"}],"wp:term":[{"taxonomy":"category","embeddable":true,"href":"https:\/\/archive.sana.sy\/tr\/index.php?rest_route=%2Fwp%2Fv2%2Fcategories&post=309425"},{"taxonomy":"post_tag","embeddable":true,"href":"https:\/\/archive.sana.sy\/tr\/index.php?rest_route=%2Fwp%2Fv2%2Ftags&post=309425"}],"curies":[{"name":"wp","href":"https:\/\/api.w.org\/{rel}","templated":true}]}}